{"id":21667,"date":"2025-04-03T22:42:35","date_gmt":"2025-04-04T01:42:35","guid":{"rendered":"https:\/\/dgospel.com.br\/portal\/?p=21667"},"modified":"2025-04-03T22:42:36","modified_gmt":"2025-04-04T01:42:36","slug":"nikolas-comemora-lideranca-nas-pesquisas-ao-governo-de-mg","status":"publish","type":"post","link":"https:\/\/dgospel.com.br\/portal\/index.php\/2025\/04\/03\/nikolas-comemora-lideranca-nas-pesquisas-ao-governo-de-mg\/","title":{"rendered":"Nikolas comemora lideran\u00e7a nas pesquisas ao governo de MG"},"content":{"rendered":"\n<p>O deputado federal Nikolas Ferreira (PL-MG) comemorou nas redes sociais, nesta quinta-feira (3), sua lideran\u00e7a nas pesquisas para o governo do estado de Minas Gerais.<\/p>\n\n\n\n<p>\u2013 Mais uma pesquisa que me coloca \u00e0 frente na pesquisa para o governo de Minas. Reflexo da confian\u00e7a em nosso trabalho. Fico muito feliz \u2013 declarou o jovem parlamentar.<\/p>\n\n\n\n<figure class=\"wp-block-image\"><img src=\"https:\/\/static.cdn.pleno.news\/2025\/04\/Nikolas-pesquisa.jpg\" alt=\"\" class=\"wp-image-1484866\"\/><\/figure>\n\n\n\n<p>Os dados divulgados por Nikolas s\u00e3o do levantamento realizado pela Paran\u00e1 Pesquisas, publicado nesta quinta-feira.<\/p>\n\n\n\n<p><strong>PESQUISA<\/strong><br>Em um dos cen\u00e1rios testados, Nikolas Ferreira aparece \u00e0 frente, com 39,4% das inten\u00e7\u00f5es de voto, praticamente o dobro de Alexandre Kalil (Republicanos) 20%. O ex-presidente do Senado, Rodrigo Pacheco (PSD) alcan\u00e7ou 15,2%, o deputado federal Reginaldo Lopes, do PT, obteve 3,6%, o deputado estadual Tadeuzinho (MDB), ficou com 2,8%, e o vice-governador de Minas, Mateus Sim\u00f5es (Novo) registrou 2,7%. Votos em branco e nulo chegam a 11,7%, enquanto 4,6% n\u00e3o souberam opinar.<\/p>\n","protected":false},"excerpt":{"rendered":"<p>O deputado federal Nikolas Ferreira (PL-MG) comemorou nas redes sociais, nesta quinta-feira (3), sua lideran\u00e7a nas pesquisas para o governo do estado de Minas Gerais. \u2013 Mais uma pesquisa que me coloca \u00e0 frente na pesquisa para o governo de Minas. Reflexo da confian\u00e7a em nosso trabalho. Fico muito feliz \u2013 declarou o jovem parlamentar. [&hellip;]<\/p>\n","protected":false},"author":2,"featured_media":21668,"comment_status":"open","ping_status":"open","sticky":false,"template":"","format":"standard","meta":[],"categories":[4],"tags":[13],"_links":{"self":[{"href":"https:\/\/dgospel.com.br\/portal\/index.php\/wp-json\/wp\/v2\/posts\/21667"}],"collection":[{"href":"https:\/\/dgospel.com.br\/portal\/index.php\/wp-json\/wp\/v2\/posts"}],"about":[{"href":"https:\/\/dgospel.com.br\/portal\/index.php\/wp-json\/wp\/v2\/types\/post"}],"author":[{"embeddable":true,"href":"https:\/\/dgospel.com.br\/portal\/index.php\/wp-json\/wp\/v2\/users\/2"}],"replies":[{"embeddable":true,"href":"https:\/\/dgospel.com.br\/portal\/index.php\/wp-json\/wp\/v2\/comments?post=21667"}],"version-history":[{"count":1,"href":"https:\/\/dgospel.com.br\/portal\/index.php\/wp-json\/wp\/v2\/posts\/21667\/revisions"}],"predecessor-version":[{"id":21669,"href":"https:\/\/dgospel.com.br\/portal\/index.php\/wp-json\/wp\/v2\/posts\/21667\/revisions\/21669"}],"wp:featuredmedia":[{"embeddable":true,"href":"https:\/\/dgospel.com.br\/portal\/index.php\/wp-json\/wp\/v2\/media\/21668"}],"wp:attachment":[{"href":"https:\/\/dgospel.com.br\/portal\/index.php\/wp-json\/wp\/v2\/media?parent=21667"}],"wp:term":[{"taxonomy":"category","embeddable":true,"href":"https:\/\/dgospel.com.br\/portal\/index.php\/wp-json\/wp\/v2\/categories?post=21667"},{"taxonomy":"post_tag","embeddable":true,"href":"https:\/\/dgospel.com.br\/portal\/index.php\/wp-json\/wp\/v2\/tags?post=21667"}],"curies":[{"name":"wp","href":"https:\/\/api.w.org\/{rel}","templated":true}]}}