{"id":21670,"date":"2025-04-03T22:46:37","date_gmt":"2025-04-04T01:46:37","guid":{"rendered":"https:\/\/dgospel.com.br\/portal\/?p=21670"},"modified":"2025-04-03T22:46:39","modified_gmt":"2025-04-04T01:46:39","slug":"a-investidores-ciro-nogueira-diz-que-lula-deu-o-que-tinha-que-dar","status":"publish","type":"post","link":"https:\/\/dgospel.com.br\/portal\/index.php\/2025\/04\/03\/a-investidores-ciro-nogueira-diz-que-lula-deu-o-que-tinha-que-dar\/","title":{"rendered":"A investidores, Ciro Nogueira diz que Lula \u201cdeu o que tinha que dar\u201d"},"content":{"rendered":"\n<p>O senador Ciro Nogueira (PP-PI) disse que a direita brasileira est\u00e1 organizada e articula\u00e7\u00f5es para que ela assuma o protagonismo nas pr\u00f3ximas elei\u00e7\u00f5es j\u00e1 come\u00e7aram no Congresso Nacional. Em encontro com investidores promovido pela Legend Invest no audit\u00f3rio do BTG Pactual, o parlamentar afirmou que \u201co eleitor est\u00e1 pronto para migrar\u201d e que \u201co governo [Lula] j\u00e1 deu o que tinha que dar\u201d.<\/p>\n\n\n\n<p>Para Nogueira, o presidente Luiz In\u00e1cio Lula da Silva (PT) perdeu a capacidade de dialogar e a conex\u00e3o com sua base eleitoral, e a resposta do Planalto a problemas econ\u00f4micos e institucionais tem sido ineficaz.<\/p>\n\n\n\n<p>\u2013 O governo reage com aumento de gasto p\u00fablico e slogans reciclados. Tudo \u00e9 \u201cnova\u201d farm\u00e1cia popular, \u201cnovo\u201d Minha Casa Minha Vida, mas ningu\u00e9m diz que tem uma nova av\u00f3. \u00c9 um governo velho \u2013 afirmou na \u00faltima segunda-feira (31).<\/p>\n\n\n\n<p>Ao falar sobre as decis\u00f5es econ\u00f4micas do governo federal, o senador comparou o atual cen\u00e1rio com o que antecedeu o impeachment da ex-presidente Dilma Rousseff (PT), e negou que existam condi\u00e7\u00f5es para o impedimento de Lula.<\/p>\n\n\n\n<p>\u2013 A Dilma foi tirada porque ela tinha 7% [de aprova\u00e7\u00e3o]. O Lula ainda tem o peso de 30 [%], n\u00e3o tem como voc\u00ea decretar o impeachment do presidente. N\u00e3o vai haver rompimento institucional, mas o Congresso vai segurar, funcionar como um dique.<\/p>\n\n\n\n<p>A conten\u00e7\u00e3o diz respeito a frear medidas de taxa\u00e7\u00e3o. Durante o evento, Ciro fez refer\u00eancia \u00e0s propostas de tributa\u00e7\u00e3o progressiva que miram faixas mais altas de renda.<\/p>\n\n\n\n<p>\u2013 \u00c9 um governo que s\u00f3 pensa em arrecadar, e o Congresso Nacional n\u00e3o pode permitir isso \u2013 explicou ao Estad\u00e3o.<\/p>\n\n\n\n<p>Nas palavras de Ciro Nogueira, a direita tem uma estrat\u00e9gia tra\u00e7ada para as elei\u00e7\u00f5es presidenciais, que, ressaltou, \u201cvai ser o candidato do Lula contra o candidato do Bolsonaro\u201d.<\/p>\n\n\n\n<p>Caso o \u201cescolhido\u201d para enfrentar o presidente nas urnas seja o governador paulista Tarc\u00edsio de Freitas (Republicanos), o senador acredita que o pleito \u201cj\u00e1 est\u00e1 ganho\u201d.<\/p>\n\n\n\n<p>\u2013 A for\u00e7a do Bolsonaro est\u00e1 na transfer\u00eancia. Ele aprendeu com os erros e vai fazer uma campanha diferente \u2013 afirmou.<\/p>\n\n\n\n<p>O senador esclareceu \u00e0 reportagem que a ideia \u00e9 \u201clutar pela candidatura at\u00e9 o fim\u201d.<\/p>\n\n\n\n<p>\u2013 Caso ele n\u00e3o possa ser candidato, ele vai escolher seu representante. O governador Tarc\u00edsio seria um \u00f3timo representante, mas tem outros nomes colocados. A defini\u00e7\u00e3o ser\u00e1 do presidente Bolsonaro \u2013 contou.<\/p>\n\n\n\n<p>At\u00e9 o momento, quando perguntado sobre outro nome vi\u00e1vel da direita para 2026, Bolsonaro tem repetido que n\u00e3o vai apontar um \u201csucessor\u201d ou apoiar outra pessoa.<\/p>\n\n\n\n<p>\u2013 S\u00f3 depois de morto \u2013 disse o pol\u00edtico conservador em uma das ocasi\u00f5es.<\/p>\n\n\n\n<p>Tarc\u00edsio, por sua vez, disse ter inten\u00e7\u00e3o de concorrer \u00e0 reelei\u00e7\u00e3o em S\u00e3o Paulo.<\/p>\n\n\n\n<p>*AE<\/p>\n","protected":false},"excerpt":{"rendered":"<p>O senador Ciro Nogueira (PP-PI) disse que a direita brasileira est\u00e1 organizada e articula\u00e7\u00f5es para que ela assuma o protagonismo nas pr\u00f3ximas elei\u00e7\u00f5es j\u00e1 come\u00e7aram no Congresso Nacional. Em encontro com investidores promovido pela Legend Invest no audit\u00f3rio do BTG Pactual, o parlamentar afirmou que \u201co eleitor est\u00e1 pronto para migrar\u201d e que \u201co governo [&hellip;]<\/p>\n","protected":false},"author":2,"featured_media":21671,"comment_status":"open","ping_status":"open","sticky":false,"template":"","format":"standard","meta":[],"categories":[4],"tags":[13],"_links":{"self":[{"href":"https:\/\/dgospel.com.br\/portal\/index.php\/wp-json\/wp\/v2\/posts\/21670"}],"collection":[{"href":"https:\/\/dgospel.com.br\/portal\/index.php\/wp-json\/wp\/v2\/posts"}],"about":[{"href":"https:\/\/dgospel.com.br\/portal\/index.php\/wp-json\/wp\/v2\/types\/post"}],"author":[{"embeddable":true,"href":"https:\/\/dgospel.com.br\/portal\/index.php\/wp-json\/wp\/v2\/users\/2"}],"replies":[{"embeddable":true,"href":"https:\/\/dgospel.com.br\/portal\/index.php\/wp-json\/wp\/v2\/comments?post=21670"}],"version-history":[{"count":1,"href":"https:\/\/dgospel.com.br\/portal\/index.php\/wp-json\/wp\/v2\/posts\/21670\/revisions"}],"predecessor-version":[{"id":21672,"href":"https:\/\/dgospel.com.br\/portal\/index.php\/wp-json\/wp\/v2\/posts\/21670\/revisions\/21672"}],"wp:featuredmedia":[{"embeddable":true,"href":"https:\/\/dgospel.com.br\/portal\/index.php\/wp-json\/wp\/v2\/media\/21671"}],"wp:attachment":[{"href":"https:\/\/dgospel.com.br\/portal\/index.php\/wp-json\/wp\/v2\/media?parent=21670"}],"wp:term":[{"taxonomy":"category","embeddable":true,"href":"https:\/\/dgospel.com.br\/portal\/index.php\/wp-json\/wp\/v2\/categories?post=21670"},{"taxonomy":"post_tag","embeddable":true,"href":"https:\/\/dgospel.com.br\/portal\/index.php\/wp-json\/wp\/v2\/tags?post=21670"}],"curies":[{"name":"wp","href":"https:\/\/api.w.org\/{rel}","templated":true}]}}