{"id":21673,"date":"2025-04-07T10:56:00","date_gmt":"2025-04-07T13:56:00","guid":{"rendered":"https:\/\/dgospel.com.br\/portal\/?p=21673"},"modified":"2025-04-07T10:56:01","modified_gmt":"2025-04-07T13:56:01","slug":"senador-eduardo-gomes-participa-de-ato-pro-anistia-de-condenados-pelo-8-1","status":"publish","type":"post","link":"https:\/\/dgospel.com.br\/portal\/index.php\/2025\/04\/07\/senador-eduardo-gomes-participa-de-ato-pro-anistia-de-condenados-pelo-8-1\/","title":{"rendered":"Senador Eduardo Gomes participa de ato pr\u00f3-anistia de condenados pelo 8\/1"},"content":{"rendered":"\n<p>O vice-presidente do Senado e presidente do PL Tocantins, senador Eduardo Gomes, participou neste domingo (6), em S\u00e3o Paulo (SP), na Avenida Paulista, de um grande ato que reuniu apoiadores do ex-presidente Jair Bolsonaro, parlamentares e lideran\u00e7as religiosas em defesa da anistia aos envolvidos nos atos do dia 8 de janeiro de 2023, em Bras\u00edlia (DF).<\/p>\n\n\n\n<p>O evento contou com a presen\u00e7a de Bolsonaro, do pastor Silas Malafaia, do deputado federal Nikolas Ferreira, al\u00e9m de governadores de pelo menos sete estados brasileiros. A manifesta\u00e7\u00e3o acontece tr\u00eas semanas ap\u00f3s outro ato semelhante no Rio de Janeiro, que tamb\u00e9m teve a participa\u00e7\u00e3o de Bolsonaro e do senador Eduardo Gomes.<\/p>\n\n\n\n<p>Durante a mobiliza\u00e7\u00e3o, apoiadores do ex-presidente fizeram cr\u00edticas ao Supremo Tribunal Federal (STF) e pediram o avan\u00e7o do projeto de lei que tramita no Congresso Nacional e prev\u00ea a concess\u00e3o de anistia a investigados e condenados nos atos. Faixas e banners exibidos durante a manifesta\u00e7\u00e3o ironizavam a pena de 14 anos aplicada \u00e0 manifestante D\u00e9bora Rodrigues dos Santos.<\/p>\n\n\n\n<p>Ao comentar sua participa\u00e7\u00e3o no evento, o senador Eduardo Gomes refor\u00e7ou a import\u00e2ncia do di\u00e1logo institucional e do papel do Congresso diante das demandas da sociedade.\u00a0<em>\u201cO Parlamento \u00e9 o espa\u00e7o natural para o debate democr\u00e1tico e a busca por solu\u00e7\u00f5es equilibradas\u201d<\/em>, afirmou.<\/p>\n\n\n\n<p>Fonte: afnoticias<\/p>\n","protected":false},"excerpt":{"rendered":"<p>O vice-presidente do Senado e presidente do PL Tocantins, senador Eduardo Gomes, participou neste domingo (6), em S\u00e3o Paulo (SP), na Avenida Paulista, de um grande ato que reuniu apoiadores do ex-presidente Jair Bolsonaro, parlamentares e lideran\u00e7as religiosas em defesa da anistia aos envolvidos nos atos do dia 8 de janeiro de 2023, em Bras\u00edlia [&hellip;]<\/p>\n","protected":false},"author":2,"featured_media":21674,"comment_status":"open","ping_status":"open","sticky":false,"template":"","format":"standard","meta":[],"categories":[4],"tags":[13],"_links":{"self":[{"href":"https:\/\/dgospel.com.br\/portal\/index.php\/wp-json\/wp\/v2\/posts\/21673"}],"collection":[{"href":"https:\/\/dgospel.com.br\/portal\/index.php\/wp-json\/wp\/v2\/posts"}],"about":[{"href":"https:\/\/dgospel.com.br\/portal\/index.php\/wp-json\/wp\/v2\/types\/post"}],"author":[{"embeddable":true,"href":"https:\/\/dgospel.com.br\/portal\/index.php\/wp-json\/wp\/v2\/users\/2"}],"replies":[{"embeddable":true,"href":"https:\/\/dgospel.com.br\/portal\/index.php\/wp-json\/wp\/v2\/comments?post=21673"}],"version-history":[{"count":1,"href":"https:\/\/dgospel.com.br\/portal\/index.php\/wp-json\/wp\/v2\/posts\/21673\/revisions"}],"predecessor-version":[{"id":21675,"href":"https:\/\/dgospel.com.br\/portal\/index.php\/wp-json\/wp\/v2\/posts\/21673\/revisions\/21675"}],"wp:featuredmedia":[{"embeddable":true,"href":"https:\/\/dgospel.com.br\/portal\/index.php\/wp-json\/wp\/v2\/media\/21674"}],"wp:attachment":[{"href":"https:\/\/dgospel.com.br\/portal\/index.php\/wp-json\/wp\/v2\/media?parent=21673"}],"wp:term":[{"taxonomy":"category","embeddable":true,"href":"https:\/\/dgospel.com.br\/portal\/index.php\/wp-json\/wp\/v2\/categories?post=21673"},{"taxonomy":"post_tag","embeddable":true,"href":"https:\/\/dgospel.com.br\/portal\/index.php\/wp-json\/wp\/v2\/tags?post=21673"}],"curies":[{"name":"wp","href":"https:\/\/api.w.org\/{rel}","templated":true}]}}