{"id":21695,"date":"2025-04-11T09:43:52","date_gmt":"2025-04-11T12:43:52","guid":{"rendered":"https:\/\/dgospel.com.br\/portal\/?p=21695"},"modified":"2025-04-11T09:43:53","modified_gmt":"2025-04-11T12:43:53","slug":"pedido-de-urgencia-para-anistia-atinge-assinaturas-necessarias","status":"publish","type":"post","link":"https:\/\/dgospel.com.br\/portal\/index.php\/2025\/04\/11\/pedido-de-urgencia-para-anistia-atinge-assinaturas-necessarias\/","title":{"rendered":"Pedido de urg\u00eancia para anistia atinge assinaturas necess\u00e1rias"},"content":{"rendered":"\n<p>O requerimento de urg\u00eancia para o projeto de lei que prop\u00f5e a anistia aos envolvidos nos atos de 8 de janeiro de 2023 atingiu, na noite desta quinta-feira (10), as 257 assinaturas necess\u00e1rias para ser apresentado na C\u00e2mara dos Deputados. O n\u00famero, por sinal, chegou a 258 apoios, um a mais que o exigido para a apresenta\u00e7\u00e3o do pedido.<\/p>\n\n\n\n<p>O an\u00fancio de que a meta foi alcan\u00e7ada foi feito pelo l\u00edder do Partido Liberal na C\u00e2mara, deputado S\u00f3stenes Cavalcante (PL-RJ), que agradeceu aos colegas que assinaram o requerimento e tamb\u00e9m aos l\u00edderes que ajudaram a atingir o total.<\/p>\n\n\n\n<p>\u2013 \u00c0s 22h22, com a assinatura do deputado federal Paulo Azi, do Uni\u00e3o Brasil da Bahia, n\u00f3s chegamos \u00e0s 257 assinaturas para o requerimento de urg\u00eancia da anistia. \u00c9 uma vit\u00f3ria do Brasil e eu quero agradecer aos 257 colegas que assinaram e eu tenho certeza que muitos outros assinar\u00e3o a partir de agora \u2013 disse.<\/p>\n\n\n\n<p>Com o n\u00famero de assinaturas tendo sido alcan\u00e7ado, o requerimento agora poder\u00e1 ser protocolado no sistema da C\u00e2mara. Para que ele seja aprovado, s\u00e3o necess\u00e1rios tamb\u00e9m o apoio de 257 parlamentares. A vota\u00e7\u00e3o da urg\u00eancia, por\u00e9m, n\u00e3o \u00e9 inclu\u00edda automaticamente na pauta e caber\u00e1 ao presidente da Casa, Hugo Motta (Republicanos-PB), decidir quando isso acontecer\u00e1.<\/p>\n\n\n\n<p>Caso o requerimento de urg\u00eancia seja efetivamente aprovado e o projeto ganhe o novo status, a proposta n\u00e3o precisar\u00e1 mais passar pelas comiss\u00f5es tem\u00e1ticas da Casa e poder\u00e1 ser analisada diretamente no Plen\u00e1rio, o que significa um enorme avan\u00e7o de tempo para a aprova\u00e7\u00e3o final da medida.<\/p>\n\n\n\n<p><a href=\"https:\/\/www.instagram.com\/reel\/DITZVZbiniI\/?utm_source=ig_embed&amp;utm_campaign=loading\">https:\/\/www.instagram.com\/reel\/DITZVZbiniI\/?utm_source=ig_embed&amp;utm_campaign=loading<\/a><\/p>\n","protected":false},"excerpt":{"rendered":"<p>O requerimento de urg\u00eancia para o projeto de lei que prop\u00f5e a anistia aos envolvidos nos atos de 8 de janeiro de 2023 atingiu, na noite desta quinta-feira (10), as 257 assinaturas necess\u00e1rias para ser apresentado na C\u00e2mara dos Deputados. O n\u00famero, por sinal, chegou a 258 apoios, um a mais que o exigido para [&hellip;]<\/p>\n","protected":false},"author":2,"featured_media":21696,"comment_status":"open","ping_status":"open","sticky":false,"template":"","format":"standard","meta":[],"categories":[4],"tags":[13],"_links":{"self":[{"href":"https:\/\/dgospel.com.br\/portal\/index.php\/wp-json\/wp\/v2\/posts\/21695"}],"collection":[{"href":"https:\/\/dgospel.com.br\/portal\/index.php\/wp-json\/wp\/v2\/posts"}],"about":[{"href":"https:\/\/dgospel.com.br\/portal\/index.php\/wp-json\/wp\/v2\/types\/post"}],"author":[{"embeddable":true,"href":"https:\/\/dgospel.com.br\/portal\/index.php\/wp-json\/wp\/v2\/users\/2"}],"replies":[{"embeddable":true,"href":"https:\/\/dgospel.com.br\/portal\/index.php\/wp-json\/wp\/v2\/comments?post=21695"}],"version-history":[{"count":1,"href":"https:\/\/dgospel.com.br\/portal\/index.php\/wp-json\/wp\/v2\/posts\/21695\/revisions"}],"predecessor-version":[{"id":21697,"href":"https:\/\/dgospel.com.br\/portal\/index.php\/wp-json\/wp\/v2\/posts\/21695\/revisions\/21697"}],"wp:featuredmedia":[{"embeddable":true,"href":"https:\/\/dgospel.com.br\/portal\/index.php\/wp-json\/wp\/v2\/media\/21696"}],"wp:attachment":[{"href":"https:\/\/dgospel.com.br\/portal\/index.php\/wp-json\/wp\/v2\/media?parent=21695"}],"wp:term":[{"taxonomy":"category","embeddable":true,"href":"https:\/\/dgospel.com.br\/portal\/index.php\/wp-json\/wp\/v2\/categories?post=21695"},{"taxonomy":"post_tag","embeddable":true,"href":"https:\/\/dgospel.com.br\/portal\/index.php\/wp-json\/wp\/v2\/tags?post=21695"}],"curies":[{"name":"wp","href":"https:\/\/api.w.org\/{rel}","templated":true}]}}