{"id":2171,"date":"2018-12-27T11:04:20","date_gmt":"2018-12-27T13:04:20","guid":{"rendered":"http:\/\/dgospel.com.br\/portal\/?p=2171"},"modified":"2018-12-27T11:04:20","modified_gmt":"2018-12-27T13:04:20","slug":"administracao-fecha-o-ano-cumprindo-acordos-firmados-com-servidores-publicos","status":"publish","type":"post","link":"https:\/\/dgospel.com.br\/portal\/index.php\/2018\/12\/27\/administracao-fecha-o-ano-cumprindo-acordos-firmados-com-servidores-publicos\/","title":{"rendered":"Administra\u00e7\u00e3o fecha o ano cumprindo acordos firmados com servidores p\u00fablicos"},"content":{"rendered":"<p>A Secretaria de Estado da Administra\u00e7\u00e3o (Secad) finaliza o ano de 2019 destacando do empenho da Gest\u00e3o do Governador Mauro Carlesse em cumprir os compromissos assumidos com as diversas categorias que oferecem o servi\u00e7o p\u00fablico ao Estado.<\/p>\n<p>Em meio a um ano de mudan\u00e7as t\u00e3o significativas o \u00f3rg\u00e3o planeja para 2019 mudan\u00e7as que se referem \u00e0 valoriza\u00e7\u00e3o do servidor e otimiza\u00e7\u00e3o da administra\u00e7\u00e3o p\u00fablica.<\/p>\n<p><strong>Progress\u00f5es e data base<\/strong><\/p>\n<p>Quanto aos compromissos honrados, a Secad manteve constante di\u00e1logo com os sindicatos representantes dos servidores. Desta maneira, cumprindo acordo com a categoria sindical, o \u00f3rg\u00e3o publicou a rela\u00e7\u00e3o de servidores aptos e inaptos \u00e0 evolu\u00e7\u00e3o funcional.<\/p>\n<p>Assim, todos os servidores que se enquadraram nos crit\u00e9rios apontados pelos Planos de Cargos, Carreiras e Remunera\u00e7\u00f5es (PCCRs) at\u00e9 a data de 31 de dezembro de 2017, em suas respectivas categorias, j\u00e1 preencheram os requisitos a progredir horizontalmente ou verticalmente.\u00a0 A lista dos aptos e inaptos contempla tamb\u00e9m servidores dos quadros da Adapec, Naturatins, Quadro Geral e Ruraltins.<\/p>\n<p>Al\u00e9m disso, o Governo realizou acordo com a categoria para o pagamento da data-base 2017 dos servidores p\u00fablicos do Poder Executivo, com \u00edndice de 3,987%.<\/p>\n<p>Esse percentual foi dividido em tr\u00eas parcelas, sendo a primeira de 1,32%, a partir da folha de pagamento de maio. A implementa\u00e7\u00e3o do restante ocorreu na folha de julho, com percentual de 1,32%, e folha de setembro com 1,27%. O reajuste da data-base 2018 foi pago na folha de novembro, sendo o percentual de 1,69%.<\/p>\n<p><strong>Plansa\u00fade tem nova administra\u00e7\u00e3o<\/strong><\/p>\n<p>Um dos gargalos da administra\u00e7\u00e3o era a d\u00edvida milion\u00e1ria com os prestadores de servi\u00e7os do Plansa\u00fade. O Governo do Tocantins quitou a d\u00edvida de R$ 111 milh\u00f5es e garantiu a continua\u00e7\u00e3o e normalidade dos atendimentos.<\/p>\n<p>A partir do encerramento do contrato com a administradora Unimed, o Governo firmou, por meio de processo licitat\u00f3rio, contrato com a empresa Infoway. Por meio dessa nova contrata\u00e7\u00e3o, a Secad deu mais um passo em busca de melhores resultados na gest\u00e3o do Plano.<\/p>\n<p>\u201cJuntamente com a equipe da Infoway definimos os indicadores. Com isso, pensamos, de fato, quais s\u00e3o as a\u00e7\u00f5es que devem ser desenvolvidas em cada \u00e1rea de atua\u00e7\u00e3o do plano, na rela\u00e7\u00e3o tanto com prestadores, tanto com os benefici\u00e1rios. Pensando juntos, vamos melhorar os resultados\u201d, avaliou a secret\u00e1rio de Administra\u00e7\u00e3o, Edson Cabral.<\/p>\n<p>Os indicadores espec\u00edficos de atendimento realizados somam mais de 184 mil atendimentos registrados. Foram mais de 70 mil usu\u00e1rios atendidos durante os tr\u00eas meses de atua\u00e7\u00e3o, com mais de 8 milh\u00f5es de consultas eletivas e de urg\u00eancia realizadas.<\/p>\n<p>Outro dado importante \u00e9 a quantidade de prestadores que se encontram ativos, s\u00e3o mais de 700 prestadores distribu\u00eddos nas cidades de Aragua\u00edna, Colinas, Palmas, Para\u00edso, Porto Nacional, Gurupi e Imperatriz (MA).<\/p>\n<p><strong>Pr\u00eamio Eudoro Pedroza<\/strong><\/p>\n<p>A cerim\u00f4nia que premiou os vencedores do 1\u00b0 Pr\u00eamio Eudoro Pedroza ocorreu no dia 29 de novembro de 2018, no audit\u00f3rio do Pal\u00e1cio Araguaia. Foram premiados os trabalhos inovadores em duas categorias: Gest\u00e3o e Pol\u00edticas P\u00fablicas. Sendo R$ 10 mil reais para o primeiro lugar, R$ 6 mil para o segundo e R$ 4 mil para o terceiro, em ambas as categorias.<\/p>\n<p>Ao todo, foram 105 projetos inscritos; destes, 74 se adequaram aos crit\u00e9rios do edital e foram avaliados por uma comiss\u00e3o interinstitucional. O pr\u00eamio \u00e9 voltado para o reconhecimento e a valoriza\u00e7\u00e3o de ideias inovadoras dos servidores p\u00fablicos estaduais que visam a moderniza\u00e7\u00e3o da gest\u00e3o p\u00fablica e do desenvolvimento social e econ\u00f4mico do Estado do Tocantins.<\/p>\n<p><strong>Capacita\u00e7\u00e3o para o servidor<\/strong><\/p>\n<p>Seguindo o vi\u00e9s da valoriza\u00e7\u00e3o do servidor, a Universidade Corporativa do Estado do Tocantins (Unicet) investiu na capacita\u00e7\u00e3o dos servidores com um cat\u00e1logo diversificado de cursos, todos ofertados via Ead. Durante o ano foram mais de dez cursos disponibilizados na plataforma.<\/p>\n<p><strong>Avalia\u00e7\u00e3o de desempenho do servidor otimizada<\/strong><\/p>\n<p>A Secad desenvolveu e j\u00e1 colocou em funcionamento o novo Sistema de Avalia\u00e7\u00e3o Peri\u00f3dica de Desempenho (Saped). O sistema \u00e9 mais um passo para total informatiza\u00e7\u00e3o da vida funcional do servidor. Ele realiza todo o processo de avalia\u00e7\u00e3o de desempenho por meio do pr\u00f3prio Portal do Servidor, sem a necessidade de impress\u00f5es, gerando economia e praticidade.<\/p>\n<p>Vale destacar que a implanta\u00e7\u00e3o do sistema come\u00e7ou a operar com o processo de avalia\u00e7\u00e3o referente ao interst\u00edcio do exerc\u00edcio de 2017 para servidores integrantes dos Quadros do Poder Executivo: Geral; Defesa Agropecu\u00e1ria; Extens\u00e3o Rural; e Defesa de An\u00e1lise, Inspe\u00e7\u00e3o e Fiscaliza\u00e7\u00e3o Ambiental.<\/p>\n<p><strong>Recadastramento dos Servidores<\/strong><\/p>\n<p>Iniciou no \u00faltimo dia, 18 e prossegue at\u00e9 o dia 31 desde m\u00eas o recadastramento dos servidores p\u00fablicos do Quadro de Pessoal do Poder Executivo do Tocantins em atividade, civis e militares. \u00a0A a\u00e7\u00e3o ocorrer\u00e1 em duas etapas, sendo a primeira virtual e a segunda de forma presencial com apresenta\u00e7\u00e3o da documenta\u00e7\u00e3o.<\/p>\n<p>De acordo com o secret\u00e1rio de Estado da Administra\u00e7\u00e3o, Edson Cabral, a medida possibilitar\u00e1 \u00e0 gest\u00e3o obter informa\u00e7\u00f5es atualizadas sobre o local de trabalho e as atividades desenvolvidas por cada servidor.<\/p>\n<p>(Com colabora\u00e7\u00e3o de Jesuino Santana Jr.\/Governo do Tocantins)<\/p>\n","protected":false},"excerpt":{"rendered":"<p>A Secretaria de Estado da Administra\u00e7\u00e3o (Secad) finaliza o ano de 2019 destacando do empenho da Gest\u00e3o do Governador Mauro Carlesse em cumprir os compromissos assumidos com as diversas categorias que oferecem o servi\u00e7o p\u00fablico ao Estado. Em meio a um ano de mudan\u00e7as t\u00e3o significativas o \u00f3rg\u00e3o planeja para 2019 mudan\u00e7as que se referem [&hellip;]<\/p>\n","protected":false},"author":2,"featured_media":2172,"comment_status":"open","ping_status":"open","sticky":false,"template":"","format":"standard","meta":[],"categories":[2,3],"tags":[],"_links":{"self":[{"href":"https:\/\/dgospel.com.br\/portal\/index.php\/wp-json\/wp\/v2\/posts\/2171"}],"collection":[{"href":"https:\/\/dgospel.com.br\/portal\/index.php\/wp-json\/wp\/v2\/posts"}],"about":[{"href":"https:\/\/dgospel.com.br\/portal\/index.php\/wp-json\/wp\/v2\/types\/post"}],"author":[{"embeddable":true,"href":"https:\/\/dgospel.com.br\/portal\/index.php\/wp-json\/wp\/v2\/users\/2"}],"replies":[{"embeddable":true,"href":"https:\/\/dgospel.com.br\/portal\/index.php\/wp-json\/wp\/v2\/comments?post=2171"}],"version-history":[{"count":1,"href":"https:\/\/dgospel.com.br\/portal\/index.php\/wp-json\/wp\/v2\/posts\/2171\/revisions"}],"predecessor-version":[{"id":2173,"href":"https:\/\/dgospel.com.br\/portal\/index.php\/wp-json\/wp\/v2\/posts\/2171\/revisions\/2173"}],"wp:featuredmedia":[{"embeddable":true,"href":"https:\/\/dgospel.com.br\/portal\/index.php\/wp-json\/wp\/v2\/media\/2172"}],"wp:attachment":[{"href":"https:\/\/dgospel.com.br\/portal\/index.php\/wp-json\/wp\/v2\/media?parent=2171"}],"wp:term":[{"taxonomy":"category","embeddable":true,"href":"https:\/\/dgospel.com.br\/portal\/index.php\/wp-json\/wp\/v2\/categories?post=2171"},{"taxonomy":"post_tag","embeddable":true,"href":"https:\/\/dgospel.com.br\/portal\/index.php\/wp-json\/wp\/v2\/tags?post=2171"}],"curies":[{"name":"wp","href":"https:\/\/api.w.org\/{rel}","templated":true}]}}