{"id":21711,"date":"2025-04-15T09:54:29","date_gmt":"2025-04-15T12:54:29","guid":{"rendered":"https:\/\/dgospel.com.br\/portal\/?p=21711"},"modified":"2025-04-15T09:54:31","modified_gmt":"2025-04-15T12:54:31","slug":"inflacao-muda-rotina-e-abala-governo-58-dos-brasileiros-reduzem-compra-de-comida","status":"publish","type":"post","link":"https:\/\/dgospel.com.br\/portal\/index.php\/2025\/04\/15\/inflacao-muda-rotina-e-abala-governo-58-dos-brasileiros-reduzem-compra-de-comida\/","title":{"rendered":"Infla\u00e7\u00e3o muda rotina e abala governo: 58% dos brasileiros reduzem compra de comida"},"content":{"rendered":"\n<p>A crise no bolso do brasileiro j\u00e1 virou rotina \u2014 e agora tamb\u00e9m virou problema pol\u00edtico direto para o governo. Segundo pesquisa Datafolha realizada entre 1\u00ba e 3 de abril,\u00a0<strong>58% dos brasileiros afirmam ter reduzido a quantidade de alimentos comprados por causa da infla\u00e7\u00e3o<\/strong>. Entre os mais pobres, o \u00edndice sobe para\u00a0<strong>67%<\/strong>. O retrato do pa\u00eds \u00e9 de aperto, ren\u00fancia e desgaste.<\/p>\n\n\n\n<p>A pesquisa entrevistou 3 mil pessoas em 172 munic\u00edpios. Os dados escancaram o que j\u00e1 se sente nos corredores dos supermercados:&nbsp;<strong>a comida est\u00e1 cara, o dinheiro encurtou, e a paci\u00eancia tamb\u00e9m.<\/strong>&nbsp;Comer fora virou luxo:&nbsp;<strong>61% dos entrevistados fazem isso com menos frequ\u00eancia.<\/strong>&nbsp;O tradicional cafezinho perdeu espa\u00e7o \u2014 metade trocou de marca por uma mais barata e&nbsp;<strong>49% reduziram o consumo.<\/strong><\/p>\n\n\n\n<p><strong>Um quarto dos brasileiros relatou ter menos comida do que o necess\u00e1rio em casa.<\/strong>&nbsp;Apenas 13% disseram ter mais do que precisam \u2014 mesmo \u00edndice registrado em mar\u00e7o do ano passado. O pa\u00eds estagnou no mapa da inseguran\u00e7a alimentar.<\/p>\n\n\n\n<p>A tentativa de escapar da infla\u00e7\u00e3o levou metade da popula\u00e7\u00e3o a cortar tamb\u00e9m o uso de&nbsp;<strong>\u00e1gua, luz e g\u00e1s.<\/strong>&nbsp;Outros&nbsp;<strong>47% correram atr\u00e1s de uma segunda fonte de renda.<\/strong>&nbsp;Mas o custo da sobreviv\u00eancia vai al\u00e9m:&nbsp;<strong>36% deixaram de comprar rem\u00e9dios, 32% atrasaram d\u00edvidas e 26% n\u00e3o conseguiram pagar contas dom\u00e9sticas.<\/strong><\/p>\n\n\n\n<p>E se o estrago no consumo \u00e9 vis\u00edvel, o impacto pol\u00edtico \u00e9 inevit\u00e1vel. O levantamento mostra que a&nbsp;<strong>maioria culpa o governo pela alta nos pre\u00e7os.<\/strong>&nbsp;Para&nbsp;<strong>54% dos entrevistados, Lula tem grande responsabilidade pela infla\u00e7\u00e3o nos alimentos.<\/strong>&nbsp;Outros 29% dividem essa culpa com o governo. S\u00f3 14% isentam o Planalto.<\/p>\n\n\n\n<p>O dado mais simb\u00f3lico:&nbsp;<strong>at\u00e9 entre os eleitores de Lula, 72% reconhecem alguma responsabilidade do governo pela situa\u00e7\u00e3o.<\/strong>&nbsp;E embora a&nbsp;<strong>aprova\u00e7\u00e3o da gest\u00e3o tenha subido de 24% para 29%<\/strong>, a&nbsp;<strong>reprova\u00e7\u00e3o segue maior, com 38%.<\/strong><\/p>\n\n\n\n<p>Medidas anunciadas pelo governo, como&nbsp;<strong>isen\u00e7\u00e3o de impostos sobre importa\u00e7\u00e3o de alguns produtos<\/strong>, ainda n\u00e3o se converteram em al\u00edvio no bolso. Nas g\u00f4ndolas, os pre\u00e7os continuam elevados. E a percep\u00e7\u00e3o de que \u201cn\u00e3o est\u00e1 funcionando\u201d cresce.<\/p>\n\n\n\n<p>A percep\u00e7\u00e3o sobre as causas da infla\u00e7\u00e3o \u00e9 dividida, mas o&nbsp;<strong>governo federal lidera o ranking de culpados<\/strong>, seguido por&nbsp;<strong>produtores rurais<\/strong>, a&nbsp;<strong>crise clim\u00e1tica<\/strong>,&nbsp;<strong>conflitos internacionais<\/strong>&nbsp;e at\u00e9 a&nbsp;<strong>crise americana.<\/strong>&nbsp;Na faixa de at\u00e9 dois sal\u00e1rios m\u00ednimos,&nbsp;<strong>55% culpam o Planalto e 54% responsabilizam os produtores.<\/strong>&nbsp;J\u00e1 entre os mais ricos, os percentuais caem para 41% e 36%.<\/p>\n\n\n\n<p>O vi\u00e9s pol\u00edtico \u00e9 evidente:&nbsp;<strong>entre eleitores de Zema e Tarc\u00edsio, 78% e 77%, respectivamente, jogam a culpa em Lula.<\/strong>&nbsp;J\u00e1 os lulistas distribuem o peso entre&nbsp;<strong>produtores (57%)<\/strong>&nbsp;e a&nbsp;<strong>instabilidade global (55%).<\/strong><\/p>\n\n\n\n<p>O Instituto Brasileiro de Geografia e Estat\u00edstica (IBGE) ratificou a percep\u00e7\u00e3o popular:&nbsp;<strong>a infla\u00e7\u00e3o acumulada em 12 meses at\u00e9 mar\u00e7o chegou a 5,48%.<\/strong>&nbsp;S\u00f3 em mar\u00e7o, o \u00edndice foi de&nbsp;<strong>0,56%<\/strong>, puxado principalmente pelos alimentos. Entre os maiores vil\u00f5es:&nbsp;<strong>tomate (22,55%), ovos (13,13%) e caf\u00e9 mo\u00eddo (8,14%).<\/strong>&nbsp;Nos \u00faltimos 12 meses, os aumentos acumulados foram de&nbsp;<strong>0,13% (tomate)<\/strong>,&nbsp;<strong>19,52% (ovos)<\/strong>&nbsp;e&nbsp;<strong>77,78% (caf\u00e9).<\/strong><\/p>\n\n\n\n<p>As causas variam:&nbsp;<strong>volta \u00e0s aulas<\/strong>,&nbsp;<strong>gripe avi\u00e1ria nos EUA<\/strong>,&nbsp;<strong>ondas de calor extremo<\/strong>,&nbsp;<strong>problemas na safra.<\/strong>&nbsp;Mas o efeito \u00e9 o mesmo: menos comida no prato e mais press\u00e3o sobre o governo.<\/p>\n\n\n\n<p>A percep\u00e7\u00e3o da economia tamb\u00e9m azedou. Para&nbsp;<strong>55% dos brasileiros, a situa\u00e7\u00e3o econ\u00f4mica piorou<\/strong>&nbsp;\u2014 em dezembro, esse n\u00famero era 45%. Pela primeira vez desde o in\u00edcio do terceiro mandato de Lula,&nbsp;<strong>a maioria enxerga piora no cen\u00e1rio econ\u00f4mico.<\/strong><\/p>\n\n\n\n<p>O Datafolha mostra que a infla\u00e7\u00e3o j\u00e1 deixou de ser um gr\u00e1fico t\u00e9cnico para se tornar um&nbsp;<strong>catalisador de descontentamento popular.<\/strong>&nbsp;E o Planalto, por enquanto, n\u00e3o encontrou o ant\u00eddoto.<\/p>\n","protected":false},"excerpt":{"rendered":"<p>A crise no bolso do brasileiro j\u00e1 virou rotina \u2014 e agora tamb\u00e9m virou problema pol\u00edtico direto para o governo. Segundo pesquisa Datafolha realizada entre 1\u00ba e 3 de abril,\u00a058% dos brasileiros afirmam ter reduzido a quantidade de alimentos comprados por causa da infla\u00e7\u00e3o. Entre os mais pobres, o \u00edndice sobe para\u00a067%. O retrato do [&hellip;]<\/p>\n","protected":false},"author":2,"featured_media":21712,"comment_status":"open","ping_status":"open","sticky":false,"template":"","format":"standard","meta":[],"categories":[4],"tags":[13],"_links":{"self":[{"href":"https:\/\/dgospel.com.br\/portal\/index.php\/wp-json\/wp\/v2\/posts\/21711"}],"collection":[{"href":"https:\/\/dgospel.com.br\/portal\/index.php\/wp-json\/wp\/v2\/posts"}],"about":[{"href":"https:\/\/dgospel.com.br\/portal\/index.php\/wp-json\/wp\/v2\/types\/post"}],"author":[{"embeddable":true,"href":"https:\/\/dgospel.com.br\/portal\/index.php\/wp-json\/wp\/v2\/users\/2"}],"replies":[{"embeddable":true,"href":"https:\/\/dgospel.com.br\/portal\/index.php\/wp-json\/wp\/v2\/comments?post=21711"}],"version-history":[{"count":1,"href":"https:\/\/dgospel.com.br\/portal\/index.php\/wp-json\/wp\/v2\/posts\/21711\/revisions"}],"predecessor-version":[{"id":21713,"href":"https:\/\/dgospel.com.br\/portal\/index.php\/wp-json\/wp\/v2\/posts\/21711\/revisions\/21713"}],"wp:featuredmedia":[{"embeddable":true,"href":"https:\/\/dgospel.com.br\/portal\/index.php\/wp-json\/wp\/v2\/media\/21712"}],"wp:attachment":[{"href":"https:\/\/dgospel.com.br\/portal\/index.php\/wp-json\/wp\/v2\/media?parent=21711"}],"wp:term":[{"taxonomy":"category","embeddable":true,"href":"https:\/\/dgospel.com.br\/portal\/index.php\/wp-json\/wp\/v2\/categories?post=21711"},{"taxonomy":"post_tag","embeddable":true,"href":"https:\/\/dgospel.com.br\/portal\/index.php\/wp-json\/wp\/v2\/tags?post=21711"}],"curies":[{"name":"wp","href":"https:\/\/api.w.org\/{rel}","templated":true}]}}