{"id":21714,"date":"2025-04-15T09:57:10","date_gmt":"2025-04-15T12:57:10","guid":{"rendered":"https:\/\/dgospel.com.br\/portal\/?p=21714"},"modified":"2025-04-15T09:57:11","modified_gmt":"2025-04-15T12:57:11","slug":"hungria-proibe-eventos-lgbt-e-agora-reconhece-so-dois-generos","status":"publish","type":"post","link":"https:\/\/dgospel.com.br\/portal\/index.php\/2025\/04\/15\/hungria-proibe-eventos-lgbt-e-agora-reconhece-so-dois-generos\/","title":{"rendered":"Hungria pro\u00edbe eventos LGBT e agora reconhece s\u00f3 dois g\u00eaneros"},"content":{"rendered":"\n<p>O Parlamento da&nbsp;<a href=\"https:\/\/pleno.news\/tag\/hungria\" target=\"_blank\" rel=\"noreferrer noopener\">Hungria<\/a>&nbsp;aprovou nesta segunda-feira (14) uma reforma na Constitui\u00e7\u00e3o que restringe a atua\u00e7\u00e3o de grupos&nbsp;<a href=\"https:\/\/pleno.news\/tag\/lgbt\" target=\"_blank\" rel=\"noreferrer noopener\">LGBT+<\/a>. A proposta do governo pro\u00edbe eventos p\u00fablicos da comunidade, como a Parada do Orgulho de Budapeste. A mudan\u00e7a tamb\u00e9m determina a partir de agora o reconhecimento de apenas dois g\u00eaneros perante a lei: masculino e feminino.<\/p>\n\n\n\n<p>A emenda foi aprovada pelo Parlamento \u2013 onde a coaliz\u00e3o do governo tem ampla maioria \u2013 com 140 votos a favor e 21 contra. \u00c9 a mais recente de uma s\u00e9rie de medidas do primeiro-ministro Viktor Orb\u00e1n para mobilizar a sua base conservadora. Ao comentar a medida, o primeiro-ministro disse que \u201ca rede internacional de g\u00eanero deve tirar as m\u00e3os\u201d das crian\u00e7as h\u00fangaras.<\/p>\n\n\n\n<p>\u2013 Agora, com a mudan\u00e7a na Am\u00e9rica, os ventos mudaram a nosso favor \u2013 acrescentou, referindo-se ao retorno de Donald Trump, de quem \u00e9 aliado, como presidente dos Estados Unidos.<\/p>\n\n\n\n<p>Espelhando um decreto assinado por Trump, a Constitui\u00e7\u00e3o da Hungria vai especificar que uma pessoa \u00e9 \u201cou homem ou mulher\u201d, estabelecendo apenas dois g\u00eaneros. A reforma estabelece ainda que os direitos das crian\u00e7as ao desenvolvimento moral, f\u00edsico e espiritual prevalecem sobre praticamente todos os outros direitos, inclusive o de livre reuni\u00e3o.<\/p>\n\n\n\n<p>A emenda consolida, na pr\u00e1tica, a lei que pro\u00edbe eventos p\u00fablicos da comunidade LGBT+, aprovada no m\u00eas passado em nome da prote\u00e7\u00e3o da inf\u00e2ncia. A lei tamb\u00e9m passou a permitir que as autoridades usem ferramentas de reconhecimento facial para identificar pessoas que participam de eventos proibidos, como a Parada do Orgulho LGBT+ de Budapeste.<\/p>\n\n\n\n<p>O governo Viktor Orb\u00e1n tem tomado medidas a rela\u00e7\u00e3o a tem\u00e1ticas LGBT+ nos \u00faltimos anos, apontando que seria necess\u00e1rio proteger as crian\u00e7as da \u201cideologia woke\u201d ou \u201cloucura de g\u00eanero\u201d. Entre outras coisas, a Hungria havia proibido o casamento e ado\u00e7\u00e3o por casais do mesmo sexo.<\/p>\n\n\n\n<p>*AE<\/p>\n","protected":false},"excerpt":{"rendered":"<p>O Parlamento da&nbsp;Hungria&nbsp;aprovou nesta segunda-feira (14) uma reforma na Constitui\u00e7\u00e3o que restringe a atua\u00e7\u00e3o de grupos&nbsp;LGBT+. A proposta do governo pro\u00edbe eventos p\u00fablicos da comunidade, como a Parada do Orgulho de Budapeste. A mudan\u00e7a tamb\u00e9m determina a partir de agora o reconhecimento de apenas dois g\u00eaneros perante a lei: masculino e feminino. A emenda foi [&hellip;]<\/p>\n","protected":false},"author":2,"featured_media":21715,"comment_status":"open","ping_status":"open","sticky":false,"template":"","format":"standard","meta":[],"categories":[12,16],"tags":[],"_links":{"self":[{"href":"https:\/\/dgospel.com.br\/portal\/index.php\/wp-json\/wp\/v2\/posts\/21714"}],"collection":[{"href":"https:\/\/dgospel.com.br\/portal\/index.php\/wp-json\/wp\/v2\/posts"}],"about":[{"href":"https:\/\/dgospel.com.br\/portal\/index.php\/wp-json\/wp\/v2\/types\/post"}],"author":[{"embeddable":true,"href":"https:\/\/dgospel.com.br\/portal\/index.php\/wp-json\/wp\/v2\/users\/2"}],"replies":[{"embeddable":true,"href":"https:\/\/dgospel.com.br\/portal\/index.php\/wp-json\/wp\/v2\/comments?post=21714"}],"version-history":[{"count":1,"href":"https:\/\/dgospel.com.br\/portal\/index.php\/wp-json\/wp\/v2\/posts\/21714\/revisions"}],"predecessor-version":[{"id":21716,"href":"https:\/\/dgospel.com.br\/portal\/index.php\/wp-json\/wp\/v2\/posts\/21714\/revisions\/21716"}],"wp:featuredmedia":[{"embeddable":true,"href":"https:\/\/dgospel.com.br\/portal\/index.php\/wp-json\/wp\/v2\/media\/21715"}],"wp:attachment":[{"href":"https:\/\/dgospel.com.br\/portal\/index.php\/wp-json\/wp\/v2\/media?parent=21714"}],"wp:term":[{"taxonomy":"category","embeddable":true,"href":"https:\/\/dgospel.com.br\/portal\/index.php\/wp-json\/wp\/v2\/categories?post=21714"},{"taxonomy":"post_tag","embeddable":true,"href":"https:\/\/dgospel.com.br\/portal\/index.php\/wp-json\/wp\/v2\/tags?post=21714"}],"curies":[{"name":"wp","href":"https:\/\/api.w.org\/{rel}","templated":true}]}}