{"id":21717,"date":"2025-04-15T10:05:27","date_gmt":"2025-04-15T13:05:27","guid":{"rendered":"https:\/\/dgospel.com.br\/portal\/?p=21717"},"modified":"2025-04-15T10:05:28","modified_gmt":"2025-04-15T13:05:28","slug":"deputado-sostenes-cita-pressao-covarde-do-governo-e-protocola-urgencia-da-anistia","status":"publish","type":"post","link":"https:\/\/dgospel.com.br\/portal\/index.php\/2025\/04\/15\/deputado-sostenes-cita-pressao-covarde-do-governo-e-protocola-urgencia-da-anistia\/","title":{"rendered":"Deputado S\u00f3stenes cita \u201cpress\u00e3o covarde do governo\u201d e protocola urg\u00eancia da anistia"},"content":{"rendered":"\n<p>Ap\u00f3s o pastor&nbsp;<a href=\"https:\/\/pleno.news\/brasil\/politica-nacional\/sostenes-protocola-pedido-de-urgencia-da-anistia-diz-malafaia.html\" target=\"_blank\" rel=\"noreferrer noopener\">Silas Malafaia noticiar em suas redes sociais<\/a>, em primeira m\u00e3o, nesta segunda-feira (14), que o l\u00edder do Partido Liberal (PL) na C\u00e2mara dos Deputados, S\u00f3stenes Cavalcante (RJ), protocolou o pedido de urg\u00eancia do projeto de lei da anistia aos presos do 8 de janeiro, o parlamentar, logo em seguida, confirmou a informa\u00e7\u00e3o em seus perfis nas redes sociais.<\/p>\n\n\n\n<p>O parlamentar tomou a decis\u00e3o motivado pelo que chamou de \u201cpress\u00e3o covarde do governo\u201d.<\/p>\n\n\n\n<p>\u2013 Acabo de protocolar o requerimento de urg\u00eancia do PL da Anistia com 264 assinaturas. Diante da press\u00e3o covarde do governo para retirada de apoios, antecipei a estrat\u00e9gia. Agora est\u00e1 registrado e p\u00fablico: ningu\u00e9m ser\u00e1 pego de surpresa. Anistia j\u00e1!<\/p>\n\n\n\n<figure class=\"wp-block-image\"><img src=\"https:\/\/static.cdn.pleno.news\/2025\/04\/Sostenes-X.jpg\" alt=\"\" class=\"wp-image-1489697\"\/><\/figure>\n","protected":false},"excerpt":{"rendered":"<p>Ap\u00f3s o pastor&nbsp;Silas Malafaia noticiar em suas redes sociais, em primeira m\u00e3o, nesta segunda-feira (14), que o l\u00edder do Partido Liberal (PL) na C\u00e2mara dos Deputados, S\u00f3stenes Cavalcante (RJ), protocolou o pedido de urg\u00eancia do projeto de lei da anistia aos presos do 8 de janeiro, o parlamentar, logo em seguida, confirmou a informa\u00e7\u00e3o em [&hellip;]<\/p>\n","protected":false},"author":2,"featured_media":21718,"comment_status":"open","ping_status":"open","sticky":false,"template":"","format":"standard","meta":[],"categories":[4],"tags":[],"_links":{"self":[{"href":"https:\/\/dgospel.com.br\/portal\/index.php\/wp-json\/wp\/v2\/posts\/21717"}],"collection":[{"href":"https:\/\/dgospel.com.br\/portal\/index.php\/wp-json\/wp\/v2\/posts"}],"about":[{"href":"https:\/\/dgospel.com.br\/portal\/index.php\/wp-json\/wp\/v2\/types\/post"}],"author":[{"embeddable":true,"href":"https:\/\/dgospel.com.br\/portal\/index.php\/wp-json\/wp\/v2\/users\/2"}],"replies":[{"embeddable":true,"href":"https:\/\/dgospel.com.br\/portal\/index.php\/wp-json\/wp\/v2\/comments?post=21717"}],"version-history":[{"count":1,"href":"https:\/\/dgospel.com.br\/portal\/index.php\/wp-json\/wp\/v2\/posts\/21717\/revisions"}],"predecessor-version":[{"id":21719,"href":"https:\/\/dgospel.com.br\/portal\/index.php\/wp-json\/wp\/v2\/posts\/21717\/revisions\/21719"}],"wp:featuredmedia":[{"embeddable":true,"href":"https:\/\/dgospel.com.br\/portal\/index.php\/wp-json\/wp\/v2\/media\/21718"}],"wp:attachment":[{"href":"https:\/\/dgospel.com.br\/portal\/index.php\/wp-json\/wp\/v2\/media?parent=21717"}],"wp:term":[{"taxonomy":"category","embeddable":true,"href":"https:\/\/dgospel.com.br\/portal\/index.php\/wp-json\/wp\/v2\/categories?post=21717"},{"taxonomy":"post_tag","embeddable":true,"href":"https:\/\/dgospel.com.br\/portal\/index.php\/wp-json\/wp\/v2\/tags?post=21717"}],"curies":[{"name":"wp","href":"https:\/\/api.w.org\/{rel}","templated":true}]}}