{"id":21720,"date":"2025-04-15T11:04:40","date_gmt":"2025-04-15T14:04:40","guid":{"rendered":"https:\/\/dgospel.com.br\/portal\/?p=21720"},"modified":"2025-04-15T11:04:41","modified_gmt":"2025-04-15T14:04:41","slug":"amelio-cayres-percorre-cidades-do-interior-e-fortalece-dialogo-sobre-pautas-regionais-com-prefeitos-e-liderancas","status":"publish","type":"post","link":"https:\/\/dgospel.com.br\/portal\/index.php\/2025\/04\/15\/amelio-cayres-percorre-cidades-do-interior-e-fortalece-dialogo-sobre-pautas-regionais-com-prefeitos-e-liderancas\/","title":{"rendered":"Am\u00e9lio Cayres percorre cidades do interior e fortalece di\u00e1logo sobre pautas regionais com prefeitos e lideran\u00e7as"},"content":{"rendered":"\n<p>O presidente da Assembleia Legislativa (Aleto), deputado estadual Am\u00e9lio Cayres (Republicanos), est\u00e1 rodando o Tocantins em visitas institucionais aos prefeitos e lideran\u00e7as para conhecer as demandas locais e discutir pautas legislativas.<\/p>\n\n\n\n<p>No domingo, 13, o parlamentar iniciou a agenda em Santa Maria do Tocantins, com visita ao prefeito Leonardo Noleto e tamb\u00e9m ao ex-prefeito Itamar Barrachini. No per\u00edodo da tarde,<br>Cayres prestigiou a final da II Ta\u00e7a Piak\u00e1 de Futebol Amador, em Goiatins, onde tamb\u00e9m se reuniu com as lideran\u00e7as locais e evidenciou o apoio dado ao Munic\u00edpio todos os anos.<\/p>\n\n\n\n<p>Nesta segunda, 14, Am\u00e9lio iniciou o dia em Barra do Ouro, juntamente com a prefeita Nelida Miranda e vereadores. O parlamentar tamb\u00e9m visitou a prefeitura de Filad\u00e9lfia, onde se reuniu com o prefeito David Bento para conversar sobre as demandas mais urgentes da popula\u00e7\u00e3o. Em Filad\u00e9lfia, o parlamentar tamb\u00e9m se reuniu com os vereadores e lideran\u00e7as locais.<\/p>\n\n\n\n<p>O parlamentar seguiu viagem at\u00e9 Baba\u00e7ul\u00e2ndia, sendo recebido pelo prefeito Ismael Brito, prefeito de Darcin\u00f3polis, Raimundo Curica, juntamente com o deputado estadual Olyntho Neto e o deputado federal Alexandre Guimar\u00e3es. Na ocasi\u00e3o, as autoridades se uniram \u00e0 lideran\u00e7as locais para falar sobre as potencialidades do Munic\u00edpio e da regi\u00e3o banhada pelo Rio Tocantins.<\/p>\n","protected":false},"excerpt":{"rendered":"<p>O presidente da Assembleia Legislativa (Aleto), deputado estadual Am\u00e9lio Cayres (Republicanos), est\u00e1 rodando o Tocantins em visitas institucionais aos prefeitos e lideran\u00e7as para conhecer as demandas locais e discutir pautas legislativas. No domingo, 13, o parlamentar iniciou a agenda em Santa Maria do Tocantins, com visita ao prefeito Leonardo Noleto e tamb\u00e9m ao ex-prefeito Itamar [&hellip;]<\/p>\n","protected":false},"author":2,"featured_media":21721,"comment_status":"open","ping_status":"open","sticky":false,"template":"","format":"standard","meta":[],"categories":[3],"tags":[13],"_links":{"self":[{"href":"https:\/\/dgospel.com.br\/portal\/index.php\/wp-json\/wp\/v2\/posts\/21720"}],"collection":[{"href":"https:\/\/dgospel.com.br\/portal\/index.php\/wp-json\/wp\/v2\/posts"}],"about":[{"href":"https:\/\/dgospel.com.br\/portal\/index.php\/wp-json\/wp\/v2\/types\/post"}],"author":[{"embeddable":true,"href":"https:\/\/dgospel.com.br\/portal\/index.php\/wp-json\/wp\/v2\/users\/2"}],"replies":[{"embeddable":true,"href":"https:\/\/dgospel.com.br\/portal\/index.php\/wp-json\/wp\/v2\/comments?post=21720"}],"version-history":[{"count":1,"href":"https:\/\/dgospel.com.br\/portal\/index.php\/wp-json\/wp\/v2\/posts\/21720\/revisions"}],"predecessor-version":[{"id":21722,"href":"https:\/\/dgospel.com.br\/portal\/index.php\/wp-json\/wp\/v2\/posts\/21720\/revisions\/21722"}],"wp:featuredmedia":[{"embeddable":true,"href":"https:\/\/dgospel.com.br\/portal\/index.php\/wp-json\/wp\/v2\/media\/21721"}],"wp:attachment":[{"href":"https:\/\/dgospel.com.br\/portal\/index.php\/wp-json\/wp\/v2\/media?parent=21720"}],"wp:term":[{"taxonomy":"category","embeddable":true,"href":"https:\/\/dgospel.com.br\/portal\/index.php\/wp-json\/wp\/v2\/categories?post=21720"},{"taxonomy":"post_tag","embeddable":true,"href":"https:\/\/dgospel.com.br\/portal\/index.php\/wp-json\/wp\/v2\/tags?post=21720"}],"curies":[{"name":"wp","href":"https:\/\/api.w.org\/{rel}","templated":true}]}}