{"id":21723,"date":"2025-04-16T09:14:57","date_gmt":"2025-04-16T12:14:57","guid":{"rendered":"https:\/\/dgospel.com.br\/portal\/?p=21723"},"modified":"2025-04-16T09:14:57","modified_gmt":"2025-04-16T12:14:57","slug":"gipao-propoe-sessao-solene-em-comemoracao-ao-dia-estadual-do-evangelico-na-assembleia-legislativa-o-evento-sera-dia-24-de-abril","status":"publish","type":"post","link":"https:\/\/dgospel.com.br\/portal\/index.php\/2025\/04\/16\/gipao-propoe-sessao-solene-em-comemoracao-ao-dia-estadual-do-evangelico-na-assembleia-legislativa-o-evento-sera-dia-24-de-abril\/","title":{"rendered":"Gip\u00e3o prop\u00f5e Sess\u00e3o Solene em comemora\u00e7\u00e3o ao Dia Estadual do Evang\u00e9lico na Assembleia Legislativa; o evento ser\u00e1 dia 24 de abril"},"content":{"rendered":"\n<p>A Sess\u00e3o Solene em comemora\u00e7\u00e3o ao Dia Estadual do evang\u00e9lico j\u00e1 est\u00e1 marcada para acontecer no pr\u00f3ximo dia 24 de abril, na Assembleia Legislativa do Tocantins, gra\u00e7as a iniciativa do deputado Gip\u00e3o, solicitou atrav\u00e9s de requerimento a realiza\u00e7\u00e3o da homenagem.<\/p>\n\n\n\n<p>O parlamentar argumentou que, \u201ctrata-se de uma data importante para o p\u00fablico evang\u00e9lico, pois \u00e9 uma oportunidade para a celebra\u00e7\u00e3o da f\u00e9, para o compartilhamento da mensagem do evangelho e o fortalecimento dos la\u00e7os de comunh\u00e3o entre os membros da comunidade evang\u00e9lica no Estado\u201d, frisou.<\/p>\n\n\n\n<p>Esta \u00e9 a segunda vez que, por interm\u00e9dio do parlamentar, o evento acontece. E assim como no ano passado est\u00e1 sendo aguardada a presen\u00e7a expressiva de pastores e lideres de diversas denomina\u00e7\u00f5es e autoridades de v\u00e1rios seguimentos da pol\u00edtica tocantinense, entre elas o presidente da Assembleia Legislativa, deputado Am\u00e9lio Cayres e o governador Wanderlei Barbosa.<\/p>\n\n\n\n<p>A solenidade tem previs\u00e3o de in\u00edcio \u00e0s 9 horas da manh\u00e3, no Plen\u00e1rio da Casa de Leis e deve contar com apresenta\u00e7\u00f5es musicais, entrega de placas de homenagem e condecora\u00e7\u00f5es e tamb\u00e9m o pronunciamento de homenageados e autoridades.<\/p>\n","protected":false},"excerpt":{"rendered":"<p>A Sess\u00e3o Solene em comemora\u00e7\u00e3o ao Dia Estadual do evang\u00e9lico j\u00e1 est\u00e1 marcada para acontecer no pr\u00f3ximo dia 24 de abril, na Assembleia Legislativa do Tocantins, gra\u00e7as a iniciativa do deputado Gip\u00e3o, solicitou atrav\u00e9s de requerimento a realiza\u00e7\u00e3o da homenagem. O parlamentar argumentou que, \u201ctrata-se de uma data importante para o p\u00fablico evang\u00e9lico, pois \u00e9 [&hellip;]<\/p>\n","protected":false},"author":2,"featured_media":21724,"comment_status":"open","ping_status":"open","sticky":false,"template":"","format":"standard","meta":[],"categories":[8],"tags":[],"_links":{"self":[{"href":"https:\/\/dgospel.com.br\/portal\/index.php\/wp-json\/wp\/v2\/posts\/21723"}],"collection":[{"href":"https:\/\/dgospel.com.br\/portal\/index.php\/wp-json\/wp\/v2\/posts"}],"about":[{"href":"https:\/\/dgospel.com.br\/portal\/index.php\/wp-json\/wp\/v2\/types\/post"}],"author":[{"embeddable":true,"href":"https:\/\/dgospel.com.br\/portal\/index.php\/wp-json\/wp\/v2\/users\/2"}],"replies":[{"embeddable":true,"href":"https:\/\/dgospel.com.br\/portal\/index.php\/wp-json\/wp\/v2\/comments?post=21723"}],"version-history":[{"count":1,"href":"https:\/\/dgospel.com.br\/portal\/index.php\/wp-json\/wp\/v2\/posts\/21723\/revisions"}],"predecessor-version":[{"id":21725,"href":"https:\/\/dgospel.com.br\/portal\/index.php\/wp-json\/wp\/v2\/posts\/21723\/revisions\/21725"}],"wp:featuredmedia":[{"embeddable":true,"href":"https:\/\/dgospel.com.br\/portal\/index.php\/wp-json\/wp\/v2\/media\/21724"}],"wp:attachment":[{"href":"https:\/\/dgospel.com.br\/portal\/index.php\/wp-json\/wp\/v2\/media?parent=21723"}],"wp:term":[{"taxonomy":"category","embeddable":true,"href":"https:\/\/dgospel.com.br\/portal\/index.php\/wp-json\/wp\/v2\/categories?post=21723"},{"taxonomy":"post_tag","embeddable":true,"href":"https:\/\/dgospel.com.br\/portal\/index.php\/wp-json\/wp\/v2\/tags?post=21723"}],"curies":[{"name":"wp","href":"https:\/\/api.w.org\/{rel}","templated":true}]}}