{"id":21735,"date":"2025-04-16T10:28:25","date_gmt":"2025-04-16T13:28:25","guid":{"rendered":"https:\/\/dgospel.com.br\/portal\/?p=21735"},"modified":"2025-04-16T10:29:10","modified_gmt":"2025-04-16T13:29:10","slug":"governo-lula-concede-asilo-a-nadine-heredia-condenada-por-corrupcao-no-peru-por-receber-3-milhoes-de-dolares-da-odebrecht","status":"publish","type":"post","link":"https:\/\/dgospel.com.br\/portal\/index.php\/2025\/04\/16\/governo-lula-concede-asilo-a-nadine-heredia-condenada-por-corrupcao-no-peru-por-receber-3-milhoes-de-dolares-da-odebrecht\/","title":{"rendered":"Governo Lula concede asilo a Nadine Heredia, condenada por corrup\u00e7\u00e3o no Peru por receber 3 milh\u00f5es de d\u00f3lares da Odebrecht"},"content":{"rendered":"\n<p>O presidente\u00a0<strong>Luiz In\u00e1cio Lula da Silva<\/strong>\u00a0concedeu\u00a0<strong>asilo pol\u00edtico \u00e0 ex-primeira-dama do Peru, Nadine Heredia<\/strong>, poucas horas depois de sua\u00a0<strong>condena\u00e7\u00e3o a 15 anos de pris\u00e3o por corrup\u00e7\u00e3o<\/strong>\u00a0no esc\u00e2ndalo envolvendo a Odebrecht. O pedido foi feito na\u00a0<strong>ter\u00e7a-feira (15\/4)<\/strong>, quando Nadine entrou na sede da\u00a0<strong>Embaixada do Brasil em Lima<\/strong>, onde permanece sob prote\u00e7\u00e3o diplom\u00e1tica.<\/p>\n\n\n\n<p>A informa\u00e7\u00e3o foi confirmada pelo&nbsp;<strong>Minist\u00e9rio das Rela\u00e7\u00f5es Exteriores do Peru<\/strong>, que declarou que o Brasil atendeu ao pedido de asilo com base na&nbsp;<strong>Conven\u00e7\u00e3o sobre Asilo Diplom\u00e1tico de 1954<\/strong>, firmada no \u00e2mbito da&nbsp;<strong>Organiza\u00e7\u00e3o dos Estados Americanos (OEA)<\/strong>. O&nbsp;<strong>Itamaraty, at\u00e9 o momento, n\u00e3o comentou publicamente<\/strong>&nbsp;a concess\u00e3o.<\/p>\n\n\n\n<p>Segundo o governo peruano, h\u00e1 comunica\u00e7\u00e3o cont\u00ednua com as autoridades brasileiras sobre o caso. O gesto, por\u00e9m, coloca o Brasil no centro de uma crise diplom\u00e1tica potencial com Lima e levanta questionamentos sobre o uso seletivo de prerrogativas humanit\u00e1rias por motiva\u00e7\u00e3o ideol\u00f3gica.<\/p>\n\n\n\n<p>Nadine Heredia foi condenada juntamente com seu marido, o ex-presidente peruano&nbsp;<strong>Ollanta Humala<\/strong>, por&nbsp;<strong>receber milh\u00f5es de d\u00f3lares da Odebrecht e do governo venezuelano de Hugo Ch\u00e1vez<\/strong>&nbsp;para financiar campanhas eleitorais. Segundo a Justi\u00e7a do Peru,&nbsp;<strong>US$ 3 milh\u00f5es da Odebrecht e US$ 200 mil da Venezuela<\/strong>&nbsp;foram canalizados de forma il\u00edcita para o Partido Nacionalista Peruano, fundado por Humala e articulado por Nadine.<\/p>\n\n\n\n<p>Ambos negam irregularidades, e a defesa sustenta que&nbsp;<strong>as doa\u00e7\u00f5es foram pol\u00edticas, n\u00e3o criminosas<\/strong>. Nadine, que n\u00e3o compareceu \u00e0 audi\u00eancia de sua senten\u00e7a, teve&nbsp;<strong>mandado de pris\u00e3o expedido<\/strong>&nbsp;e buscou ref\u00fagio na embaixada brasileira logo em seguida.<\/p>\n\n\n\n<p>A concess\u00e3o de asilo, no entanto, fere o esp\u00edrito do pr\u00f3prio tratado assinado por Brasil e Peru, que&nbsp;<strong>veda asilo a condenados por crimes comuns<\/strong>, exceto quando houver clara motiva\u00e7\u00e3o pol\u00edtica na persegui\u00e7\u00e3o. Para o governo Lula, o caso de Nadine parece se enquadrar nessa brecha, embora a Justi\u00e7a do Peru n\u00e3o tenha feito qualquer men\u00e7\u00e3o a persegui\u00e7\u00e3o, e sim a&nbsp;<strong>atos il\u00edcitos devidamente processados e julgados<\/strong>.<\/p>\n\n\n\n<p>O caso tem outro elemento sens\u00edvel:&nbsp;<strong>a liga\u00e7\u00e3o entre Nadine, Humala e o PT<\/strong>. O ex-diretor da Odebrecht no Peru declarou que&nbsp;<strong>o apoio financeiro a Humala foi articulado a pedido do Partido dos Trabalhadores<\/strong>, o que refor\u00e7a a percep\u00e7\u00e3o de que a concess\u00e3o de asilo tem, no m\u00ednimo,&nbsp;<strong>carga simb\u00f3lica e afinidade ideol\u00f3gica<\/strong>.<\/p>\n\n\n\n<p>A decis\u00e3o de Lula reacende cr\u00edticas sobre&nbsp;<strong>o uso pol\u00edtico do instituto do asilo diplom\u00e1tico<\/strong>, uma ferramenta criada para proteger perseguidos por regimes autorit\u00e1rios, mas que, neste caso, foi aplicada a uma&nbsp;<strong>condenada por corrup\u00e7\u00e3o em um pa\u00eds democr\u00e1tico e com amplo funcionamento das institui\u00e7\u00f5es judiciais<\/strong>.<\/p>\n\n\n\n<p>A aus\u00eancia de manifesta\u00e7\u00e3o oficial do&nbsp;<strong>Minist\u00e9rio das Rela\u00e7\u00f5es Exteriores<\/strong>&nbsp;brasileiro s\u00f3 aumenta a tens\u00e3o. O Peru j\u00e1 deixou claro que&nbsp;<strong>espera explica\u00e7\u00f5es formais<\/strong>&nbsp;e, nos bastidores, h\u00e1 desconforto entre diplomatas que enxergam&nbsp;<strong>riscos \u00e0 credibilidade internacional do Brasil como signat\u00e1rio de conven\u00e7\u00f5es que exigem imparcialidade e crit\u00e9rios objetivos<\/strong>.<\/p>\n\n\n\n<p>Ao acolher Nadine Heredia, o governo Lula se aproxima de um novo cap\u00edtulo diplom\u00e1tico arriscado, nos moldes do&nbsp;<strong>caso Julian Assange<\/strong>, mas com um agravante:&nbsp;<strong>o uso do asilo para proteger algu\u00e9m condenado por corrup\u00e7\u00e3o<\/strong>, em um pa\u00eds latino-americano democr\u00e1tico, com todos os instrumentos legais de defesa e apela\u00e7\u00e3o.<\/p>\n","protected":false},"excerpt":{"rendered":"<p>O presidente\u00a0Luiz In\u00e1cio Lula da Silva\u00a0concedeu\u00a0asilo pol\u00edtico \u00e0 ex-primeira-dama do Peru, Nadine Heredia, poucas horas depois de sua\u00a0condena\u00e7\u00e3o a 15 anos de pris\u00e3o por corrup\u00e7\u00e3o\u00a0no esc\u00e2ndalo envolvendo a Odebrecht. O pedido foi feito na\u00a0ter\u00e7a-feira (15\/4), quando Nadine entrou na sede da\u00a0Embaixada do Brasil em Lima, onde permanece sob prote\u00e7\u00e3o diplom\u00e1tica. A informa\u00e7\u00e3o foi confirmada pelo&nbsp;Minist\u00e9rio [&hellip;]<\/p>\n","protected":false},"author":2,"featured_media":21736,"comment_status":"open","ping_status":"open","sticky":false,"template":"","format":"standard","meta":[],"categories":[4],"tags":[],"_links":{"self":[{"href":"https:\/\/dgospel.com.br\/portal\/index.php\/wp-json\/wp\/v2\/posts\/21735"}],"collection":[{"href":"https:\/\/dgospel.com.br\/portal\/index.php\/wp-json\/wp\/v2\/posts"}],"about":[{"href":"https:\/\/dgospel.com.br\/portal\/index.php\/wp-json\/wp\/v2\/types\/post"}],"author":[{"embeddable":true,"href":"https:\/\/dgospel.com.br\/portal\/index.php\/wp-json\/wp\/v2\/users\/2"}],"replies":[{"embeddable":true,"href":"https:\/\/dgospel.com.br\/portal\/index.php\/wp-json\/wp\/v2\/comments?post=21735"}],"version-history":[{"count":1,"href":"https:\/\/dgospel.com.br\/portal\/index.php\/wp-json\/wp\/v2\/posts\/21735\/revisions"}],"predecessor-version":[{"id":21737,"href":"https:\/\/dgospel.com.br\/portal\/index.php\/wp-json\/wp\/v2\/posts\/21735\/revisions\/21737"}],"wp:featuredmedia":[{"embeddable":true,"href":"https:\/\/dgospel.com.br\/portal\/index.php\/wp-json\/wp\/v2\/media\/21736"}],"wp:attachment":[{"href":"https:\/\/dgospel.com.br\/portal\/index.php\/wp-json\/wp\/v2\/media?parent=21735"}],"wp:term":[{"taxonomy":"category","embeddable":true,"href":"https:\/\/dgospel.com.br\/portal\/index.php\/wp-json\/wp\/v2\/categories?post=21735"},{"taxonomy":"post_tag","embeddable":true,"href":"https:\/\/dgospel.com.br\/portal\/index.php\/wp-json\/wp\/v2\/tags?post=21735"}],"curies":[{"name":"wp","href":"https:\/\/api.w.org\/{rel}","templated":true}]}}