{"id":21741,"date":"2025-04-24T13:07:39","date_gmt":"2025-04-24T16:07:39","guid":{"rendered":"https:\/\/dgospel.com.br\/portal\/?p=21741"},"modified":"2025-04-24T13:07:40","modified_gmt":"2025-04-24T16:07:40","slug":"leo-barbosa-propoe-programa-de-inclusao-no-mercado-de-trabalho-para-pessoas-com-deficiencia-no-tocantins","status":"publish","type":"post","link":"https:\/\/dgospel.com.br\/portal\/index.php\/2025\/04\/24\/leo-barbosa-propoe-programa-de-inclusao-no-mercado-de-trabalho-para-pessoas-com-deficiencia-no-tocantins\/","title":{"rendered":"L\u00e9o Barbosa prop\u00f5e programa de inclus\u00e3o no mercado de trabalho para pessoas com defici\u00eancia no Tocantins"},"content":{"rendered":"\n<p>Foi apresentado na Assembleia Legislativa do Tocantins o Projeto de Lei 122\/2025 que institui o programa \u201cTrabalho Inclusivo TO\u201d, de autoria do deputado estadual L\u00e9o Barbosa (Republicanos). A proposta tem como principal objetivo garantir a inser\u00e7\u00e3o e perman\u00eancia de pessoas com defici\u00eancia (PcDs) no mercado de trabalho, por meio de a\u00e7\u00f5es de capacita\u00e7\u00e3o, acessibilidade e parcerias com empresas p\u00fablicas e privadas.<\/p>\n\n\n\n<p>O programa prev\u00ea medidas como a cria\u00e7\u00e3o de cursos t\u00e9cnicos adaptados, feiras exclusivas de empregabilidade, n\u00facleos regionais de apoio \u00e0 inclus\u00e3o e a concess\u00e3o do selo \u201cEmpresa Inclusiva \u2013 Tocantins\u201d para institui\u00e7\u00f5es que se destacarem nas pr\u00e1ticas de inclus\u00e3o. Al\u00e9m disso, incentiva a reserva de vagas para PcDs al\u00e9m das cotas obrigat\u00f3rias estabelecidas pela legisla\u00e7\u00e3o federal.<\/p>\n\n\n\n<p>Segundo o parlamentar, a iniciativa busca enfrentar as barreiras hist\u00f3ricas que ainda afastam pessoas com defici\u00eancia do mercado formal, sobretudo no interior do Estado. \u201c\u00c9 necess\u00e1rio garantir n\u00e3o s\u00f3 o acesso, mas tamb\u00e9m a perman\u00eancia dessas pessoas no trabalho, com oportunidades reais de qualifica\u00e7\u00e3o e desenvolvimento profissional\u201d, destacou L\u00e9o Barbosa.<\/p>\n\n\n\n<p>A proposta tamb\u00e9m sugere a cria\u00e7\u00e3o de um Sistema Estadual de Monitoramento, que ir\u00e1 acompanhar o desempenho do programa com indicadores e metas anuais, garantindo mais transpar\u00eancia e efic\u00e1cia \u00e0s a\u00e7\u00f5es adotadas. A expectativa \u00e9 que o projeto, se aprovado, represente um marco no avan\u00e7o das pol\u00edticas p\u00fablicas de inclus\u00e3o no Tocantins.<\/p>\n\n\n\n<p>L\u00e9o Barbosa refor\u00e7a que a iniciativa est\u00e1 alinhada \u00e0 Constitui\u00e7\u00e3o Federal e \u00e0 Lei Brasileira de Inclus\u00e3o, e conclama o apoio dos demais parlamentares para a aprova\u00e7\u00e3o da mat\u00e9ria. \u201cMais do que cumprir uma obriga\u00e7\u00e3o legal, queremos promover uma sociedade mais justa, onde todos tenham espa\u00e7o para crescer e contribuir com suas habilidades\u201d, concluiu.<\/p>\n","protected":false},"excerpt":{"rendered":"<p>Foi apresentado na Assembleia Legislativa do Tocantins o Projeto de Lei 122\/2025 que institui o programa \u201cTrabalho Inclusivo TO\u201d, de autoria do deputado estadual L\u00e9o Barbosa (Republicanos). A proposta tem como principal objetivo garantir a inser\u00e7\u00e3o e perman\u00eancia de pessoas com defici\u00eancia (PcDs) no mercado de trabalho, por meio de a\u00e7\u00f5es de capacita\u00e7\u00e3o, acessibilidade e [&hellip;]<\/p>\n","protected":false},"author":2,"featured_media":21742,"comment_status":"open","ping_status":"open","sticky":false,"template":"","format":"standard","meta":[],"categories":[8],"tags":[],"_links":{"self":[{"href":"https:\/\/dgospel.com.br\/portal\/index.php\/wp-json\/wp\/v2\/posts\/21741"}],"collection":[{"href":"https:\/\/dgospel.com.br\/portal\/index.php\/wp-json\/wp\/v2\/posts"}],"about":[{"href":"https:\/\/dgospel.com.br\/portal\/index.php\/wp-json\/wp\/v2\/types\/post"}],"author":[{"embeddable":true,"href":"https:\/\/dgospel.com.br\/portal\/index.php\/wp-json\/wp\/v2\/users\/2"}],"replies":[{"embeddable":true,"href":"https:\/\/dgospel.com.br\/portal\/index.php\/wp-json\/wp\/v2\/comments?post=21741"}],"version-history":[{"count":1,"href":"https:\/\/dgospel.com.br\/portal\/index.php\/wp-json\/wp\/v2\/posts\/21741\/revisions"}],"predecessor-version":[{"id":21743,"href":"https:\/\/dgospel.com.br\/portal\/index.php\/wp-json\/wp\/v2\/posts\/21741\/revisions\/21743"}],"wp:featuredmedia":[{"embeddable":true,"href":"https:\/\/dgospel.com.br\/portal\/index.php\/wp-json\/wp\/v2\/media\/21742"}],"wp:attachment":[{"href":"https:\/\/dgospel.com.br\/portal\/index.php\/wp-json\/wp\/v2\/media?parent=21741"}],"wp:term":[{"taxonomy":"category","embeddable":true,"href":"https:\/\/dgospel.com.br\/portal\/index.php\/wp-json\/wp\/v2\/categories?post=21741"},{"taxonomy":"post_tag","embeddable":true,"href":"https:\/\/dgospel.com.br\/portal\/index.php\/wp-json\/wp\/v2\/tags?post=21741"}],"curies":[{"name":"wp","href":"https:\/\/api.w.org\/{rel}","templated":true}]}}