{"id":21745,"date":"2025-04-25T16:41:35","date_gmt":"2025-04-25T19:41:35","guid":{"rendered":"https:\/\/dgospel.com.br\/portal\/?p=21745"},"modified":"2025-04-25T16:42:48","modified_gmt":"2025-04-25T19:42:48","slug":"celebrando-a-fe-deputado-gipao-propoe-e-sessao-selene-e-realizada-em-comemoracao-ao-dia-estadual-do-evangelico-na-assembleia-legislativa","status":"publish","type":"post","link":"https:\/\/dgospel.com.br\/portal\/index.php\/2025\/04\/25\/celebrando-a-fe-deputado-gipao-propoe-e-sessao-selene-e-realizada-em-comemoracao-ao-dia-estadual-do-evangelico-na-assembleia-legislativa\/","title":{"rendered":"Celebrando a f\u00e9: Deputado Gip\u00e3o prop\u00f5e e Sess\u00e3o Selene \u00e9 realizada em comemora\u00e7\u00e3o ao Dia Estadual do Evang\u00e9lico na Assembleia Legislativa"},"content":{"rendered":"\n<p>Nesta quarta-feira, 24 de abril, a Assembleia Legislativa do Tocantins foi palco de uma sess\u00e3o solene especial em comemora\u00e7\u00e3o ao Dia Estadual do Evang\u00e9lico, promovida pelo deputado estadual Gip\u00e3o (PL). O evento reuniu l\u00edderes religiosos, autoridades e fi\u00e9is de diversas regi\u00f5es do estado para celebrar a f\u00e9 crist\u00e3 e reconhecer o trabalho das igrejas evang\u00e9licas no Tocantins.<\/p>\n\n\n\n<p>A sess\u00e3o foi presidida pelo deputado Gip\u00e3o, que destacou o reconhecimento p\u00fablico do Parlamento Tocantinense quanto ao valor espiritual, social e hist\u00f3rico da f\u00e9 evang\u00e9lica no estado. \u201cUma f\u00e9 que n\u00e3o se limita \u00e0s paredes dos templos, mas que respinga gra\u00e7a nas ruas, nas escolas, nos lares e nos cora\u00e7\u00f5es.\u201d<\/p>\n\n\n\n<p>O parlamentar acrescentou: \u201cN\u00e3o celebramos aqui apenas uma religi\u00e3o; celebramos vidas que foram erguidas do p\u00f3, jovens que escaparam das drogas e casamentos que foram restaurados. Celebramos tamb\u00e9m o trabalho incans\u00e1vel de pastores, mission\u00e1rios e irm\u00e3os an\u00f4nimos que carregam a chama da f\u00e9.\u201d<\/p>\n\n\n\n<p>A cerim\u00f4nia foi marcada por momentos de louvor, ora\u00e7\u00f5es e homenagens, com destaque para a participa\u00e7\u00e3o de cantores locais e grupos de louvor, que emocionaram o p\u00fablico presente. Os fi\u00e9is ocuparam a galeria da Casa, refletindo a for\u00e7a e a representatividade do segmento evang\u00e9lico na sociedade tocantinense.<\/p>\n\n\n\n<p>Em seu pronunciamento, o deputado Gip\u00e3o reafirmou seu compromisso com os valores crist\u00e3os e a liberdade religiosa:<\/p>\n\n\n\n<p>\u201cEsta \u00e9 uma data para honrarmos a miss\u00e3o de cada pastor, mission\u00e1rio e membro das igrejas, que diariamente levam uma mensagem de f\u00e9, amor e esperan\u00e7a aos lares do nosso estado. Como homem de f\u00e9, \u00e9 uma alegria poder promover este momento de reconhecimento.\u201d<\/p>\n\n\n\n<p><\/p>\n\n\n\n<figure class=\"wp-block-image size-large\"><img loading=\"lazy\" width=\"1024\" height=\"682\" src=\"https:\/\/dgospel.com.br\/portal\/wp-content\/uploads\/2025\/04\/000-2-1024x682.jpg\" alt=\"\" class=\"wp-image-21747\" srcset=\"https:\/\/dgospel.com.br\/portal\/wp-content\/uploads\/2025\/04\/000-2-1024x682.jpg 1024w, https:\/\/dgospel.com.br\/portal\/wp-content\/uploads\/2025\/04\/000-2-300x200.jpg 300w, https:\/\/dgospel.com.br\/portal\/wp-content\/uploads\/2025\/04\/000-2-768x512.jpg 768w, https:\/\/dgospel.com.br\/portal\/wp-content\/uploads\/2025\/04\/000-2-1536x1023.jpg 1536w, https:\/\/dgospel.com.br\/portal\/wp-content\/uploads\/2025\/04\/000-2.jpg 1600w\" sizes=\"(max-width: 1024px) 100vw, 1024px\" \/><\/figure>\n\n\n\n<p>Durante a solenidade, o parlamentar entregou placas de honra ao m\u00e9rito a diversos l\u00edderes evang\u00e9licos que t\u00eam contribu\u00eddo significativamente com suas comunidades. Entre os homenageados estavam representantes das Assembleias de Deus (CIADSETA e CADETINS), al\u00e9m de minist\u00e9rios como Igreja de Cristo, Nova Chance Church e v\u00e1rias outras denomina\u00e7\u00f5es independentes que desenvolvem a\u00e7\u00f5es sociais em \u00e1reas vulner\u00e1veis.<\/p>\n\n\n\n<p>Al\u00e9m das homenagens, o evento contou com a presen\u00e7a e pronunciamentos de pastores e autoridades estaduais e municipais, que parabenizaram a iniciativa do deputado Gip\u00e3o e destacaram o papel das igrejas na promo\u00e7\u00e3o da paz, da solidariedade e do desenvolvimento humano.<\/p>\n\n\n\n<p>A celebra\u00e7\u00e3o refor\u00e7a o espa\u00e7o e o respeito conquistado pelos evang\u00e9licos no Tocantins, evidenciando a atua\u00e7\u00e3o firme do deputado Gip\u00e3o em defesa da f\u00e9, da fam\u00edlia e dos princ\u00edpios crist\u00e3os no parlamento estadual.<\/p>\n\n\n\n<p>A sess\u00e3o contou com a presen\u00e7a das seguintes autoridades: o secret\u00e1rio de Estado dos Esportes e Juventude, Atos Gomes de Ara\u00fajo, representando o governador Wanderlei Barbosa; o vice-prefeito de Palmas, Carlos Eduardo Veloso; o conselheiro do TCE-TO, Severiano Costandrade de Aguiar; e o vice-presidente da CIADSETA, Ant\u00f4nio Xavier dos Santos Vale.<\/p>\n","protected":false},"excerpt":{"rendered":"<p>Nesta quarta-feira, 24 de abril, a Assembleia Legislativa do Tocantins foi palco de uma sess\u00e3o solene especial em comemora\u00e7\u00e3o ao Dia Estadual do Evang\u00e9lico, promovida pelo deputado estadual Gip\u00e3o (PL). O evento reuniu l\u00edderes religiosos, autoridades e fi\u00e9is de diversas regi\u00f5es do estado para celebrar a f\u00e9 crist\u00e3 e reconhecer o trabalho das igrejas evang\u00e9licas [&hellip;]<\/p>\n","protected":false},"author":2,"featured_media":21746,"comment_status":"open","ping_status":"open","sticky":false,"template":"","format":"standard","meta":[],"categories":[8],"tags":[],"_links":{"self":[{"href":"https:\/\/dgospel.com.br\/portal\/index.php\/wp-json\/wp\/v2\/posts\/21745"}],"collection":[{"href":"https:\/\/dgospel.com.br\/portal\/index.php\/wp-json\/wp\/v2\/posts"}],"about":[{"href":"https:\/\/dgospel.com.br\/portal\/index.php\/wp-json\/wp\/v2\/types\/post"}],"author":[{"embeddable":true,"href":"https:\/\/dgospel.com.br\/portal\/index.php\/wp-json\/wp\/v2\/users\/2"}],"replies":[{"embeddable":true,"href":"https:\/\/dgospel.com.br\/portal\/index.php\/wp-json\/wp\/v2\/comments?post=21745"}],"version-history":[{"count":1,"href":"https:\/\/dgospel.com.br\/portal\/index.php\/wp-json\/wp\/v2\/posts\/21745\/revisions"}],"predecessor-version":[{"id":21748,"href":"https:\/\/dgospel.com.br\/portal\/index.php\/wp-json\/wp\/v2\/posts\/21745\/revisions\/21748"}],"wp:featuredmedia":[{"embeddable":true,"href":"https:\/\/dgospel.com.br\/portal\/index.php\/wp-json\/wp\/v2\/media\/21746"}],"wp:attachment":[{"href":"https:\/\/dgospel.com.br\/portal\/index.php\/wp-json\/wp\/v2\/media?parent=21745"}],"wp:term":[{"taxonomy":"category","embeddable":true,"href":"https:\/\/dgospel.com.br\/portal\/index.php\/wp-json\/wp\/v2\/categories?post=21745"},{"taxonomy":"post_tag","embeddable":true,"href":"https:\/\/dgospel.com.br\/portal\/index.php\/wp-json\/wp\/v2\/tags?post=21745"}],"curies":[{"name":"wp","href":"https:\/\/api.w.org\/{rel}","templated":true}]}}