{"id":21765,"date":"2025-04-25T18:17:05","date_gmt":"2025-04-25T21:17:05","guid":{"rendered":"https:\/\/dgospel.com.br\/portal\/?p=21765"},"modified":"2025-04-25T18:17:06","modified_gmt":"2025-04-25T21:17:06","slug":"stf-forma-maioria-e-derruba-leis-estaduais-e-municipais-sobre-linguagem-neutra","status":"publish","type":"post","link":"https:\/\/dgospel.com.br\/portal\/index.php\/2025\/04\/25\/stf-forma-maioria-e-derruba-leis-estaduais-e-municipais-sobre-linguagem-neutra\/","title":{"rendered":"STF forma maioria e derruba leis estaduais e municipais sobre linguagem neutra"},"content":{"rendered":"\n<p>O\u00a0<strong>Supremo Tribunal Federal (STF)<\/strong>\u00a0formou maioria no plen\u00e1rio virtual para derrubar leis municipais e estaduais que tratavam do uso e ensino da\u00a0<strong>linguagem neutra<\/strong>\u00a0em institui\u00e7\u00f5es de ensino. A decis\u00e3o estabelece que\u00a0<strong>somente a Uni\u00e3o<\/strong>\u00a0tem compet\u00eancia para legislar sobre o uso da l\u00edngua portuguesa em escolas e pol\u00edticas educacionais.<\/p>\n\n\n\n<p>A discuss\u00e3o envolveu leis aprovadas em&nbsp;<strong>munic\u00edpios do Rio Grande do Sul e Minas Gerais<\/strong>&nbsp;que restringiam ou regulamentavam o uso da linguagem neutra. Por 7 votos a 0 at\u00e9 o momento, o Supremo anulou as normas locais, reafirmando que&nbsp;<strong>estados e munic\u00edpios n\u00e3o t\u00eam autonomia para criar regras sobre o tema<\/strong>.<\/p>\n\n\n\n<p>O relator, ministro&nbsp;<strong>Andr\u00e9 Mendon\u00e7a<\/strong>, votou pela invalida\u00e7\u00e3o das leis e foi acompanhado pelos ministros&nbsp;<strong>Alexandre de Moraes<\/strong>,&nbsp;<strong>C\u00e1rmen L\u00facia<\/strong>,&nbsp;<strong>Fl\u00e1vio Dino<\/strong>,&nbsp;<strong>Edson Fachin<\/strong>,&nbsp;<strong>Dias Toffoli<\/strong>&nbsp;e&nbsp;<strong>Gilmar Mendes<\/strong>.<\/p>\n\n\n\n<p>No voto, Mendon\u00e7a argumentou que o ensino da l\u00edngua portuguesa est\u00e1 previsto na Constitui\u00e7\u00e3o e em normas federais espec\u00edficas, como a&nbsp;<strong>Lei de Diretrizes e Bases da Educa\u00e7\u00e3o Nacional (LDB)<\/strong>. Assim, qualquer altera\u00e7\u00e3o sobre o padr\u00e3o lingu\u00edstico a ser ensinado nas escolas p\u00fablicas e privadas&nbsp;<strong>deve ser feita exclusivamente pela Uni\u00e3o<\/strong>, para garantir a uniformidade educacional em todo o pa\u00eds.<\/p>\n\n\n\n<p>O relator tamb\u00e9m destacou que permitir que cada munic\u00edpio ou estado adote regras pr\u00f3prias sobre o idioma poderia gerar&nbsp;<strong>confus\u00e3o normativa<\/strong>&nbsp;e&nbsp;<strong>desigualdades educacionais<\/strong>&nbsp;entre regi\u00f5es.<\/p>\n\n\n\n<blockquote class=\"wp-block-quote\"><p class=\"\">\u201cCompete privativamente \u00e0 Uni\u00e3o legislar sobre diretrizes e bases da educa\u00e7\u00e3o nacional, bem como sobre normas gerais da l\u00edngua portuguesa\u201d, escreveu Mendon\u00e7a em seu voto.<\/p><\/blockquote>\n\n\n\n<p>Essa n\u00e3o \u00e9 a primeira vez que o STF enfrenta o debate sobre a linguagem neutra. Em julgamentos anteriores, a Corte j\u00e1 havia fixado a tese de que tentativas locais de proibir ou regulamentar o uso da linguagem neutra \u2014 muitas vezes motivadas por disputas pol\u00edticas e culturais \u2014&nbsp;<strong>violam a Constitui\u00e7\u00e3o ao invadir compet\u00eancia federal<\/strong>.<\/p>\n\n\n\n<p>Com a nova decis\u00e3o, o Supremo consolida o entendimento de que&nbsp;<strong>n\u00e3o cabe a estados e munic\u00edpios legislar sobre o uso formal da linguagem em ambientes educacionais<\/strong>.<\/p>\n\n\n\n<p>O julgamento ainda est\u00e1 em andamento no plen\u00e1rio virtual, mas a maioria j\u00e1 est\u00e1 formada, e o resultado final deve ser confirmado nos pr\u00f3ximos dias.<\/p>\n","protected":false},"excerpt":{"rendered":"<p>O\u00a0Supremo Tribunal Federal (STF)\u00a0formou maioria no plen\u00e1rio virtual para derrubar leis municipais e estaduais que tratavam do uso e ensino da\u00a0linguagem neutra\u00a0em institui\u00e7\u00f5es de ensino. A decis\u00e3o estabelece que\u00a0somente a Uni\u00e3o\u00a0tem compet\u00eancia para legislar sobre o uso da l\u00edngua portuguesa em escolas e pol\u00edticas educacionais. A discuss\u00e3o envolveu leis aprovadas em&nbsp;munic\u00edpios do Rio Grande do [&hellip;]<\/p>\n","protected":false},"author":2,"featured_media":21766,"comment_status":"open","ping_status":"open","sticky":false,"template":"","format":"standard","meta":[],"categories":[10],"tags":[13],"_links":{"self":[{"href":"https:\/\/dgospel.com.br\/portal\/index.php\/wp-json\/wp\/v2\/posts\/21765"}],"collection":[{"href":"https:\/\/dgospel.com.br\/portal\/index.php\/wp-json\/wp\/v2\/posts"}],"about":[{"href":"https:\/\/dgospel.com.br\/portal\/index.php\/wp-json\/wp\/v2\/types\/post"}],"author":[{"embeddable":true,"href":"https:\/\/dgospel.com.br\/portal\/index.php\/wp-json\/wp\/v2\/users\/2"}],"replies":[{"embeddable":true,"href":"https:\/\/dgospel.com.br\/portal\/index.php\/wp-json\/wp\/v2\/comments?post=21765"}],"version-history":[{"count":1,"href":"https:\/\/dgospel.com.br\/portal\/index.php\/wp-json\/wp\/v2\/posts\/21765\/revisions"}],"predecessor-version":[{"id":21767,"href":"https:\/\/dgospel.com.br\/portal\/index.php\/wp-json\/wp\/v2\/posts\/21765\/revisions\/21767"}],"wp:featuredmedia":[{"embeddable":true,"href":"https:\/\/dgospel.com.br\/portal\/index.php\/wp-json\/wp\/v2\/media\/21766"}],"wp:attachment":[{"href":"https:\/\/dgospel.com.br\/portal\/index.php\/wp-json\/wp\/v2\/media?parent=21765"}],"wp:term":[{"taxonomy":"category","embeddable":true,"href":"https:\/\/dgospel.com.br\/portal\/index.php\/wp-json\/wp\/v2\/categories?post=21765"},{"taxonomy":"post_tag","embeddable":true,"href":"https:\/\/dgospel.com.br\/portal\/index.php\/wp-json\/wp\/v2\/tags?post=21765"}],"curies":[{"name":"wp","href":"https:\/\/api.w.org\/{rel}","templated":true}]}}