{"id":21775,"date":"2025-04-29T09:52:00","date_gmt":"2025-04-29T12:52:00","guid":{"rendered":"https:\/\/dgospel.com.br\/portal\/?p=21775"},"modified":"2025-04-29T12:46:39","modified_gmt":"2025-04-29T15:46:39","slug":"com-alta-rejeicao-entre-religiosos-pt-lanca-curso-para-evangelicos","status":"publish","type":"post","link":"https:\/\/dgospel.com.br\/portal\/index.php\/2025\/04\/29\/com-alta-rejeicao-entre-religiosos-pt-lanca-curso-para-evangelicos\/","title":{"rendered":"Com alta rejei\u00e7\u00e3o entre religiosos, PT lan\u00e7a curso para evang\u00e9licos"},"content":{"rendered":"\n<p>O Partido dos Trabalhadores (PT) lan\u00e7ar\u00e1 em maio o curso&nbsp;<em>F\u00e9 e Democracia para Evang\u00e9licos e Evang\u00e9licas<\/em>, em S\u00e3o Paulo, para tentar se aproximar do segmento que mais rejeita o governo Lula. Segundo pesquisa Datafolha, 49% dos evang\u00e9licos avaliam a gest\u00e3o como ruim ou p\u00e9ssima, enquanto apenas 19% a consideram boa ou \u00f3tima.<\/p>\n\n\n\n<p>A forma\u00e7\u00e3o ser\u00e1 oferecida pela Funda\u00e7\u00e3o Perseu Abramo e ter\u00e1 a participa\u00e7\u00e3o de lideran\u00e7as religiosas filiadas ao partido, como a deputada federal Benedita da Silva (RJ). O objetivo \u00e9 melhorar o di\u00e1logo entre petistas e evang\u00e9licos.<\/p>\n\n\n\n<p>O curso faz parte de uma estrat\u00e9gia do PT para reduzir a dist\u00e2ncia com o p\u00fablico religioso. Em 2024, o partido j\u00e1 havia promovido uma forma\u00e7\u00e3o sobre religi\u00e3o e democracia e divulgado v\u00eddeos com militantes crist\u00e3os.<\/p>\n\n\n\n<p>Lideran\u00e7as petistas defendem que o fortalecimento dessa rela\u00e7\u00e3o \u00e9 essencial para aumentar a inten\u00e7\u00e3o de voto em 2026. No ano passado, o PT tamb\u00e9m lan\u00e7ou uma cartilha com orienta\u00e7\u00f5es para candidatos sobre como conversar com o eleitorado evang\u00e9lico. As informa\u00e7\u00f5es s\u00e3o do O Estad\u00e3o de S\u00e3o Paulo e O Globo.<\/p>\n","protected":false},"excerpt":{"rendered":"<p>O Partido dos Trabalhadores (PT) lan\u00e7ar\u00e1 em maio o curso&nbsp;F\u00e9 e Democracia para Evang\u00e9licos e Evang\u00e9licas, em S\u00e3o Paulo, para tentar se aproximar do segmento que mais rejeita o governo Lula. Segundo pesquisa Datafolha, 49% dos evang\u00e9licos avaliam a gest\u00e3o como ruim ou p\u00e9ssima, enquanto apenas 19% a consideram boa ou \u00f3tima. A forma\u00e7\u00e3o ser\u00e1 [&hellip;]<\/p>\n","protected":false},"author":2,"featured_media":21776,"comment_status":"open","ping_status":"open","sticky":false,"template":"","format":"standard","meta":[],"categories":[6,4],"tags":[],"_links":{"self":[{"href":"https:\/\/dgospel.com.br\/portal\/index.php\/wp-json\/wp\/v2\/posts\/21775"}],"collection":[{"href":"https:\/\/dgospel.com.br\/portal\/index.php\/wp-json\/wp\/v2\/posts"}],"about":[{"href":"https:\/\/dgospel.com.br\/portal\/index.php\/wp-json\/wp\/v2\/types\/post"}],"author":[{"embeddable":true,"href":"https:\/\/dgospel.com.br\/portal\/index.php\/wp-json\/wp\/v2\/users\/2"}],"replies":[{"embeddable":true,"href":"https:\/\/dgospel.com.br\/portal\/index.php\/wp-json\/wp\/v2\/comments?post=21775"}],"version-history":[{"count":1,"href":"https:\/\/dgospel.com.br\/portal\/index.php\/wp-json\/wp\/v2\/posts\/21775\/revisions"}],"predecessor-version":[{"id":21777,"href":"https:\/\/dgospel.com.br\/portal\/index.php\/wp-json\/wp\/v2\/posts\/21775\/revisions\/21777"}],"wp:featuredmedia":[{"embeddable":true,"href":"https:\/\/dgospel.com.br\/portal\/index.php\/wp-json\/wp\/v2\/media\/21776"}],"wp:attachment":[{"href":"https:\/\/dgospel.com.br\/portal\/index.php\/wp-json\/wp\/v2\/media?parent=21775"}],"wp:term":[{"taxonomy":"category","embeddable":true,"href":"https:\/\/dgospel.com.br\/portal\/index.php\/wp-json\/wp\/v2\/categories?post=21775"},{"taxonomy":"post_tag","embeddable":true,"href":"https:\/\/dgospel.com.br\/portal\/index.php\/wp-json\/wp\/v2\/tags?post=21775"}],"curies":[{"name":"wp","href":"https:\/\/api.w.org\/{rel}","templated":true}]}}