{"id":21781,"date":"2025-04-30T11:08:06","date_gmt":"2025-04-30T14:08:06","guid":{"rendered":"https:\/\/dgospel.com.br\/portal\/?p=21781"},"modified":"2025-04-30T11:08:07","modified_gmt":"2025-04-30T14:08:07","slug":"governador-wanderlei-barbosa-e-prefeito-eduardo-siqueira-formalizam-devolucao-do-estadio-nilton-santos-para-o-estado","status":"publish","type":"post","link":"https:\/\/dgospel.com.br\/portal\/index.php\/2025\/04\/30\/governador-wanderlei-barbosa-e-prefeito-eduardo-siqueira-formalizam-devolucao-do-estadio-nilton-santos-para-o-estado\/","title":{"rendered":"Governador Wanderlei Barbosa e prefeito Eduardo Siqueira formalizam devolu\u00e7\u00e3o do Est\u00e1dio Nilton Santos para o Estado"},"content":{"rendered":"\n<p>O governador do Tocantins, Wanderlei Barbosa, e o prefeito de Palmas, Eduardo Siqueira Campos, firmaram a devolu\u00e7\u00e3o do terreno do Est\u00e1dio Nilton Santos ao Governo do Estado, durante reuni\u00e3o que ocorreu na manh\u00e3 desta ter\u00e7a-feira, 29, no Pal\u00e1cio Araguaia Governador Jos\u00e9 Wilson Siqueira Campos. Na ocasi\u00e3o, o prefeito tamb\u00e9m oficializou a transfer\u00eancia da \u00e1rea do Centro de Aten\u00e7\u00e3o \u00e0 Crian\u00e7a Girassol de Tempo Integral (Caic), que ser\u00e1 destinada \u00e0 constru\u00e7\u00e3o de uma nova escola de tempo integral, padr\u00e3o estadual, pelo Governo do Tocantins.<\/p>\n\n\n\n<p>Durante o encontro, o governador Wanderlei Barbosa destacou a import\u00e2ncia da coopera\u00e7\u00e3o entre o Estado e o munic\u00edpio de Palmas para o desenvolvimento da capital. \u201cEssa intera\u00e7\u00e3o \u00e9 fundamental. Com a devolu\u00e7\u00e3o da \u00e1rea do Est\u00e1dio Nilton Santos, que \u00e9 o maior do nosso estado, e a concess\u00e3o da \u00e1rea do Caic, n\u00f3s poderemos revitalizar e destinar os investimentos necess\u00e1rios. Precisamos entender que a responsabilidade pelo desenvolvimento \u00e9 de todos n\u00f3s gestores, tanto na \u00e1rea do esporte quanto da educa\u00e7\u00e3o, da sa\u00fade e de todas as outras. Temos que atuar como parceiros, entender a import\u00e2ncia da jun\u00e7\u00e3o de esfor\u00e7os e tamb\u00e9m trabalhar na infraestrutura de locais que possam atrair turistas para fomentar o crescimento da capital\u201d, enfatizou o chefe do Executivo.<\/p>\n\n\n\n<p>O prefeito de Palmas, Eduardo Siqueira Campos, assegurou que a devolu\u00e7\u00e3o do terreno do Est\u00e1dio Nilton Santos ao Governo do Tocantins ser\u00e1 um passo importante para a revitaliza\u00e7\u00e3o do espa\u00e7o e o fortalecimento do esporte na capital. \u201cJ\u00e1 estou autorizando a devolu\u00e7\u00e3o do terreno do Nilton Santos e dando sua permiss\u00e3o para a Seju [Secretaria de Estado dos Esportes e Juventude] realizar a visita t\u00e9cnica para analisar e iniciar o projeto. Tenho certeza de que o governador Wanderlei Barbosa ter\u00e1 condi\u00e7\u00f5es de investir da melhor maneira e atrair os recursos necess\u00e1rios. Esperamos agendar os pr\u00f3ximos passos e concluir as demandas para avan\u00e7armos com esta reforma\u201d, salientou o gestor.<\/p>\n\n\n\n<p>Presente na reuni\u00e3o, o secret\u00e1rio de Estado dos Esportes e Juventude, Atos Gomes, informou que ir\u00e1 se reunir com a equipe t\u00e9cnica da pasta ainda nesta ter\u00e7a-feira, 29, para iniciar a elabora\u00e7\u00e3o do projeto de amplia\u00e7\u00e3o e reforma do espa\u00e7o. \u201cRecebemos essa not\u00edcia com muita alegria. O Est\u00e1dio Nilton Santos \u00e9 uma das pra\u00e7as esportivas mais importantes do Tocantins e, agora, o Estado pode retomar a posse para realizar investimentos, contemplar e fortalecer o esporte. Ainda hoje&nbsp;<em>[ter\u00e7a-feira, 29]<\/em>, vou reunir a equipe t\u00e9cnica para iniciar o projeto de amplia\u00e7\u00e3o e reforma. A partir deste momento, j\u00e1 temos o aval para entrar no est\u00e1dio e fazer as devidas interven\u00e7\u00f5es t\u00e9cnicas, para que, em breve, possamos anunciar a reforma definitiva\u201d, pontuou o titular da Seju.<\/p>\n\n\n\n<p><strong>Concess\u00e3o da \u00e1rea do Caic<\/strong><\/p>\n\n\n\n<p>Na oportunidade, o prefeito Eduardo Siqueira Campos oficializou a entrega da \u00e1rea total de 24 mil m\u00b2 do Caic, escola desativada em 2019 ap\u00f3s 30 anos de funcionamento, localizada no Jardim Aureny IV, na regi\u00e3o sul de Palmas. A doa\u00e7\u00e3o foi autorizada por meio da Lei Complementar n\u00ba 441, de 25 de abril de 2025, que ser\u00e1 publicada pelo munic\u00edpio nesta ter\u00e7a-feira, 29.<\/p>\n\n\n\n<p>A concess\u00e3o permitir\u00e1 a constru\u00e7\u00e3o de uma nova Escola de Tempo Integral (ETI) pelo Governo do Tocantins, no local da antiga unidade. O conv\u00eanio para a execu\u00e7\u00e3o da obra foi firmado com o Fundo Nacional de Desenvolvimento da Educa\u00e7\u00e3o (FNDE), por meio da Caixa Econ\u00f4mica Federal, em agosto de 2024, como resultado do projeto elaborado pela Secretaria de Estado da Educa\u00e7\u00e3o (Seduc) e aprovado pelo Novo Programa de Acelera\u00e7\u00e3o do Crescimento (Novo PAC).<\/p>\n\n\n\n<p>O programa destinou R$ 22.455.157,04, abrangendo Palmas e Gurupi, para a expans\u00e3o do ensino integral no estado. O Governo do Tocantins fez uma contrapartida no valor de R$ 716.653,96 e de R$ 716.653,95 para as obras nas duas cidades, respectivamente. Al\u00e9m disso, as escolas receber\u00e3o o investimento de cerca de R$ 10 milh\u00f5es da gest\u00e3o estadual para aquisi\u00e7\u00e3o de todo o mobili\u00e1rio necess\u00e1rio para o pleno funcionamento das atividades.<\/p>\n\n\n\n<p>Ao representar o secret\u00e1rio de Estado da Educa\u00e7\u00e3o, F\u00e1bio Vaz, o secret\u00e1rio-executivo da pasta, Edinho Fernandes, ressaltou que a previs\u00e3o \u00e9 de que a Ordem de Servi\u00e7o para autorizar o in\u00edcio das obras seja emitida em at\u00e9 60 dias. \u201cA licita\u00e7\u00e3o foi realizada pela Seduc no dia 25 e, a previs\u00e3o \u00e9 de que, no m\u00e1ximo em 60 dias, conseguiremos emitir a Ordem de Servi\u00e7o. O nosso objetivo e compromisso \u00e9 que tudo seja feito o mais r\u00e1pido poss\u00edvel\u201d, declarou o secret\u00e1rio-executivo da Seduc.<\/p>\n\n\n\n<p><img src=\"https:\/\/central.to.gov.br\/image\/422675?w=670&amp;h=414\"><\/p>\n\n\n\n<p>Durante o encontro, o governador Wanderlei Barbosa destacou a import\u00e2ncia da parceria entre Estado e munic\u00edpio para o fortalecimento da educa\u00e7\u00e3o e do esporte &#8211; Ant\u00f4nio Gon\u00e7alves\/Governo do Tocantins&nbsp;<a href=\"https:\/\/central.to.gov.br\/image\/422675?f=1\" target=\"_blank\" rel=\"noreferrer noopener\"><em>file_download<\/em><\/a><\/p>\n\n\n\n<p><img src=\"https:\/\/central.to.gov.br\/image\/422674?w=670&amp;h=414\"><\/p>\n\n\n\n<p>O prefeito de Palmas, Eduardo Siqueira Campos, reafirmou o apoio \u00e0 revitaliza\u00e7\u00e3o do Est\u00e1dio Nilton Santos e \u00e0 constru\u00e7\u00e3o da nova Escola de Tempo Integral no Jardim Aureny IV &#8211; Ant\u00f4nio Gon\u00e7alves\/Governo do Tocantins&nbsp;<a href=\"https:\/\/central.to.gov.br\/image\/422674?f=1\" target=\"_blank\" rel=\"noreferrer noopener\"><em>file_download<\/em><\/a><\/p>\n\n\n\n<p><img src=\"https:\/\/central.to.gov.br\/image\/422673?w=670&amp;h=414\"><\/p>\n\n\n\n<p>O secret\u00e1rio de Estado dos Esportes e Juventude, Atos Gomes, informou que a equipe t\u00e9cnica da Seju inicia o projeto de reforma do Est\u00e1dio Nilton Santos ainda esta semana &#8211; Ant\u00f4nio Gon\u00e7alves\/Governo do Tocantins&nbsp;<a href=\"https:\/\/central.to.gov.br\/image\/422673?f=1\" target=\"_blank\" rel=\"noreferrer noopener\"><em>file_download<\/em><\/a><\/p>\n\n\n\n<p><img src=\"https:\/\/central.to.gov.br\/image\/422672?w=670&amp;h=414\"><\/p>\n\n\n\n<p>Reuni\u00e3o que ocorreu nesta ter\u00e7a-feira, 29, no Pal\u00e1cio Araguaia, contou com a presen\u00e7a de secret\u00e1rios de Estado e demais autoridades &#8211; Ant\u00f4nio Gon\u00e7alves\/Governo do Tocantins&nbsp;<a href=\"https:\/\/central.to.gov.br\/image\/422672?f=1\" target=\"_blank\" rel=\"noreferrer noopener\"><em>file_download<\/em><\/a><\/p>\n","protected":false},"excerpt":{"rendered":"<p>O governador do Tocantins, Wanderlei Barbosa, e o prefeito de Palmas, Eduardo Siqueira Campos, firmaram a devolu\u00e7\u00e3o do terreno do Est\u00e1dio Nilton Santos ao Governo do Estado, durante reuni\u00e3o que ocorreu na manh\u00e3 desta ter\u00e7a-feira, 29, no Pal\u00e1cio Araguaia Governador Jos\u00e9 Wilson Siqueira Campos. Na ocasi\u00e3o, o prefeito tamb\u00e9m oficializou a transfer\u00eancia da \u00e1rea do [&hellip;]<\/p>\n","protected":false},"author":2,"featured_media":21782,"comment_status":"open","ping_status":"open","sticky":false,"template":"","format":"standard","meta":[],"categories":[3],"tags":[13],"_links":{"self":[{"href":"https:\/\/dgospel.com.br\/portal\/index.php\/wp-json\/wp\/v2\/posts\/21781"}],"collection":[{"href":"https:\/\/dgospel.com.br\/portal\/index.php\/wp-json\/wp\/v2\/posts"}],"about":[{"href":"https:\/\/dgospel.com.br\/portal\/index.php\/wp-json\/wp\/v2\/types\/post"}],"author":[{"embeddable":true,"href":"https:\/\/dgospel.com.br\/portal\/index.php\/wp-json\/wp\/v2\/users\/2"}],"replies":[{"embeddable":true,"href":"https:\/\/dgospel.com.br\/portal\/index.php\/wp-json\/wp\/v2\/comments?post=21781"}],"version-history":[{"count":1,"href":"https:\/\/dgospel.com.br\/portal\/index.php\/wp-json\/wp\/v2\/posts\/21781\/revisions"}],"predecessor-version":[{"id":21783,"href":"https:\/\/dgospel.com.br\/portal\/index.php\/wp-json\/wp\/v2\/posts\/21781\/revisions\/21783"}],"wp:featuredmedia":[{"embeddable":true,"href":"https:\/\/dgospel.com.br\/portal\/index.php\/wp-json\/wp\/v2\/media\/21782"}],"wp:attachment":[{"href":"https:\/\/dgospel.com.br\/portal\/index.php\/wp-json\/wp\/v2\/media?parent=21781"}],"wp:term":[{"taxonomy":"category","embeddable":true,"href":"https:\/\/dgospel.com.br\/portal\/index.php\/wp-json\/wp\/v2\/categories?post=21781"},{"taxonomy":"post_tag","embeddable":true,"href":"https:\/\/dgospel.com.br\/portal\/index.php\/wp-json\/wp\/v2\/tags?post=21781"}],"curies":[{"name":"wp","href":"https:\/\/api.w.org\/{rel}","templated":true}]}}