{"id":21784,"date":"2025-04-30T11:28:55","date_gmt":"2025-04-30T14:28:55","guid":{"rendered":"https:\/\/dgospel.com.br\/portal\/?p=21784"},"modified":"2025-04-30T11:28:57","modified_gmt":"2025-04-30T14:28:57","slug":"governo-do-tocantins-inaugura-novo-laboratorio-de-informatica-para-aulas-de-educacao-superior-na-unidade-penal-regional-de-palmas","status":"publish","type":"post","link":"https:\/\/dgospel.com.br\/portal\/index.php\/2025\/04\/30\/governo-do-tocantins-inaugura-novo-laboratorio-de-informatica-para-aulas-de-educacao-superior-na-unidade-penal-regional-de-palmas\/","title":{"rendered":"Governo do Tocantins inaugura novo laborat\u00f3rio de inform\u00e1tica para aulas de educa\u00e7\u00e3o superior na Unidade Penal Regional de Palmas"},"content":{"rendered":"\n<p>O Governo do Tocantins, por meio da Secretaria de Estado da Cidadania e Justi\u00e7a (Seciju), inaugurou, nessa segunda-feira, 28, o novo laborat\u00f3rio de inform\u00e1tica da Unidade Penal Regional de Palmas, a\u00e7\u00e3o que marcou o in\u00edcio das aulas dos cursos de gradua\u00e7\u00e3o e p\u00f3s-gradua\u00e7\u00e3o para pessoas privadas de liberdade.<\/p>\n\n\n\n<p>O espa\u00e7o foi equipado com 13 computadores e softwares atualizados, possibilitando a oferta de cursos de capacita\u00e7\u00e3o como inform\u00e1tica b\u00e1sica, digita\u00e7\u00e3o e programa\u00e7\u00e3o, al\u00e9m de forma\u00e7\u00f5es voltadas \u00e0s exig\u00eancias do mercado de trabalho.<\/p>\n\n\n\n<p>A estrutura tamb\u00e9m servir\u00e1 como suporte para atividades educacionais em n\u00edvel superior, garantindo o acesso a materiais did\u00e1ticos e plataformas de ensino a dist\u00e2ncia para os custodiados. Atualmente, tr\u00eas custodiados est\u00e3o matriculados em cursos de gradua\u00e7\u00e3o e um em p\u00f3s-gradua\u00e7\u00e3o.<\/p>\n\n\n\n<p>O novo laborat\u00f3rio permitir\u00e1 que esses estudantes deem continuidade aos seus estudos, mesmo durante o cumprimento da pena, como \u00e9 o caso de um dos custodiados que concluiu o ensino m\u00e9dio na Unidade Penal de Palmas e agora faz um curso superior. \u201cUm projeto como este \u00e9 muito importante para a reintegra\u00e7\u00e3o social, pois vai ajudar a conseguir um emprego l\u00e1 fora. Existe o preconceito com um ex-presidi\u00e1rio, ainda mais sem estudo e sem conhecimento, e um projeto como esse pode abrir portas\u201d, pontuou.&nbsp;<\/p>\n\n\n\n<p>O gerente de Reintegra\u00e7\u00e3o Social Trabalho e Renda ao Preso e Egresso do Sistema Penal, Dilson J\u00fanior, destacou que a iniciativa proporciona uma nova perspectiva de vida ao custodiado. \u201cEsse projeto contribui diretamente para a reintegra\u00e7\u00e3o social do custodiado, que sai do Sistema Penal com um diploma e pronto para uma vida longe do crime, j\u00e1 que agora \u00e9 capacitado\u201d, concluiu.&nbsp;<\/p>\n\n\n\n<p><strong>Uso do laborat\u00f3rio<\/strong><\/p>\n\n\n\n<p>Para utilizar o laborat\u00f3rio, o custodiado precisa atender alguns requisitos, como bom comportamento e disciplina, e estar devidamente matriculado em um curso, como ensino profissionalizante, superior ou de p\u00f3s-gradua\u00e7\u00e3o. Al\u00e9m disso, o uso \u00e9 restrito \u00e0s atividades relacionadas \u00e0 educa\u00e7\u00e3o e possuem monitoramento constante dos policiais penais.<\/p>\n\n\n\n<p>Al\u00e9m da Unidade Penal Regional de Palmas, as unidades penais de Cariri e de Tratamento Penal Barra da Grota tamb\u00e9m possuem laborat\u00f3rios de inform\u00e1tica para atender \u00e0s pol\u00edticas p\u00fablicas de reintegra\u00e7\u00e3o.<\/p>\n\n\n\n<p><img src=\"https:\/\/central.to.gov.br\/image\/422684?w=670&amp;h=414\"><\/p>\n\n\n\n<p>Laborat\u00f3rio tamb\u00e9m oferta curso de inform\u00e1tica b\u00e1sica, digita\u00e7\u00e3o e programa\u00e7\u00e3o para custodiados &#8211; Seciju\/Governo do Tocantins&nbsp;<a href=\"https:\/\/central.to.gov.br\/image\/422684?f=1\" target=\"_blank\" rel=\"noreferrer noopener\"><em>file_download<\/em><\/a><\/p>\n","protected":false},"excerpt":{"rendered":"<p>O Governo do Tocantins, por meio da Secretaria de Estado da Cidadania e Justi\u00e7a (Seciju), inaugurou, nessa segunda-feira, 28, o novo laborat\u00f3rio de inform\u00e1tica da Unidade Penal Regional de Palmas, a\u00e7\u00e3o que marcou o in\u00edcio das aulas dos cursos de gradua\u00e7\u00e3o e p\u00f3s-gradua\u00e7\u00e3o para pessoas privadas de liberdade. O espa\u00e7o foi equipado com 13 computadores [&hellip;]<\/p>\n","protected":false},"author":2,"featured_media":21785,"comment_status":"open","ping_status":"open","sticky":false,"template":"","format":"standard","meta":[],"categories":[3],"tags":[13],"_links":{"self":[{"href":"https:\/\/dgospel.com.br\/portal\/index.php\/wp-json\/wp\/v2\/posts\/21784"}],"collection":[{"href":"https:\/\/dgospel.com.br\/portal\/index.php\/wp-json\/wp\/v2\/posts"}],"about":[{"href":"https:\/\/dgospel.com.br\/portal\/index.php\/wp-json\/wp\/v2\/types\/post"}],"author":[{"embeddable":true,"href":"https:\/\/dgospel.com.br\/portal\/index.php\/wp-json\/wp\/v2\/users\/2"}],"replies":[{"embeddable":true,"href":"https:\/\/dgospel.com.br\/portal\/index.php\/wp-json\/wp\/v2\/comments?post=21784"}],"version-history":[{"count":1,"href":"https:\/\/dgospel.com.br\/portal\/index.php\/wp-json\/wp\/v2\/posts\/21784\/revisions"}],"predecessor-version":[{"id":21786,"href":"https:\/\/dgospel.com.br\/portal\/index.php\/wp-json\/wp\/v2\/posts\/21784\/revisions\/21786"}],"wp:featuredmedia":[{"embeddable":true,"href":"https:\/\/dgospel.com.br\/portal\/index.php\/wp-json\/wp\/v2\/media\/21785"}],"wp:attachment":[{"href":"https:\/\/dgospel.com.br\/portal\/index.php\/wp-json\/wp\/v2\/media?parent=21784"}],"wp:term":[{"taxonomy":"category","embeddable":true,"href":"https:\/\/dgospel.com.br\/portal\/index.php\/wp-json\/wp\/v2\/categories?post=21784"},{"taxonomy":"post_tag","embeddable":true,"href":"https:\/\/dgospel.com.br\/portal\/index.php\/wp-json\/wp\/v2\/tags?post=21784"}],"curies":[{"name":"wp","href":"https:\/\/api.w.org\/{rel}","templated":true}]}}