{"id":21787,"date":"2025-04-30T11:34:01","date_gmt":"2025-04-30T14:34:01","guid":{"rendered":"https:\/\/dgospel.com.br\/portal\/?p=21787"},"modified":"2025-04-30T11:34:02","modified_gmt":"2025-04-30T14:34:02","slug":"wanderlei-barbosa-entrega-750-titulos-de-propriedade-e-garante-seguranca-juridica-a-familias-da-regiao-sul-de-palmas","status":"publish","type":"post","link":"https:\/\/dgospel.com.br\/portal\/index.php\/2025\/04\/30\/wanderlei-barbosa-entrega-750-titulos-de-propriedade-e-garante-seguranca-juridica-a-familias-da-regiao-sul-de-palmas\/","title":{"rendered":"\u00a0Wanderlei Barbosa entrega 750 t\u00edtulos de propriedade e garante seguran\u00e7a jur\u00eddica a fam\u00edlias da regi\u00e3o sul de Palmas"},"content":{"rendered":"\n<p>Em mais uma a\u00e7\u00e3o de cidadania, o governador Wanderlei Barbosa, acompanhado da primeira-dama e secret\u00e1ria Extraordin\u00e1ria de Participa\u00e7\u00f5es Sociais, Karynne Sotero, entregou nesta ter\u00e7a-feira, 29, titula\u00e7\u00f5es residenciais a 750 fam\u00edlias da regi\u00e3o sul de Palmas. Promovido pelo Governo do Tocantins, por meio da Companhia Imobili\u00e1ria de Participa\u00e7\u00f5es, Investimentos e Parcerias (Tocantins Parcerias), o evento de entrega ocorreu na feira coberta do Jardim Aureny I, beneficiando moradores dos setores Aureny I, II, III e IV, e Arses 112, 122 e 132.<\/p>\n\n\n\n<p>A titula\u00e7\u00e3o tem sido uma pol\u00edtica ativa da gest\u00e3o Wanderlei Barbosa, garantindo seguran\u00e7a jur\u00eddica e dignidade a milhares de moradores em todo o estado. \u201cSei o quanto essa titula\u00e7\u00e3o \u00e9 importante, pois, com o documento em m\u00e3os, a pessoa pode buscar melhorias para seu lar, e \u00e9 isso que a popula\u00e7\u00e3o espera de n\u00f3s, governantes. Temos que regularizar todos os que precisam, \u00e9 isso que queremos. N\u00f3s vimos essa cidade nascer e conhecemos as dificuldades dos moradores que n\u00e3o t\u00eam a titula\u00e7\u00e3o dos seus im\u00f3veis\u201d, afirmou o governador na solenidade.<\/p>\n\n\n\n<p>Com a documenta\u00e7\u00e3o leg\u00edtima e registrada em cart\u00f3rio, os moradores passam a ter seguran\u00e7a jur\u00eddica sobre seus im\u00f3veis, podendo realizar melhorias, acessar linhas de cr\u00e9dito habitacional e viver com mais tranquilidade quanto \u00e0 posse de suas moradias.<\/p>\n\n\n\n<p>O presidente da Tocantins Parcerias, Aleandro Lacerda, refor\u00e7ou que os trabalhos est\u00e3o sendo intensificados para que o n\u00famero de regulariza\u00e7\u00f5es aumente, garantindo mais seguridade para a popula\u00e7\u00e3o tocantinense. \u201c\u00c9 gratificante ver o resultado do trabalho de toda a equipe, especialmente das assistentes sociais que estiveram com as fam\u00edlias, cumprindo a determina\u00e7\u00e3o do governador Wanderlei Barbosa de avan\u00e7ar com a regulariza\u00e7\u00e3o fundi\u00e1ria tanto na zona urbana quanto na rural. Hoje&nbsp;<em>[ter\u00e7a,29]<\/em>, mais de 750 fam\u00edlias est\u00e3o recebendo seus t\u00edtulos registrados gratuitamente, e isso representa uma virada de chave: a valoriza\u00e7\u00e3o imediata do im\u00f3vel, seguran\u00e7a na sucess\u00e3o familiar e o sentimento de pertencimento\u201d, comentou.<\/p>\n\n\n\n<p><strong>Regulariza\u00e7\u00e3o fundi\u00e1ria<\/strong><\/p>\n\n\n\n<p>Nos endere\u00e7os Aureny I, II, III e IV, e Arse 112, Arse 122 e Arse 132, muitas fam\u00edlias vivem h\u00e1 d\u00e9cadas em im\u00f3veis dos quais t\u00eam a posse, mas n\u00e3o a documenta\u00e7\u00e3o legal, como escritura e registro em cart\u00f3rio. Para resolver essa situa\u00e7\u00e3o, a Tocantins Parcerias realizou um levantamento para identificar im\u00f3veis ainda registrados em nome do Estado que estavam sendo ocupados. A partir disso, os ocupantes foram notificados e chamados a comparecer \u00e0 sede do \u00f3rg\u00e3o para realizar um cadastro e receber uma visita social, etapa necess\u00e1ria para a emiss\u00e3o da documenta\u00e7\u00e3o definitiva.<\/p>\n\n\n\n<p>Segundo a diretora Imobili\u00e1ria e Comercial da Tocantins Parcerias, Z\u00e9lia Bandeira Asmar, h\u00e1 registros de fam\u00edlias que vivem nesses im\u00f3veis desde o in\u00edcio dos anos 1990, o que refor\u00e7a a import\u00e2ncia do processo de regulariza\u00e7\u00e3o fundi\u00e1ria para garantir seguran\u00e7a jur\u00eddica e dignidade a esses moradores. \u201cEsse documento traz in\u00fameros benef\u00edcios, desde a garantia para herdeiros, a possibilidade de melhorias nos im\u00f3veis e at\u00e9 o uso do bem como garantia para financiar os estudos dos filhos. \u00c9 um avan\u00e7o importante que garante mais dignidade \u00e0s fam\u00edlias\u201d, explicou.<\/p>\n\n\n\n<p>A a\u00e7\u00e3o de regulariza\u00e7\u00e3o tem apoio do Tribunal de Justi\u00e7a do Tocantins (TJTO), por meio da Corregedoria-Geral da Justi\u00e7a (CGJUS), do Cart\u00f3rio de Registro de Im\u00f3veis da Capital e do munic\u00edpio de Palmas.<\/p>\n\n\n\n<p>No dia 13 de mar\u00e7o, o governador Wanderlei Barbosa entregou 1.036 t\u00edtulos definitivos de propriedade a fam\u00edlias do setor Jardim Taquari, tamb\u00e9m na regi\u00e3o sul de Palmas. A a\u00e7\u00e3o beneficiou moradores das quadras T-20, T-21, T-22, T-30, T-31, T-32, T-33 e T-42, como parte da pol\u00edtica de regulariza\u00e7\u00e3o fundi\u00e1ria promovida pelo Governo do Tocantins.<\/p>\n\n\n\n<p><strong>Mudan\u00e7a de vida<\/strong><\/p>\n\n\n\n<p>Representando os moradores que receberam a titula\u00e7\u00e3o, o presidente da Associa\u00e7\u00e3o dos Moradores do Jardim Aureny I, Francisco Ribeiro, relatou a import\u00e2ncia do documento, que representa bem mais do que um papel: \u00e9 a garantia de cidadania de homens e mulheres que vivem na regi\u00e3o sul de Palmas. \u201cAqui temos pessoas que est\u00e3o sonhando com esse t\u00edtulo h\u00e1 anos. Para n\u00f3s, \u00e9 um momento de extrema felicidade e somos gratos ao governador Wanderlei por essa aten\u00e7\u00e3o, pois essa n\u00e3o \u00e9 a primeira vez que ele olha para nossa comunidade\u201d, expressou.<\/p>\n\n\n\n<p>Morando h\u00e1 15 anos no Jardim Aureny II com a fam\u00edlia, Manoel Rodrigues relatou que, finalmente, o sonho da documenta\u00e7\u00e3o da casa pela qual tanto lutou tornou-se realidade. \u201cAntes, sem a documenta\u00e7\u00e3o, era muito dif\u00edcil, pois n\u00e3o t\u00ednhamos seguran\u00e7a. Hoje, nosso sonho se torna realidade. N\u00e3o consigo relatar a emo\u00e7\u00e3o\u201d, contou o aut\u00f4nomo.<\/p>\n\n\n\n<p>Um documento que promete transformar a vida de centenas de fam\u00edlias, \u00e9 assim que se expressou Rita Maria Oliveira, atual presidente da Associa\u00e7\u00e3o de M\u00e3es do Aureny III, entidade que desenvolve a\u00e7\u00f5es sociais voltadas aos moradores da regi\u00e3o sul. Com a regulariza\u00e7\u00e3o dos lotes, mais de 100 mulheres associadas passam a contar n\u00e3o apenas com seguran\u00e7a jur\u00eddica do espa\u00e7o da Associa\u00e7\u00e3o, mas tamb\u00e9m com mais oportunidades de acesso a pol\u00edticas p\u00fablicas e sociais. A conquista abre caminho, inclusive, para a cria\u00e7\u00e3o de uma sede pr\u00f3pria, um sonho antigo da comunidade.<\/p>\n\n\n\n<p>\u201cA gente est\u00e1 muito feliz. Primeiramente, queremos agradecer a Deus, e tamb\u00e9m ao nosso governador Wanderlei Barbosa por ter entregado o nosso t\u00edtulo. Atualmente, estamos com 123 fam\u00edlias associadas. Com o documento, temos v\u00e1rias possibilidades, e isso \u00e9 muito bom. Hoje o dia \u00e9 de muita comemora\u00e7\u00e3o, muita alegria para todas as m\u00e3es e todas as fam\u00edlias\u201d, comemorou Rita Maria Oliveira.<\/p>\n\n\n\n<p><strong>Presen\u00e7as<\/strong><\/p>\n\n\n\n<p>Acompanharam o governador Wanderlei Barbosa na agenda na regi\u00e3o sul de Palmas o prefeito de Palmas, Eduardo Siqueira Campos; o presidente da Assembleia Legislativa do Tocantins (Aleto), Am\u00e9lio Cayres; o presidente da C\u00e2mara de Vereadores de Palmas, Marilon Barbosa; deputados federais; deputados estaduais; secret\u00e1rios de governo e demais autoridades.<br><\/p>\n\n\n\n<p><img src=\"https:\/\/central.to.gov.br\/image\/422711?w=670&amp;h=414\"><\/p>\n\n\n\n<p>Primeira-dama e secret\u00e1ria Extraordin\u00e1ria de Participa\u00e7\u00f5es Sociais, Karynne Sotero, participa da entrega dos t\u00edtulos ao lado do governador &#8211; Esequias Araujo\/Governo do Tocantins&nbsp;<a href=\"https:\/\/central.to.gov.br\/image\/422711?f=1\" target=\"_blank\" rel=\"noreferrer noopener\"><em>file_download<\/em><\/a><\/p>\n\n\n\n<p><img src=\"https:\/\/central.to.gov.br\/image\/422712?w=670&amp;h=414\"><\/p>\n\n\n\n<p>Evento de entrega de t\u00edtulos reuniu centenas de fam\u00edlias na feira coberta do Aureny I &#8211; Marcio Vieira\/Governo do Tocantins&nbsp;<a href=\"https:\/\/central.to.gov.br\/image\/422712?f=1\" target=\"_blank\" rel=\"noreferrer noopener\"><em>file_download<\/em><\/a><\/p>\n\n\n\n<p><img src=\"https:\/\/central.to.gov.br\/image\/422714?w=670&amp;h=414\"><\/p>\n\n\n\n<p>Presidente da Tocantins Parcerias, Aleandro Lacerda, destaca os avan\u00e7os na regulariza\u00e7\u00e3o fundi\u00e1ria pela gest\u00e3o estadual &#8211; Esequias Araujo\/Governo do Tocantins&nbsp;<a href=\"https:\/\/central.to.gov.br\/image\/422714?f=1\" target=\"_blank\" rel=\"noreferrer noopener\"><em>file_download<\/em><\/a><\/p>\n\n\n\n<p><img src=\"https:\/\/central.to.gov.br\/image\/422715?w=670&amp;h=414\"><\/p>\n\n\n\n<p>Francisco Ribeiro, presidente da Associa\u00e7\u00e3o dos Moradores do Jardim Aureny I, comemora conquista hist\u00f3rica ao lado da comunidade &#8211; Marcio Vieira\/Governo do Tocantins&nbsp;<a href=\"https:\/\/central.to.gov.br\/image\/422715?f=1\" target=\"_blank\" rel=\"noreferrer noopener\"><em>file_download<\/em><\/a><\/p>\n\n\n\n<p><img src=\"https:\/\/central.to.gov.br\/image\/422710?w=670&amp;h=414\"><\/p>\n\n\n\n<p>Manoel Rodrigues, morador do Aureny II h\u00e1 15 anos, celebra o recebimento do documento que garante a posse legal de sua casa &#8211; Marcio Vieira\/Governo do Tocantins&nbsp;<a href=\"https:\/\/central.to.gov.br\/image\/422710?f=1\" target=\"_blank\" rel=\"noreferrer noopener\"><em>file_download<\/em><\/a><\/p>\n\n\n\n<p><img src=\"https:\/\/central.to.gov.br\/image\/422709?w=670&amp;h=414\"><\/p>\n\n\n\n<p>Rita Maria Oliveira, presidente da Associa\u00e7\u00e3o de M\u00e3es do Aureny III, agradece ao Governo do Estado pela entrega do t\u00edtulo de propriedade &#8211; Marcio Vieira\/Governo do Tocantins&nbsp;<a href=\"https:\/\/central.to.gov.br\/image\/422709?f=1\" target=\"_blank\" rel=\"noreferrer noopener\"><em>file_download<\/em><\/a><a href=\"javascript:\"><em>keyboard_arrow_up<\/em><\/a><\/p>\n","protected":false},"excerpt":{"rendered":"<p>Em mais uma a\u00e7\u00e3o de cidadania, o governador Wanderlei Barbosa, acompanhado da primeira-dama e secret\u00e1ria Extraordin\u00e1ria de Participa\u00e7\u00f5es Sociais, Karynne Sotero, entregou nesta ter\u00e7a-feira, 29, titula\u00e7\u00f5es residenciais a 750 fam\u00edlias da regi\u00e3o sul de Palmas. Promovido pelo Governo do Tocantins, por meio da Companhia Imobili\u00e1ria de Participa\u00e7\u00f5es, Investimentos e Parcerias (Tocantins Parcerias), o evento de [&hellip;]<\/p>\n","protected":false},"author":2,"featured_media":21788,"comment_status":"open","ping_status":"open","sticky":false,"template":"","format":"standard","meta":[],"categories":[3],"tags":[13],"_links":{"self":[{"href":"https:\/\/dgospel.com.br\/portal\/index.php\/wp-json\/wp\/v2\/posts\/21787"}],"collection":[{"href":"https:\/\/dgospel.com.br\/portal\/index.php\/wp-json\/wp\/v2\/posts"}],"about":[{"href":"https:\/\/dgospel.com.br\/portal\/index.php\/wp-json\/wp\/v2\/types\/post"}],"author":[{"embeddable":true,"href":"https:\/\/dgospel.com.br\/portal\/index.php\/wp-json\/wp\/v2\/users\/2"}],"replies":[{"embeddable":true,"href":"https:\/\/dgospel.com.br\/portal\/index.php\/wp-json\/wp\/v2\/comments?post=21787"}],"version-history":[{"count":1,"href":"https:\/\/dgospel.com.br\/portal\/index.php\/wp-json\/wp\/v2\/posts\/21787\/revisions"}],"predecessor-version":[{"id":21789,"href":"https:\/\/dgospel.com.br\/portal\/index.php\/wp-json\/wp\/v2\/posts\/21787\/revisions\/21789"}],"wp:featuredmedia":[{"embeddable":true,"href":"https:\/\/dgospel.com.br\/portal\/index.php\/wp-json\/wp\/v2\/media\/21788"}],"wp:attachment":[{"href":"https:\/\/dgospel.com.br\/portal\/index.php\/wp-json\/wp\/v2\/media?parent=21787"}],"wp:term":[{"taxonomy":"category","embeddable":true,"href":"https:\/\/dgospel.com.br\/portal\/index.php\/wp-json\/wp\/v2\/categories?post=21787"},{"taxonomy":"post_tag","embeddable":true,"href":"https:\/\/dgospel.com.br\/portal\/index.php\/wp-json\/wp\/v2\/tags?post=21787"}],"curies":[{"name":"wp","href":"https:\/\/api.w.org\/{rel}","templated":true}]}}