{"id":21790,"date":"2025-05-02T13:35:23","date_gmt":"2025-05-02T16:35:23","guid":{"rendered":"https:\/\/dgospel.com.br\/portal\/?p=21790"},"modified":"2025-05-02T13:35:24","modified_gmt":"2025-05-02T16:35:24","slug":"deputado-gipao-leva-apoio-e-prestigia-grandes-eventos-gospel-em-rio-dos-bois-e-guarai","status":"publish","type":"post","link":"https:\/\/dgospel.com.br\/portal\/index.php\/2025\/05\/02\/deputado-gipao-leva-apoio-e-prestigia-grandes-eventos-gospel-em-rio-dos-bois-e-guarai\/","title":{"rendered":"Deputado Gip\u00e3o leva apoio e prestigia grandes eventos gospel em Rio dos Bois e Guara\u00ed"},"content":{"rendered":"\n<p>O deputado estadual Gip\u00e3o marcou presen\u00e7a em dois importantes eventos voltados \u00e0 comunidade evang\u00e9lica, no interior do Tocantins, neste final de semana: Rio dos Bois e Guara\u00ed. As festividades reuniram fi\u00e9is, autoridades locais e lideran\u00e7as religiosas em momentos de celebra\u00e7\u00e3o, f\u00e9 e cultura.<\/p>\n\n\n\n<p>Em Rio dos Bois, o parlamentar participou da Noite Gospel, realizada em comemora\u00e7\u00e3o ao anivers\u00e1rio de 34 anos da cidade e \u00e0 primeira edi\u00e7\u00e3o da Festa do Abacaxi. Al\u00e9m da prefeitura, o evento contou com o apoio indispens\u00e1vel das igrejas evang\u00e9licas do munic\u00edpio.<\/p>\n\n\n\n<p><\/p>\n\n\n\n<figure class=\"wp-block-image size-large\"><img loading=\"lazy\" width=\"768\" height=\"1024\" src=\"https:\/\/dgospel.com.br\/portal\/wp-content\/uploads\/2025\/05\/000-768x1024.jpg\" alt=\"\" class=\"wp-image-21792\" srcset=\"https:\/\/dgospel.com.br\/portal\/wp-content\/uploads\/2025\/05\/000-768x1024.jpg 768w, https:\/\/dgospel.com.br\/portal\/wp-content\/uploads\/2025\/05\/000-225x300.jpg 225w, https:\/\/dgospel.com.br\/portal\/wp-content\/uploads\/2025\/05\/000-1152x1536.jpg 1152w, https:\/\/dgospel.com.br\/portal\/wp-content\/uploads\/2025\/05\/000-1536x2048.jpg 1536w, https:\/\/dgospel.com.br\/portal\/wp-content\/uploads\/2025\/05\/000-scaled.jpg 1920w\" sizes=\"(max-width: 768px) 100vw, 768px\" \/><\/figure>\n\n\n\n<p>O prefeito Joel Rufino destacou que o deputado Gip\u00e3o foi um dos principais apoiadores da edi\u00e7\u00e3o anterior da festividade e que a estrutura da festa deste ano foi ampliada significativamente, oferecendo mais conforto e qualidade ao p\u00fablico presente.<\/p>\n\n\n\n<p>\u201cFoi uma noite que refor\u00e7ou o papel da f\u00e9 em nossa hist\u00f3ria e identidade\u201d, afirmou o deputado.<\/p>\n\n\n\n<p>J\u00e1 em Guara\u00ed, Gip\u00e3o prestigiou o Guara F\u00e9, evento tradicional no calend\u00e1rio local, caminhou entre o p\u00fablico presente e foi calorosamente recebido pela prefeita F\u00e1tima Coelho, anfitri\u00e3 do encontro. Durante sua participa\u00e7\u00e3o, o parlamentar garantiu apoio para a realiza\u00e7\u00e3o da pr\u00f3xima edi\u00e7\u00e3o do Guar\u00e1 F\u00e9, sendo fortemente aplaudido pela multid\u00e3o de evang\u00e9licos que lotava a pra\u00e7a p\u00fablica em celebra\u00e7\u00e3o.<\/p>\n\n\n\n<p>O deputado agradeceu aos prefeitos Joel Rufino (Rio dos Bois) e F\u00e1tima Coelho (Guara\u00ed) pela receptividade e pelas parcerias firmadas atrav\u00e9s do seu mandato. Ele tamb\u00e9m refor\u00e7ou seu apoio ao povo evang\u00e9lico do Tocantins, ressaltando a import\u00e2ncia de valorizar eventos que exaltam os valores crist\u00e3os, a liberdade religiosa e a uni\u00e3o das fam\u00edlias.<\/p>\n\n\n\n<p>Gip\u00e3o tem se destacado como um dos parlamentares mais atuantes no apoio \u00e0 comunidade evang\u00e9lica, reafirmando seu compromisso com a f\u00e9, a cultura e o fortalecimento dos princ\u00edpios crist\u00e3os no estado.<\/p>\n","protected":false},"excerpt":{"rendered":"<p>O deputado estadual Gip\u00e3o marcou presen\u00e7a em dois importantes eventos voltados \u00e0 comunidade evang\u00e9lica, no interior do Tocantins, neste final de semana: Rio dos Bois e Guara\u00ed. As festividades reuniram fi\u00e9is, autoridades locais e lideran\u00e7as religiosas em momentos de celebra\u00e7\u00e3o, f\u00e9 e cultura. Em Rio dos Bois, o parlamentar participou da Noite Gospel, realizada em [&hellip;]<\/p>\n","protected":false},"author":2,"featured_media":21791,"comment_status":"open","ping_status":"open","sticky":false,"template":"","format":"standard","meta":[],"categories":[8],"tags":[],"_links":{"self":[{"href":"https:\/\/dgospel.com.br\/portal\/index.php\/wp-json\/wp\/v2\/posts\/21790"}],"collection":[{"href":"https:\/\/dgospel.com.br\/portal\/index.php\/wp-json\/wp\/v2\/posts"}],"about":[{"href":"https:\/\/dgospel.com.br\/portal\/index.php\/wp-json\/wp\/v2\/types\/post"}],"author":[{"embeddable":true,"href":"https:\/\/dgospel.com.br\/portal\/index.php\/wp-json\/wp\/v2\/users\/2"}],"replies":[{"embeddable":true,"href":"https:\/\/dgospel.com.br\/portal\/index.php\/wp-json\/wp\/v2\/comments?post=21790"}],"version-history":[{"count":1,"href":"https:\/\/dgospel.com.br\/portal\/index.php\/wp-json\/wp\/v2\/posts\/21790\/revisions"}],"predecessor-version":[{"id":21793,"href":"https:\/\/dgospel.com.br\/portal\/index.php\/wp-json\/wp\/v2\/posts\/21790\/revisions\/21793"}],"wp:featuredmedia":[{"embeddable":true,"href":"https:\/\/dgospel.com.br\/portal\/index.php\/wp-json\/wp\/v2\/media\/21791"}],"wp:attachment":[{"href":"https:\/\/dgospel.com.br\/portal\/index.php\/wp-json\/wp\/v2\/media?parent=21790"}],"wp:term":[{"taxonomy":"category","embeddable":true,"href":"https:\/\/dgospel.com.br\/portal\/index.php\/wp-json\/wp\/v2\/categories?post=21790"},{"taxonomy":"post_tag","embeddable":true,"href":"https:\/\/dgospel.com.br\/portal\/index.php\/wp-json\/wp\/v2\/tags?post=21790"}],"curies":[{"name":"wp","href":"https:\/\/api.w.org\/{rel}","templated":true}]}}