{"id":21822,"date":"2025-05-13T16:06:14","date_gmt":"2025-05-13T19:06:14","guid":{"rendered":"https:\/\/dgospel.com.br\/portal\/?p=21822"},"modified":"2025-05-13T16:06:15","modified_gmt":"2025-05-13T19:06:15","slug":"com-o-apoio-do-deputado-gipao-palmas-celebra-aniversario-com-shows-de-talhes-roberto-julia-vitoria-e-misaias-oliveira","status":"publish","type":"post","link":"https:\/\/dgospel.com.br\/portal\/index.php\/2025\/05\/13\/com-o-apoio-do-deputado-gipao-palmas-celebra-aniversario-com-shows-de-talhes-roberto-julia-vitoria-e-misaias-oliveira\/","title":{"rendered":"Com o apoio do deputado Gip\u00e3o, Palmas celebra anivers\u00e1rio com shows de Talhes Roberto, J\u00falia Vit\u00f3ria e Misaias Oliveira"},"content":{"rendered":"\n<p>Em comemora\u00e7\u00e3o ao anivers\u00e1rio da capital Palmas, a cidade vai receber, no pr\u00f3ximo dia 17, uma noite especial de louvor e celebra\u00e7\u00e3o com grandes nomes da m\u00fasica gospel: Talhes Roberto, J\u00falia Vit\u00f3ria e Misaias Oliveira. O evento que conta com o apoio do deputado estadual Gip\u00e3o, ser\u00e1 realizado no estacionamento da Feira do Bosque, a partir das 19h, com entrada gratuita.<\/p>\n\n\n\n<p>A festa promete aquecer ainda mais a economia local, que j\u00e1 est\u00e1 movimentada com o in\u00edcio da Agrotins, uma das maiores feiras do agroneg\u00f3cio do Norte do pa\u00eds. A expectativa \u00e9 que o evento atraia visitantes de diversas cidades do Tocantins, reunindo fam\u00edlias e fi\u00e9is em um momento de f\u00e9, cultura e adora\u00e7\u00e3o.<\/p>\n\n\n\n<p>\u201cFico muito feliz em poder apoiar esse momento t\u00e3o especial. \u00c9 uma forma de reconhecer a import\u00e2ncia da comunidade crist\u00e3 e proporcionar uma noite de louvor, comunh\u00e3o e alegria para as fam\u00edlias. S\u00e3o artistas que tocam o cora\u00e7\u00e3o das pessoas, e \u00e9 gratificante saber que muita gente vai poder participar gratuitamente dessa festa linda que celebra a nossa capital\u201d, afirmou o parlamentar Gip\u00e3o.<\/p>\n\n\n\n<p>Com estrutura planejada para receber milhares de pessoas, o espa\u00e7o contar\u00e1 com seguran\u00e7a refor\u00e7ada e uma programa\u00e7\u00e3o pensada para proporcionar uma noite inesquec\u00edvel para todas as idades.<\/p>\n","protected":false},"excerpt":{"rendered":"<p>Em comemora\u00e7\u00e3o ao anivers\u00e1rio da capital Palmas, a cidade vai receber, no pr\u00f3ximo dia 17, uma noite especial de louvor e celebra\u00e7\u00e3o com grandes nomes da m\u00fasica gospel: Talhes Roberto, J\u00falia Vit\u00f3ria e Misaias Oliveira. O evento que conta com o apoio do deputado estadual Gip\u00e3o, ser\u00e1 realizado no estacionamento da Feira do Bosque, a [&hellip;]<\/p>\n","protected":false},"author":2,"featured_media":21823,"comment_status":"open","ping_status":"open","sticky":false,"template":"","format":"standard","meta":[],"categories":[8],"tags":[],"_links":{"self":[{"href":"https:\/\/dgospel.com.br\/portal\/index.php\/wp-json\/wp\/v2\/posts\/21822"}],"collection":[{"href":"https:\/\/dgospel.com.br\/portal\/index.php\/wp-json\/wp\/v2\/posts"}],"about":[{"href":"https:\/\/dgospel.com.br\/portal\/index.php\/wp-json\/wp\/v2\/types\/post"}],"author":[{"embeddable":true,"href":"https:\/\/dgospel.com.br\/portal\/index.php\/wp-json\/wp\/v2\/users\/2"}],"replies":[{"embeddable":true,"href":"https:\/\/dgospel.com.br\/portal\/index.php\/wp-json\/wp\/v2\/comments?post=21822"}],"version-history":[{"count":1,"href":"https:\/\/dgospel.com.br\/portal\/index.php\/wp-json\/wp\/v2\/posts\/21822\/revisions"}],"predecessor-version":[{"id":21824,"href":"https:\/\/dgospel.com.br\/portal\/index.php\/wp-json\/wp\/v2\/posts\/21822\/revisions\/21824"}],"wp:featuredmedia":[{"embeddable":true,"href":"https:\/\/dgospel.com.br\/portal\/index.php\/wp-json\/wp\/v2\/media\/21823"}],"wp:attachment":[{"href":"https:\/\/dgospel.com.br\/portal\/index.php\/wp-json\/wp\/v2\/media?parent=21822"}],"wp:term":[{"taxonomy":"category","embeddable":true,"href":"https:\/\/dgospel.com.br\/portal\/index.php\/wp-json\/wp\/v2\/categories?post=21822"},{"taxonomy":"post_tag","embeddable":true,"href":"https:\/\/dgospel.com.br\/portal\/index.php\/wp-json\/wp\/v2\/tags?post=21822"}],"curies":[{"name":"wp","href":"https:\/\/api.w.org\/{rel}","templated":true}]}}