{"id":21828,"date":"2025-05-13T16:33:07","date_gmt":"2025-05-13T19:33:07","guid":{"rendered":"https:\/\/dgospel.com.br\/portal\/?p=21828"},"modified":"2025-05-13T16:33:08","modified_gmt":"2025-05-13T19:33:08","slug":"nikolas-ferreira-protocola-pedido-de-impeachment-de-flavio-dino-por-interferencia-na-politica-no-maranhao","status":"publish","type":"post","link":"https:\/\/dgospel.com.br\/portal\/index.php\/2025\/05\/13\/nikolas-ferreira-protocola-pedido-de-impeachment-de-flavio-dino-por-interferencia-na-politica-no-maranhao\/","title":{"rendered":"Nikolas Ferreira protocola pedido de impeachment de Flavio Dino por interfer\u00eancia na politica\u00a0no\u00a0Maranh\u00e3o"},"content":{"rendered":"\n<p>O\u00a0deputado\u00a0federal\u00a0Nikolas\u00a0Ferreira (PL-MG)\u00a0afirmou\u00a0nesta\u00a0segunda-feira (via\u00a0rede\u00a0social)\u00a0que\u00a0ir\u00e1\u00a0protocolar\u00a0um\u00a0pedido\u00a0de\u00a0impeachment\u00a0contra\u00a0o\u00a0ministro\u00a0do\u00a0Supremo\u00a0Tribunal\u00a0Federal (STF)\u00a0Fl\u00e1vio\u00a0Dino,\u00a0por\u00a0suposta\u00a0interfer\u00eancia\u00a0pol\u00edtica\u00a0no\u00a0Maranh\u00e3o \u2014\u00a0estado\u00a0que\u00a0Dino\u00a0governou\u00a0at\u00e9\u00a02022.<\/p>\n\n\n\n<p>Segundo&nbsp;Nikolas,&nbsp;durante&nbsp;uma&nbsp;aula&nbsp;magna&nbsp;sobre \u201cSTF&nbsp;e&nbsp;harmonia&nbsp;entre&nbsp;os&nbsp;poderes\u201d,&nbsp;realizada&nbsp;no&nbsp;Maranh\u00e3o,&nbsp;Dino&nbsp;teria&nbsp;sugerido&nbsp;nomes&nbsp;de&nbsp;poss\u00edveis&nbsp;candidatos&nbsp;para&nbsp;a&nbsp;futura&nbsp;chapa&nbsp;de&nbsp;governador&nbsp;e&nbsp;vice&nbsp;no&nbsp;estado.&nbsp;A&nbsp;cr\u00edtica&nbsp;do&nbsp;deputado&nbsp;se&nbsp;baseia&nbsp;na&nbsp;tese&nbsp;de&nbsp;que&nbsp;Dino,&nbsp;agora&nbsp;ministro&nbsp;da&nbsp;Suprema&nbsp;Corte,&nbsp;estaria&nbsp;violando&nbsp;o&nbsp;princ\u00edpio&nbsp;da&nbsp;imparcialidade&nbsp;ao&nbsp;participar&nbsp;de&nbsp;discuss\u00f5es&nbsp;pol\u00edtico-eleitorais&nbsp;locais.<\/p>\n\n\n\n<blockquote class=\"wp-block-quote\"><p>\u201cDino&nbsp;est\u00e1&nbsp;interferindo&nbsp;diretamente&nbsp;na&nbsp;disputa&nbsp;pol\u00edtica&nbsp;do&nbsp;Maranh\u00e3o&nbsp;enquanto&nbsp;ministro&nbsp;do&nbsp;STF,&nbsp;cometendo&nbsp;assim&nbsp;crime&nbsp;de&nbsp;responsabilidade\u201d,&nbsp;escreveu&nbsp;Nikolas&nbsp;em&nbsp;sua&nbsp;publica\u00e7\u00e3o.<\/p><\/blockquote>\n\n\n\n<p>Como&nbsp;refor\u00e7o&nbsp;\u00e0&nbsp;acusa\u00e7\u00e3o,&nbsp;o&nbsp;parlamentar&nbsp;mencionou&nbsp;uma&nbsp;nota&nbsp;do&nbsp;atual&nbsp;governador&nbsp;do&nbsp;Maranh\u00e3o,&nbsp;Carlos&nbsp;Brand\u00e3o (PSB),&nbsp;que&nbsp;teria&nbsp;tentado&nbsp;suavizar&nbsp;a&nbsp;repercuss\u00e3o&nbsp;afirmando&nbsp;que \u201cesse&nbsp;n\u00e3o&nbsp;\u00e9&nbsp;o&nbsp;momento&nbsp;de&nbsp;disputa&nbsp;pol\u00edtica\u201d \u2014&nbsp;o&nbsp;que,&nbsp;segundo&nbsp;Nikolas,&nbsp;seria&nbsp;uma&nbsp;confirma\u00e7\u00e3o&nbsp;impl\u00edcita&nbsp;de&nbsp;que&nbsp;o&nbsp;evento&nbsp;teve&nbsp;car\u00e1ter&nbsp;pol\u00edtico.<\/p>\n\n\n\n<p>O&nbsp;deputado&nbsp;anunciou&nbsp;que&nbsp;acionar\u00e1&nbsp;o&nbsp;<strong>Senado&nbsp;Federal<\/strong>&nbsp;com&nbsp;um&nbsp;pedido&nbsp;de&nbsp;<strong>impeachment<\/strong>&nbsp;e&nbsp;tamb\u00e9m&nbsp;o&nbsp;<strong>Conselho&nbsp;Nacional&nbsp;de&nbsp;Justi\u00e7a (CNJ)<\/strong>&nbsp;para&nbsp;que&nbsp;o&nbsp;comportamento&nbsp;de&nbsp;Fl\u00e1vio&nbsp;Dino&nbsp;seja&nbsp;apurado&nbsp;formalmente.&nbsp;Para&nbsp;Nikolas,&nbsp;o&nbsp;Judici\u00e1rio&nbsp;deve&nbsp;ser&nbsp;imparcial&nbsp;e&nbsp;n\u00e3o&nbsp;agir&nbsp;como \u201cum&nbsp;comit\u00ea&nbsp;eleitoral\u201d.<\/p>\n\n\n\n<p>At\u00e9&nbsp;o&nbsp;momento,&nbsp;nem&nbsp;Fl\u00e1vio&nbsp;Dino&nbsp;nem&nbsp;o&nbsp;STF&nbsp;se&nbsp;pronunciaram&nbsp;oficialmente&nbsp;sobre&nbsp;o&nbsp;epis\u00f3dio.<\/p>\n","protected":false},"excerpt":{"rendered":"<p>O\u00a0deputado\u00a0federal\u00a0Nikolas\u00a0Ferreira (PL-MG)\u00a0afirmou\u00a0nesta\u00a0segunda-feira (via\u00a0rede\u00a0social)\u00a0que\u00a0ir\u00e1\u00a0protocolar\u00a0um\u00a0pedido\u00a0de\u00a0impeachment\u00a0contra\u00a0o\u00a0ministro\u00a0do\u00a0Supremo\u00a0Tribunal\u00a0Federal (STF)\u00a0Fl\u00e1vio\u00a0Dino,\u00a0por\u00a0suposta\u00a0interfer\u00eancia\u00a0pol\u00edtica\u00a0no\u00a0Maranh\u00e3o \u2014\u00a0estado\u00a0que\u00a0Dino\u00a0governou\u00a0at\u00e9\u00a02022. Segundo&nbsp;Nikolas,&nbsp;durante&nbsp;uma&nbsp;aula&nbsp;magna&nbsp;sobre \u201cSTF&nbsp;e&nbsp;harmonia&nbsp;entre&nbsp;os&nbsp;poderes\u201d,&nbsp;realizada&nbsp;no&nbsp;Maranh\u00e3o,&nbsp;Dino&nbsp;teria&nbsp;sugerido&nbsp;nomes&nbsp;de&nbsp;poss\u00edveis&nbsp;candidatos&nbsp;para&nbsp;a&nbsp;futura&nbsp;chapa&nbsp;de&nbsp;governador&nbsp;e&nbsp;vice&nbsp;no&nbsp;estado.&nbsp;A&nbsp;cr\u00edtica&nbsp;do&nbsp;deputado&nbsp;se&nbsp;baseia&nbsp;na&nbsp;tese&nbsp;de&nbsp;que&nbsp;Dino,&nbsp;agora&nbsp;ministro&nbsp;da&nbsp;Suprema&nbsp;Corte,&nbsp;estaria&nbsp;violando&nbsp;o&nbsp;princ\u00edpio&nbsp;da&nbsp;imparcialidade&nbsp;ao&nbsp;participar&nbsp;de&nbsp;discuss\u00f5es&nbsp;pol\u00edtico-eleitorais&nbsp;locais. \u201cDino&nbsp;est\u00e1&nbsp;interferindo&nbsp;diretamente&nbsp;na&nbsp;disputa&nbsp;pol\u00edtica&nbsp;do&nbsp;Maranh\u00e3o&nbsp;enquanto&nbsp;ministro&nbsp;do&nbsp;STF,&nbsp;cometendo&nbsp;assim&nbsp;crime&nbsp;de&nbsp;responsabilidade\u201d,&nbsp;escreveu&nbsp;Nikolas&nbsp;em&nbsp;sua&nbsp;publica\u00e7\u00e3o. Como&nbsp;refor\u00e7o&nbsp;\u00e0&nbsp;acusa\u00e7\u00e3o,&nbsp;o&nbsp;parlamentar&nbsp;mencionou&nbsp;uma&nbsp;nota&nbsp;do&nbsp;atual&nbsp;governador&nbsp;do&nbsp;Maranh\u00e3o,&nbsp;Carlos&nbsp;Brand\u00e3o (PSB),&nbsp;que&nbsp;teria&nbsp;tentado&nbsp;suavizar&nbsp;a&nbsp;repercuss\u00e3o&nbsp;afirmando&nbsp;que \u201cesse&nbsp;n\u00e3o&nbsp;\u00e9&nbsp;o&nbsp;momento&nbsp;de&nbsp;disputa&nbsp;pol\u00edtica\u201d \u2014&nbsp;o&nbsp;que,&nbsp;segundo&nbsp;Nikolas,&nbsp;seria&nbsp;uma&nbsp;confirma\u00e7\u00e3o&nbsp;impl\u00edcita&nbsp;de&nbsp;que&nbsp;o&nbsp;evento&nbsp;teve&nbsp;car\u00e1ter&nbsp;pol\u00edtico. O&nbsp;deputado&nbsp;anunciou&nbsp;que&nbsp;acionar\u00e1&nbsp;o&nbsp;Senado&nbsp;Federal&nbsp;com&nbsp;um&nbsp;pedido&nbsp;de&nbsp;impeachment&nbsp;e&nbsp;tamb\u00e9m&nbsp;o&nbsp;Conselho&nbsp;Nacional&nbsp;de&nbsp;Justi\u00e7a (CNJ)&nbsp;para&nbsp;que&nbsp;o&nbsp;comportamento&nbsp;de&nbsp;Fl\u00e1vio&nbsp;Dino&nbsp;seja&nbsp;apurado&nbsp;formalmente.&nbsp;Para&nbsp;Nikolas,&nbsp;o&nbsp;Judici\u00e1rio&nbsp;deve&nbsp;ser&nbsp;imparcial&nbsp;e&nbsp;n\u00e3o&nbsp;agir&nbsp;como \u201cum&nbsp;comit\u00ea&nbsp;eleitoral\u201d. At\u00e9&nbsp;o&nbsp;momento,&nbsp;nem&nbsp;Fl\u00e1vio&nbsp;Dino&nbsp;nem&nbsp;o&nbsp;STF&nbsp;se&nbsp;pronunciaram&nbsp;oficialmente&nbsp;sobre&nbsp;o&nbsp;epis\u00f3dio.<\/p>\n","protected":false},"author":2,"featured_media":21829,"comment_status":"open","ping_status":"open","sticky":false,"template":"","format":"standard","meta":[],"categories":[10],"tags":[13],"_links":{"self":[{"href":"https:\/\/dgospel.com.br\/portal\/index.php\/wp-json\/wp\/v2\/posts\/21828"}],"collection":[{"href":"https:\/\/dgospel.com.br\/portal\/index.php\/wp-json\/wp\/v2\/posts"}],"about":[{"href":"https:\/\/dgospel.com.br\/portal\/index.php\/wp-json\/wp\/v2\/types\/post"}],"author":[{"embeddable":true,"href":"https:\/\/dgospel.com.br\/portal\/index.php\/wp-json\/wp\/v2\/users\/2"}],"replies":[{"embeddable":true,"href":"https:\/\/dgospel.com.br\/portal\/index.php\/wp-json\/wp\/v2\/comments?post=21828"}],"version-history":[{"count":1,"href":"https:\/\/dgospel.com.br\/portal\/index.php\/wp-json\/wp\/v2\/posts\/21828\/revisions"}],"predecessor-version":[{"id":21830,"href":"https:\/\/dgospel.com.br\/portal\/index.php\/wp-json\/wp\/v2\/posts\/21828\/revisions\/21830"}],"wp:featuredmedia":[{"embeddable":true,"href":"https:\/\/dgospel.com.br\/portal\/index.php\/wp-json\/wp\/v2\/media\/21829"}],"wp:attachment":[{"href":"https:\/\/dgospel.com.br\/portal\/index.php\/wp-json\/wp\/v2\/media?parent=21828"}],"wp:term":[{"taxonomy":"category","embeddable":true,"href":"https:\/\/dgospel.com.br\/portal\/index.php\/wp-json\/wp\/v2\/categories?post=21828"},{"taxonomy":"post_tag","embeddable":true,"href":"https:\/\/dgospel.com.br\/portal\/index.php\/wp-json\/wp\/v2\/tags?post=21828"}],"curies":[{"name":"wp","href":"https:\/\/api.w.org\/{rel}","templated":true}]}}