{"id":2183,"date":"2018-12-28T19:37:59","date_gmt":"2018-12-28T21:37:59","guid":{"rendered":"http:\/\/dgospel.com.br\/portal\/?p=2183"},"modified":"2018-12-28T19:37:59","modified_gmt":"2018-12-28T21:37:59","slug":"futuro-chanceler-diz-que-o-brasil-voltara-a-ser-uma-nacao-com-deus","status":"publish","type":"post","link":"https:\/\/dgospel.com.br\/portal\/index.php\/2018\/12\/28\/futuro-chanceler-diz-que-o-brasil-voltara-a-ser-uma-nacao-com-deus\/","title":{"rendered":"Futuro chanceler diz que o Brasil voltar\u00e1 a ser `uma na\u00e7\u00e3o com Deus\u00b4"},"content":{"rendered":"<p>O futuro chanceler do Brasil, Ernesto Ara\u00fajo, afirmou que Deus ir\u00e1 assumir um papel central na pol\u00edtica brasileira em um artigo na revista norte-americana\u00a0<em>The New Criterion,<\/em>uma publica\u00e7\u00e3o de tend\u00eancia conservadora.<\/p>\n<p>\u201cAo longo dos \u00faltimos anos o Brasil se tornou uma fossa de corrup\u00e7\u00e3o e afli\u00e7\u00e3o. O fato de que as pessoas n\u00e3o falavam sobre Deus e n\u00e3o traziam a sua f\u00e9 para a pra\u00e7a p\u00fablica certamente era parte do problema\u201d, disse o futuro Ministro das Rela\u00e7\u00f5es Exteriores, em um texto de tr\u00eas p\u00e1ginas.<\/p>\n<p>\u201cAgora que um presidente fala sobre Deus e expressa a sua f\u00e9 de um jeito profundo e sincero, isso deve ser visto como um problema? Pelo contr\u00e1rio, eu estou convencido que a f\u00e9 do presidente Bolsonaro foi instrumental, n\u00e3o acidental, para a sua vit\u00f3ria eleitoral e para a onda de mudan\u00e7a que est\u00e1 limpando o Brasil\u201d, acrescentou o diplomata.<\/p>\n<p>\u201cDeus est\u00e1 de volta e a na\u00e7\u00e3o est\u00e1 de volta. Uma na\u00e7\u00e3o com Deus; Deus atrav\u00e9s da na\u00e7\u00e3o. No Brasil (ao menos), o nacionalismo se transformou no ve\u00edculo da f\u00e9, a f\u00e9 se tornou o catalisador do nacionalismo, e ambos acenderam uma empolgante onda de liberdade e de novas possibilidades\u201d, ele destacou.<\/p>\n<p>Falando sobre as cr\u00edticas a seu respeito, o Ara\u00fajo completou: \u201cMeus detratores me chamaram de louco por acreditar em Deus e por acreditar que Deus atua na hist\u00f3ria \u2014 mas eu n\u00e3o me importo.<\/p>\n<p>O futuro chanceler observou que a \u201cDivina Provid\u00eancia uniu as ideias de Olavo de Carvalho \u00e0 determina\u00e7\u00e3o e ao patriotismo do presidente eleito, Jair Bolsonaro\u201d. O fil\u00f3sofo tornou-se o maior \u00edcone intelectual da nova direita brasileira.<\/p>\n<p>Com isso, foi colocado fim ao regime \u201ccorrupto e ateu\u201d que, segundo Ara\u00fajo, teve seu auge no Brasil nos governos do PT, que agia de forma coordenada com os partidos MDB e PSDB.<\/p>\n<p>\u201cUm sistema t\u00e3o estabelecido nunca reformaria a si mesmo. Apenas encontraria novas m\u00e1scaras para estender seu poder [&#8230;] Uma mudan\u00e7a de verdade apenas poderia vir de fora, dos dom\u00ednios intelectuais e espirituais\u201d, escreveu o diplomata. \u201cEnt\u00e3o o que quebrou esse sistema? Olavo de Carvalho, a Opera\u00e7\u00e3o Lava Jato e Jair Bolsonaro\u201d.<\/p>\n<p><strong>Fonte: Guia-me \/ com informa\u00e7\u00f5es do El Pa\u00eds &#8211; Foto: Jorge William\/Ag\u00eancia O Globo<\/strong><\/p>\n","protected":false},"excerpt":{"rendered":"<p>O futuro chanceler do Brasil, Ernesto Ara\u00fajo, afirmou que Deus ir\u00e1 assumir um papel central na pol\u00edtica brasileira em um artigo na revista norte-americana\u00a0The New Criterion,uma publica\u00e7\u00e3o de tend\u00eancia conservadora. \u201cAo longo dos \u00faltimos anos o Brasil se tornou uma fossa de corrup\u00e7\u00e3o e afli\u00e7\u00e3o. O fato de que as pessoas n\u00e3o falavam sobre Deus [&hellip;]<\/p>\n","protected":false},"author":2,"featured_media":2184,"comment_status":"open","ping_status":"open","sticky":false,"template":"","format":"standard","meta":[],"categories":[2,6],"tags":[],"_links":{"self":[{"href":"https:\/\/dgospel.com.br\/portal\/index.php\/wp-json\/wp\/v2\/posts\/2183"}],"collection":[{"href":"https:\/\/dgospel.com.br\/portal\/index.php\/wp-json\/wp\/v2\/posts"}],"about":[{"href":"https:\/\/dgospel.com.br\/portal\/index.php\/wp-json\/wp\/v2\/types\/post"}],"author":[{"embeddable":true,"href":"https:\/\/dgospel.com.br\/portal\/index.php\/wp-json\/wp\/v2\/users\/2"}],"replies":[{"embeddable":true,"href":"https:\/\/dgospel.com.br\/portal\/index.php\/wp-json\/wp\/v2\/comments?post=2183"}],"version-history":[{"count":1,"href":"https:\/\/dgospel.com.br\/portal\/index.php\/wp-json\/wp\/v2\/posts\/2183\/revisions"}],"predecessor-version":[{"id":2185,"href":"https:\/\/dgospel.com.br\/portal\/index.php\/wp-json\/wp\/v2\/posts\/2183\/revisions\/2185"}],"wp:featuredmedia":[{"embeddable":true,"href":"https:\/\/dgospel.com.br\/portal\/index.php\/wp-json\/wp\/v2\/media\/2184"}],"wp:attachment":[{"href":"https:\/\/dgospel.com.br\/portal\/index.php\/wp-json\/wp\/v2\/media?parent=2183"}],"wp:term":[{"taxonomy":"category","embeddable":true,"href":"https:\/\/dgospel.com.br\/portal\/index.php\/wp-json\/wp\/v2\/categories?post=2183"},{"taxonomy":"post_tag","embeddable":true,"href":"https:\/\/dgospel.com.br\/portal\/index.php\/wp-json\/wp\/v2\/tags?post=2183"}],"curies":[{"name":"wp","href":"https:\/\/api.w.org\/{rel}","templated":true}]}}