{"id":21837,"date":"2025-05-13T16:56:28","date_gmt":"2025-05-13T19:56:28","guid":{"rendered":"https:\/\/dgospel.com.br\/portal\/?p=21837"},"modified":"2025-05-13T16:56:29","modified_gmt":"2025-05-13T19:56:29","slug":"com-tema-agroevolucao-agrotins-25-anos-comeca-com-recorde-de-expositores-e-inovacoes-tecnologicas","status":"publish","type":"post","link":"https:\/\/dgospel.com.br\/portal\/index.php\/2025\/05\/13\/com-tema-agroevolucao-agrotins-25-anos-comeca-com-recorde-de-expositores-e-inovacoes-tecnologicas\/","title":{"rendered":"Com tema AgroEvolu\u00e7\u00e3o, Agrotins 25 anos come\u00e7a com recorde de expositores e inova\u00e7\u00f5es tecnol\u00f3gicas"},"content":{"rendered":"\n<p>O Governo do Tocantins iniciou, nesta ter\u00e7a-feira, 13, a maior edi\u00e7\u00e3o da Feira de Tecnologia Agropecu\u00e1ria do Tocantins (Agrotins 25 anos), reunindo um n\u00famero recorde de 1,2 mil expositores e apresentando diversas inova\u00e7\u00f5es tecnol\u00f3gicas em maquin\u00e1rio para o agroneg\u00f3cio, drones, rob\u00f3tica, estandes educativos e internet pr\u00f3pria no campo. A feira prev\u00ea movimentar mais de R$ 4,2 bilh\u00f5es em neg\u00f3cios e receber mais de 200 mil visitantes at\u00e9 este s\u00e1bado, 17, no Parque Agrotecnol\u00f3gico Engenheiro Agr\u00f4nomo Mauro Mendanha, em Palmas.<\/p>\n\n\n\n<p>\u201cHoje&nbsp;<em>[ter\u00e7a-feira, 13]<\/em>, come\u00e7amos a maior edi\u00e7\u00e3o da Agrotins, com muitos visitantes j\u00e1 presentes aqui no parque e novidades para o produtor rural. Neste ano, temos inova\u00e7\u00e3o na parte de tecnologia, com drones de \u00faltima gera\u00e7\u00e3o e pecu\u00e1ria com o que h\u00e1 de melhor em gen\u00e9tica no Brasil. Muitas pessoas est\u00e3o com suas&nbsp;<em>startups<\/em>, apresentando projetos e servi\u00e7os. S\u00e3o 7 km de ruas com expositores dos dois lados, para que os tocantinenses possam conferir o que h\u00e1 de melhor no Brasil e no mundo para o agroneg\u00f3cio\u201d, destacou o secret\u00e1rio de Estado da Agricultura e Pecu\u00e1ria, Jaime Caf\u00e9.<\/p>\n\n\n\n<p>O secret\u00e1rio de Estado da Ind\u00fastria, Com\u00e9rcio e Servi\u00e7os, Carlos Humberto Lima, ressalta que o tema<em>&nbsp;AgroEvolu\u00e7\u00e3o<\/em>&nbsp;reflete o crescimento e tamb\u00e9m as inova\u00e7\u00f5es e as tecnologias que est\u00e3o transformando a agricultura e a ind\u00fastria no Tocantins. \u201cA Agrotins 25 anos mostra o compromisso do governador Wanderlei Barbosa em incentivar a evolu\u00e7\u00e3o do setor, atrair novos investimentos e criar oportunidades que promovam o desenvolvimento econ\u00f4mico sustent\u00e1vel, gera\u00e7\u00e3o de emprego e renda para todos\u201d, pontuou o titular da Sics.<\/p>\n\n\n\n<p>Entre os principais avan\u00e7os tecnol\u00f3gicos voltados para o campo, destacam-se o uso de drones no monitoramento de lavouras e maquin\u00e1rios modernos que melhoram as condi\u00e7\u00f5es de trabalho e contribuem para o aumento da produtividade. As inova\u00e7\u00f5es refor\u00e7am o compromisso do Governo do Tocantins em impulsionar o agroneg\u00f3cio com tecnologias de ponta, promovendo o desenvolvimento do setor produtivo.<\/p>\n\n\n\n<p><strong>Expectativas de visitantes e expositores<\/strong><\/p>\n\n\n\n<p>O primeiro prefeito de Palmas, Fenelon Barbosa, visitou o evento logo no in\u00edcio da manh\u00e3. \u201cSempre visito a feira, porque ela \u00e9 muito importante para o Tocantins e uma das mais relevantes do nosso Brasil. Aqui, podemos ver os animais e fico muito feliz com isso, porque sou da \u00e1rea de cria\u00e7\u00e3o de gado. Com o passar dos anos, vejo o quanto a Agrotins melhorou em estrutura ap\u00f3s a gest\u00e3o do governador Wanderlei Barbosa e quero parabeniz\u00e1-lo pelo trabalho que vem realizando e pelo apoio que tem dado ao agroneg\u00f3cio e aos produtores\u201d, enfatizou.&nbsp;<\/p>\n\n\n\n<p>O expositor e diretor da empresa Trator Solo, Jalles Lima Andrade, salientou que a prioridade \u00e9 oferecer produtos de alta tecnologia. \u201cOferecemos o que h\u00e1 de mais moderno em toda a nossa linha, atendendo desde o pequeno at\u00e9 o grande produtor. Trabalhamos com colhedoras de forragem, misturadores, plataformas de colheita de soja e milho, al\u00e9m de uma linha completa de bazucas graneleiras, com capacidade de 15 a 33 toneladas. Tamb\u00e9m fornecemos equipamentos para preparo de solo, como grades aradoras, descompactadores, entre outros. Analisando o cen\u00e1rio atual e a colheita recorde deste ano, nossas expectativas s\u00e3o as melhores\u201d, declarou.&nbsp;<\/p>\n\n\n\n<p>&#8220;Nosso intuito \u00e9 sempre levar as melhores tecnologias aos produtores. Apresentamos aqui toda a linha de produtos com que trabalhamos; e ressaltamos a inova\u00e7\u00e3o nos gr\u00e3os de pulveriza\u00e7\u00e3o, que \u00e9 uma tecnologia que facilita o trabalho no campo, gerando economia significativa de defensivos e sementes, com alta efici\u00eancia. A nossa expectativa \u00e9 grande para esta edi\u00e7\u00e3o da Agrotins, que \u00e9 um evento fundamental para o fortalecimento do agroneg\u00f3cio em todo o estado\u201d, evidenciou o expositor e diretor da AZB Tecnologia Agr\u00edcola, Adautho Brito.<\/p>\n\n\n\n<p><strong>Palestras e programa\u00e7\u00e3o completa<\/strong><\/p>\n\n\n\n<p>A programa\u00e7\u00e3o da Agrotins 25 anos come\u00e7ou na manh\u00e3 desta ter\u00e7a-feira, 13, com a palestra de abertura&nbsp;<em>Mulher, Agro e Sustentabilidade,&nbsp;<\/em>no Audit\u00f3rio Jalap\u00e3o. A atividade destaca o protagonismo feminino no setor agropecu\u00e1rio e a import\u00e2ncia de pr\u00e1ticas sustent\u00e1veis no campo. O cronograma completo da Agrotins, incluindo o mapa do evento, expositores e atra\u00e7\u00f5es, est\u00e1 dispon\u00edvel no&nbsp;<a href=\"https:\/\/agrotins.to.gov.br\/\">portal oficial<\/a>&nbsp;criado pelo Governo do Tocantins, por meio da Secretaria de Estado da Agricultura e Pecu\u00e1ria (Seagro), em conjunto com a Secretaria de Estado da Comunica\u00e7\u00e3o (Secom) e a Ag\u00eancia de Tecnologia da Informa\u00e7\u00e3o (ATI).<\/p>\n\n\n\n<p><strong>Abertura oficial<\/strong><\/p>\n\n\n\n<p>O Governo do Tocantins, por meio da Secretaria de Estado do Turismo (Setur), realiza a abertura oficial da Agrotins 25 anos nesta quinta-feira, 15, na Pra\u00e7a dos Girass\u00f3is, em Palmas. A programa\u00e7\u00e3o musical tem como destaque a dupla sertaneja Bruno e Marrone, que sobe ao palco \u00e0s 23 horas, seguida pela banda de forr\u00f3 Lim\u00e3o com Mel, \u00e0 00h30. A entrada no evento \u00e9 gratuita e a popula\u00e7\u00e3o pode contribuir com a doa\u00e7\u00e3o de 1 kg de alimento n\u00e3o perec\u00edvel para o projeto&nbsp;<em>Agrotins Alimenta Quem Precisa<\/em>.<\/p>\n\n\n\n<p><strong>Agrotins 25 anos<\/strong><\/p>\n\n\n\n<p>Com 25 anos de avan\u00e7os e oportunidades, a Agrotins celebra uma trajet\u00f3ria de crescimento e inova\u00e7\u00e3o, consolidando-se como um dos principais eventos do agroneg\u00f3cio no Brasil.<\/p>\n\n\n\n<p>A feira \u00e9 uma realiza\u00e7\u00e3o do Governo do Tocantins, por meio da Secretaria de Estado da Agricultura e Pecu\u00e1ria (Seagro), da Secretaria de Estado da Ind\u00fastria, Com\u00e9rcio e Servi\u00e7os (Sics), da Ag\u00eancia de Defesa Agropecu\u00e1ria (Adapec), do Instituto de Desenvolvimento Rural do Tocantins (Ruraltins), da Funda\u00e7\u00e3o de Amparo \u00e0 Pesquisa do Tocantins (Fapt) e da Tocantins Parcerias, em conjunto com empresas do agro, \u00f3rg\u00e3os p\u00fablicos e institui\u00e7\u00f5es de pesquisas e educacionais.<\/p>\n\n\n\n<p><img src=\"https:\/\/central.to.gov.br\/image\/424373?w=670&amp;h=414\"><\/p>\n\n\n\n<p>O secret\u00e1rio de Estado da Agricultura e Pecu\u00e1ria, Jaime Caf\u00e9, que acompanha o primeiro dia da feira, destaca as inova\u00e7\u00f5es tecnol\u00f3gicas e o crescimento do agroneg\u00f3cio tocantinense &#8211; Adilvan Nogueira\/Governo do Tocantins&nbsp;<a href=\"https:\/\/central.to.gov.br\/image\/424373?f=1\" target=\"_blank\" rel=\"noreferrer noopener\"><em>file_download<\/em><\/a><\/p>\n\n\n\n<p><img src=\"https:\/\/central.to.gov.br\/image\/424374?w=670&amp;h=414\"><\/p>\n\n\n\n<p>Visitantes percorrem os estandes da Agrotins 25 anos, que re\u00fane o que h\u00e1 de mais moderno em maquin\u00e1rio, gen\u00e9tica animal e solu\u00e7\u00f5es digitais para o campo &#8211; Adilvan Nogueira\/Governo do Tocantins&nbsp;<a href=\"https:\/\/central.to.gov.br\/image\/424374?f=1\" target=\"_blank\" rel=\"noreferrer noopener\"><em>file_download<\/em><\/a><\/p>\n\n\n\n<p><img src=\"https:\/\/central.to.gov.br\/image\/424375?w=670&amp;h=414\"><\/p>\n\n\n\n<p>O secret\u00e1rio de Estado da Ind\u00fastria, Com\u00e9rcio e Servi\u00e7os, Carlos Humberto Lima, ressalta que o tema AgroEvolu\u00e7\u00e3o traduz o avan\u00e7o da tecnologia e da sustentabilidade no setor produtivo &#8211; Ademir dos Anjos\/Governo do Tocantins&nbsp;<a href=\"https:\/\/central.to.gov.br\/image\/424375?f=1\" target=\"_blank\" rel=\"noreferrer noopener\"><em>file_download<\/em><\/a><\/p>\n\n\n\n<p><img src=\"https:\/\/central.to.gov.br\/image\/424376?w=670&amp;h=414\"><\/p>\n\n\n\n<p>O expositor e diretor da empresa Trator Solo, Jalles Lima Andrade, apresenta os equipamentos de alta tecnologia para agricultores de diferentes portes &#8211; Adilvan Nogueira\/Governo do Tocantins&nbsp;<a href=\"https:\/\/central.to.gov.br\/image\/424376?f=1\" target=\"_blank\" rel=\"noreferrer noopener\"><em>file_download<\/em><\/a><\/p>\n\n\n\n<p><img src=\"https:\/\/central.to.gov.br\/image\/424377?w=670&amp;h=414\"><\/p>\n\n\n\n<p>O expositor e diretor da AZB Tecnologia Agr\u00edcola, Adautho Brito, aponta solu\u00e7\u00f5es inovadoras para pulveriza\u00e7\u00e3o, que reduzem custos e aumentam a efici\u00eancia no campo &#8211; Adilvan Nogueira\/Governo do Tocantins&nbsp;<a href=\"https:\/\/central.to.gov.br\/image\/424377?f=1\" target=\"_blank\" rel=\"noreferrer noopener\"><em>file_download<\/em><\/a><\/p>\n\n\n\n<p><img src=\"https:\/\/central.to.gov.br\/image\/424378?w=670&amp;h=414\"><\/p>\n\n\n\n<p>Drones, rob\u00f3tica e internet no campo est\u00e3o entre as principais atra\u00e7\u00f5es tecnol\u00f3gicas apresentadas na Agrotins 25 anos &#8211; Adilvan Nogueira\/Governo do Tocantins&nbsp;<a href=\"https:\/\/central.to.gov.br\/image\/424378?f=1\" target=\"_blank\" rel=\"noreferrer noopener\"><em>file_download<\/em><\/a><\/p>\n\n\n\n<p><img src=\"https:\/\/central.to.gov.br\/image\/424379?w=670&amp;h=414\"><\/p>\n\n\n\n<p>O primeiro prefeito de Palmas, Fenelon Barbosa, visitou a feira e elogiou a estrutura e o apoio do Governo do Tocantins ao setor agropecu\u00e1rio &#8211; Adilvan Nogueira\/Governo do Tocantins&nbsp;<a href=\"https:\/\/central.to.gov.br\/image\/424379?f=1\" target=\"_blank\" rel=\"noreferrer noopener\"><em>file_download<\/em><\/a><\/p>\n\n\n\n<p><img src=\"https:\/\/central.to.gov.br\/image\/424380?w=670&amp;h=414\"><\/p>\n\n\n\n<p>Feira prev\u00ea movimentar mais de R$ 4,2 bilh\u00f5es em neg\u00f3cios e receber mais de 200 mil visitantes at\u00e9 este s\u00e1bado, 17 &#8211; Adilvan Nogueira\/Governo do Tocantins&nbsp;<a href=\"https:\/\/central.to.gov.br\/image\/424380?f=1\" target=\"_blank\" rel=\"noreferrer noopener\"><em>file_download<\/em><\/a><\/p>\n","protected":false},"excerpt":{"rendered":"<p>O Governo do Tocantins iniciou, nesta ter\u00e7a-feira, 13, a maior edi\u00e7\u00e3o da Feira de Tecnologia Agropecu\u00e1ria do Tocantins (Agrotins 25 anos), reunindo um n\u00famero recorde de 1,2 mil expositores e apresentando diversas inova\u00e7\u00f5es tecnol\u00f3gicas em maquin\u00e1rio para o agroneg\u00f3cio, drones, rob\u00f3tica, estandes educativos e internet pr\u00f3pria no campo. A feira prev\u00ea movimentar mais de R$ [&hellip;]<\/p>\n","protected":false},"author":2,"featured_media":21838,"comment_status":"open","ping_status":"open","sticky":false,"template":"","format":"standard","meta":[],"categories":[3],"tags":[13],"_links":{"self":[{"href":"https:\/\/dgospel.com.br\/portal\/index.php\/wp-json\/wp\/v2\/posts\/21837"}],"collection":[{"href":"https:\/\/dgospel.com.br\/portal\/index.php\/wp-json\/wp\/v2\/posts"}],"about":[{"href":"https:\/\/dgospel.com.br\/portal\/index.php\/wp-json\/wp\/v2\/types\/post"}],"author":[{"embeddable":true,"href":"https:\/\/dgospel.com.br\/portal\/index.php\/wp-json\/wp\/v2\/users\/2"}],"replies":[{"embeddable":true,"href":"https:\/\/dgospel.com.br\/portal\/index.php\/wp-json\/wp\/v2\/comments?post=21837"}],"version-history":[{"count":1,"href":"https:\/\/dgospel.com.br\/portal\/index.php\/wp-json\/wp\/v2\/posts\/21837\/revisions"}],"predecessor-version":[{"id":21839,"href":"https:\/\/dgospel.com.br\/portal\/index.php\/wp-json\/wp\/v2\/posts\/21837\/revisions\/21839"}],"wp:featuredmedia":[{"embeddable":true,"href":"https:\/\/dgospel.com.br\/portal\/index.php\/wp-json\/wp\/v2\/media\/21838"}],"wp:attachment":[{"href":"https:\/\/dgospel.com.br\/portal\/index.php\/wp-json\/wp\/v2\/media?parent=21837"}],"wp:term":[{"taxonomy":"category","embeddable":true,"href":"https:\/\/dgospel.com.br\/portal\/index.php\/wp-json\/wp\/v2\/categories?post=21837"},{"taxonomy":"post_tag","embeddable":true,"href":"https:\/\/dgospel.com.br\/portal\/index.php\/wp-json\/wp\/v2\/tags?post=21837"}],"curies":[{"name":"wp","href":"https:\/\/api.w.org\/{rel}","templated":true}]}}