{"id":21840,"date":"2025-05-13T17:01:24","date_gmt":"2025-05-13T20:01:24","guid":{"rendered":"https:\/\/dgospel.com.br\/portal\/?p=21840"},"modified":"2025-05-13T17:01:25","modified_gmt":"2025-05-13T20:01:25","slug":"incentivos-fiscais-assinados-na-agrotins-25-anos-geram-mais-de-r-80-milhoes-em-investimentos-para-o-tocantins","status":"publish","type":"post","link":"https:\/\/dgospel.com.br\/portal\/index.php\/2025\/05\/13\/incentivos-fiscais-assinados-na-agrotins-25-anos-geram-mais-de-r-80-milhoes-em-investimentos-para-o-tocantins\/","title":{"rendered":"Incentivos fiscais assinados na Agrotins 25 anos geram mais de R$ 80 milh\u00f5es em investimentos para o Tocantins"},"content":{"rendered":"\n<p>O Governo do Tocantins, por meio do Conselho de Desenvolvimento Econ\u00f4mico (CDE\/TO), realizou, nesta ter\u00e7a-feira, 13, a cerim\u00f4nia de assinatura dos contratos com as duas empresas beneficiadas na \u00faltima reuni\u00e3o do colegiado. O evento ocorreu no gabinete da Secretaria de Estado da Ind\u00fastria, Com\u00e9rcio e Servi\u00e7os (Sics), durante a Feira de Tecnologia Agropecu\u00e1ria do Tocantins (Agrotins 25 anos), e formalizou os acordos conforme o Proind\u00fastria (Lei n\u00ba 1.385\/2003). A expectativa \u00e9 de R$ 81 milh\u00f5es em investimentos na economia tocantinense e a manuten\u00e7\u00e3o e gera\u00e7\u00e3o de 282 empregos.<\/p>\n\n\n\n<p>O titular da Sics, Carlos Humberto Lima, destacou a atua\u00e7\u00e3o do Governo do Tocantins em parceria com o setor empresarial. \u201cO setor produtivo impulsiona a economia e cabe ao Poder P\u00fablico criar condi\u00e7\u00f5es para que as empresas cres\u00e7am e gerem emprego e renda para a popula\u00e7\u00e3o\u201d, afirmou.<\/p>\n\n\n\n<p>O propriet\u00e1rio da \u00c1gua Jalap\u00e3o, Rog\u00e9rio Markus, ressaltou o impacto dos incentivos em seu neg\u00f3cio ao longo da \u00faltima d\u00e9cada. \u201cO primeiro conv\u00eanio permitiu a nossa expans\u00e3o. Atualmente, somos consolidados no Par\u00e1, em parte do Maranh\u00e3o e no norte do Tocantins. Agrade\u00e7o ao Governo do Estado pela continuidade e, agora, renovamos o contrato por mais dez anos\u201d, disse.<\/p>\n\n\n\n<p>Para o s\u00f3cio do Grupo J. Demito, Jeremias Demito, o apoio governamental no Estado tem grande import\u00e2ncia. \u201cEste incentivo \u00e9 fundamental para o crescimento das empresas. Para n\u00f3s, que atuamos h\u00e1 mais de 20 anos no Estado, \u00e9 uma satisfa\u00e7\u00e3o contar com uma Gest\u00e3o que nos apoia no desenvolvimento do Tocantins\u201d, declarou.<\/p>\n\n\n\n<p><strong>CDE<\/strong>&nbsp;<\/p>\n\n\n\n<p>O Conselho de Desenvolvimento Econ\u00f4mico (CDE) \u00e9 o \u00f3rg\u00e3o respons\u00e1vel por deliberar sobre incentivos fiscais e apoiar projetos que promovam o desenvolvimento econ\u00f4mico do Tocantins. Composto por representantes do setor p\u00fablico e privado, o conselho avalia propostas, administra recursos do Fundo de Desenvolvimento Econ\u00f4mico (FDE) e contribui para a gera\u00e7\u00e3o de emprego, renda e atra\u00e7\u00e3o de novos empreendimentos no estado.<\/p>\n\n\n\n<p><strong>Agrotins 25 anos<\/strong><\/p>\n\n\n\n<p>Com 25 anos de avan\u00e7os e oportunidades, a Agrotins celebra uma trajet\u00f3ria de crescimento e inova\u00e7\u00e3o, consolidando-se como um dos principais eventos do agroneg\u00f3cio no Brasil.<\/p>\n\n\n\n<p>A feira \u00e9 uma realiza\u00e7\u00e3o do Governo do Tocantins, por meio da Secretaria de Estado da Agricultura e Pecu\u00e1ria (Seagro), da Secretaria de Estado da Ind\u00fastria, Com\u00e9rcio e Servi\u00e7os (Sics), da Ag\u00eancia de Defesa Agropecu\u00e1ria (Adapec), do Instituto de Desenvolvimento Rural do Tocantins (Ruraltins), da Funda\u00e7\u00e3o de Amparo \u00e0 Pesquisa do Tocantins (Fapt) e da Tocantins Parcerias, em conjunto com empresas do agro, \u00f3rg\u00e3os p\u00fablicos e institui\u00e7\u00f5es de pesquisas e educacionais.<\/p>\n\n\n\n<p><\/p>\n\n\n\n<p><img src=\"https:\/\/central.to.gov.br\/image\/424352?w=670&amp;h=414\"><\/p>\n\n\n\n<p>A expectativa \u00e9 de que investimento na economia tocantinense supere os R$ 80 milh\u00f5es &#8211; Matheus Alc\u00e2ntara\/Governo do Tocantins&nbsp;<a href=\"https:\/\/central.to.gov.br\/image\/424352?f=1\" target=\"_blank\" rel=\"noreferrer noopener\"><em>file_download<\/em><\/a><\/p>\n","protected":false},"excerpt":{"rendered":"<p>O Governo do Tocantins, por meio do Conselho de Desenvolvimento Econ\u00f4mico (CDE\/TO), realizou, nesta ter\u00e7a-feira, 13, a cerim\u00f4nia de assinatura dos contratos com as duas empresas beneficiadas na \u00faltima reuni\u00e3o do colegiado. O evento ocorreu no gabinete da Secretaria de Estado da Ind\u00fastria, Com\u00e9rcio e Servi\u00e7os (Sics), durante a Feira de Tecnologia Agropecu\u00e1ria do Tocantins [&hellip;]<\/p>\n","protected":false},"author":2,"featured_media":21841,"comment_status":"open","ping_status":"open","sticky":false,"template":"","format":"standard","meta":[],"categories":[3],"tags":[13],"_links":{"self":[{"href":"https:\/\/dgospel.com.br\/portal\/index.php\/wp-json\/wp\/v2\/posts\/21840"}],"collection":[{"href":"https:\/\/dgospel.com.br\/portal\/index.php\/wp-json\/wp\/v2\/posts"}],"about":[{"href":"https:\/\/dgospel.com.br\/portal\/index.php\/wp-json\/wp\/v2\/types\/post"}],"author":[{"embeddable":true,"href":"https:\/\/dgospel.com.br\/portal\/index.php\/wp-json\/wp\/v2\/users\/2"}],"replies":[{"embeddable":true,"href":"https:\/\/dgospel.com.br\/portal\/index.php\/wp-json\/wp\/v2\/comments?post=21840"}],"version-history":[{"count":1,"href":"https:\/\/dgospel.com.br\/portal\/index.php\/wp-json\/wp\/v2\/posts\/21840\/revisions"}],"predecessor-version":[{"id":21842,"href":"https:\/\/dgospel.com.br\/portal\/index.php\/wp-json\/wp\/v2\/posts\/21840\/revisions\/21842"}],"wp:featuredmedia":[{"embeddable":true,"href":"https:\/\/dgospel.com.br\/portal\/index.php\/wp-json\/wp\/v2\/media\/21841"}],"wp:attachment":[{"href":"https:\/\/dgospel.com.br\/portal\/index.php\/wp-json\/wp\/v2\/media?parent=21840"}],"wp:term":[{"taxonomy":"category","embeddable":true,"href":"https:\/\/dgospel.com.br\/portal\/index.php\/wp-json\/wp\/v2\/categories?post=21840"},{"taxonomy":"post_tag","embeddable":true,"href":"https:\/\/dgospel.com.br\/portal\/index.php\/wp-json\/wp\/v2\/tags?post=21840"}],"curies":[{"name":"wp","href":"https:\/\/api.w.org\/{rel}","templated":true}]}}