{"id":21843,"date":"2025-05-14T15:59:12","date_gmt":"2025-05-14T18:59:12","guid":{"rendered":"https:\/\/dgospel.com.br\/portal\/?p=21843"},"modified":"2025-05-14T15:59:14","modified_gmt":"2025-05-14T18:59:14","slug":"empregados-de-igrejas-e-instituicoes-deverao-apresentar-documentos-ate-31-05-2025-para-a-coleta-do-salario-familia","status":"publish","type":"post","link":"https:\/\/dgospel.com.br\/portal\/index.php\/2025\/05\/14\/empregados-de-igrejas-e-instituicoes-deverao-apresentar-documentos-ate-31-05-2025-para-a-coleta-do-salario-familia\/","title":{"rendered":"Empregados de Igrejas e Institui\u00e7\u00f5es dever\u00e3o apresentar documentos at\u00e9 31\/05\/2025 para a coleta do sal\u00e1rio-fam\u00edlia"},"content":{"rendered":"\n<p>Para fins de manuten\u00e7\u00e3o do benef\u00edcio do sal\u00e1rio-fam\u00edlia, no m\u00eas de maio de cada ano, o empres\u00e1rio de igreja, institui\u00e7\u00f5es sem fins lucrativos ou de qualquer outro empregador, dever\u00e1 apresentar ao seu empregador o comprovante de frequ\u00eancia escolar, para crian\u00e7as a partir de 4 anos de idade.<\/p>\n\n\n\n<p>\u00c9 de responsabilidade do funcion\u00e1rio com CTPS registrado (secret\u00e1ria, auxiliar de escrit\u00f3rio, limpeza, seguran\u00e7a, etc.) a obriga\u00e7\u00e3o de fornecer a documenta\u00e7\u00e3o acima, e com isso preencher os requisitos para percep\u00e7\u00e3o do sal\u00e1rio-fam\u00edlia.<\/p>\n\n\n\n<p>Neste sentido, Marcone Hahan de Souza, contador respons\u00e1vel pela M&amp;M Contabilidade de Igrejas ressalta que \u201ca Igreja ou Institui\u00e7\u00e3o dever\u00e1 suspender, at\u00e9 a entrega da documenta\u00e7\u00e3o, o pagamento do sal\u00e1rio-fam\u00edlia nos casos em que o empregado n\u00e3o apresente a tempo as comprova\u00e7\u00f5es de frequ\u00eancia escolar, na data regulamentada.\u201d Logo, tal pagamento e sua manuten\u00e7\u00e3o ficam condicionados \u00e0 apresenta\u00e7\u00e3o de &#8220;Comprovante de Frequ\u00eancia Escolar&#8221;.<\/p>\n\n\n\n<p><br><strong><em>O QUE \u00c9 SAL\u00c1RIO-FAM\u00cdLIA?<\/em><\/strong><strong><\/strong><\/p>\n\n\n\n<p>Sal\u00e1rio-fam\u00edlia \u00e9 o Benef\u00edcio pago aos trabalhadores com sal\u00e1rio mensal de at\u00e9 R$ 1.906,04, para auxiliar no sustento dos filhos de at\u00e9 14 anos incompletos ou inv\u00e1lidos. (Observa\u00e7\u00e3o: s\u00e3o equiparados aos filhos, os enteados e os tutelados que n\u00e3o possuem bens suficientes para o pr\u00f3prio sustento). O valor do Sal\u00e1rio-Fam\u00edlia \u00e9 de R$ 65,00, para filho de at\u00e9 14 anos incompleto ou inv\u00e1lido. Empregados com sal\u00e1rios superiores a R$ 1.906,04 mensais n\u00e3o t\u00eam direito ao sal\u00e1rio-fam\u00edlia. Os adicionais como horas extras, comiss\u00f5es, adicionais noturnos e etc., tamb\u00e9m devem ser considerados para forma\u00e7\u00e3o desses remunera\u00e7\u00f5es. Marcone destaca que valores esses referem-se ao ano de 2025.<\/p>\n\n\n\n<p>O benef\u00edcio ser\u00e1 encerrado quando o(a) filho(a) completar 14 anos.<\/p>\n\n\n\n<p>No caso de menor invalidez que n\u00e3o frequenta a escola por motivo de invalidez, dever\u00e1 ser apresentado m\u00e9dico atestado que informe esse fato.<\/p>\n\n\n\n<p>Tem direito ao sal\u00e1rio-fam\u00edlia dos trabalhadores empregados e dos avulsos. Por outro lado, o contador da M&amp;M Contabilidade de Igrejas salienta que \u201cos contribuintes individuais (como \u00e9 o caso dos Ministros de Confiss\u00e3o Religiosa &#8211; pastores, evangelistas, etc.), segurados especiais e facultativos n\u00e3o recebem sal\u00e1rio-fam\u00edlia.\u201d<\/p>\n\n\n\n<p>Para a concess\u00e3o do sal\u00e1rio-fam\u00edlia, a Previd\u00eancia Social n\u00e3o exige tempo m\u00ednimo de contribui\u00e7\u00e3o.<\/p>\n\n\n\n<p>A cota do sal\u00e1rio-fam\u00edlia somente \u00e9 devida proporcionalmente aos dias de trabalho nos meses de admiss\u00e3o e demiss\u00e3o do empregado.<\/p>\n\n\n\n<p>O Contador da M&amp;M Contabilidade de Igrejas tamb\u00e9m lembra que \u201cse pai e m\u00e3e foram empregados ou trabalhadores avulsos, ambos t\u00eam direito a receber o sal\u00e1rio-fam\u00edlia\u201d.<\/p>\n\n\n\n<p>O benef\u00edcio \u00e9 pago mensalmente ao empregado, pela Igreja ou Institui\u00e7\u00e3o \u00e0 qual est\u00e1 vinculado, e deduzido do recolhimento das contribui\u00e7\u00f5es sobre a folha salarial. Ou seja, o pagamento do sal\u00e1rio-fam\u00edlia n\u00e3o gera custos para a Igreja ou Institui\u00e7\u00e3o.<\/p>\n\n\n\n<p>O sal\u00e1rio-fam\u00edlia come\u00e7a a ser pago \u201ca partir da comprova\u00e7\u00e3o do nascimento da crian\u00e7a e mediante a apresenta\u00e7\u00e3o dos seguintes documentos: Carteira de Trabalho e Previd\u00eancia Social (no caso de empregado), Certid\u00e3o de Nascimento do filho ou comprova\u00e7\u00e3o de invalidez (no caso de dependentes maiores de 14 anos, inv\u00e1lidos)\u201d, conclui Marcone.<\/p>\n\n\n\n<p><em>Fonte:\u00a0<a rel=\"noreferrer noopener\" href=\"http:\/\/www.mmcontabilidadedeigrejas.com.br\/\" target=\"_blank\">M&amp;M Contabilidade de Igrejas<\/a><\/em><\/p>\n","protected":false},"excerpt":{"rendered":"<p>Para fins de manuten\u00e7\u00e3o do benef\u00edcio do sal\u00e1rio-fam\u00edlia, no m\u00eas de maio de cada ano, o empres\u00e1rio de igreja, institui\u00e7\u00f5es sem fins lucrativos ou de qualquer outro empregador, dever\u00e1 apresentar ao seu empregador o comprovante de frequ\u00eancia escolar, para crian\u00e7as a partir de 4 anos de idade. \u00c9 de responsabilidade do funcion\u00e1rio com CTPS registrado [&hellip;]<\/p>\n","protected":false},"author":2,"featured_media":21844,"comment_status":"open","ping_status":"open","sticky":false,"template":"","format":"standard","meta":[],"categories":[10],"tags":[13],"_links":{"self":[{"href":"https:\/\/dgospel.com.br\/portal\/index.php\/wp-json\/wp\/v2\/posts\/21843"}],"collection":[{"href":"https:\/\/dgospel.com.br\/portal\/index.php\/wp-json\/wp\/v2\/posts"}],"about":[{"href":"https:\/\/dgospel.com.br\/portal\/index.php\/wp-json\/wp\/v2\/types\/post"}],"author":[{"embeddable":true,"href":"https:\/\/dgospel.com.br\/portal\/index.php\/wp-json\/wp\/v2\/users\/2"}],"replies":[{"embeddable":true,"href":"https:\/\/dgospel.com.br\/portal\/index.php\/wp-json\/wp\/v2\/comments?post=21843"}],"version-history":[{"count":1,"href":"https:\/\/dgospel.com.br\/portal\/index.php\/wp-json\/wp\/v2\/posts\/21843\/revisions"}],"predecessor-version":[{"id":21845,"href":"https:\/\/dgospel.com.br\/portal\/index.php\/wp-json\/wp\/v2\/posts\/21843\/revisions\/21845"}],"wp:featuredmedia":[{"embeddable":true,"href":"https:\/\/dgospel.com.br\/portal\/index.php\/wp-json\/wp\/v2\/media\/21844"}],"wp:attachment":[{"href":"https:\/\/dgospel.com.br\/portal\/index.php\/wp-json\/wp\/v2\/media?parent=21843"}],"wp:term":[{"taxonomy":"category","embeddable":true,"href":"https:\/\/dgospel.com.br\/portal\/index.php\/wp-json\/wp\/v2\/categories?post=21843"},{"taxonomy":"post_tag","embeddable":true,"href":"https:\/\/dgospel.com.br\/portal\/index.php\/wp-json\/wp\/v2\/tags?post=21843"}],"curies":[{"name":"wp","href":"https:\/\/api.w.org\/{rel}","templated":true}]}}