{"id":21849,"date":"2025-05-16T22:52:44","date_gmt":"2025-05-17T01:52:44","guid":{"rendered":"https:\/\/dgospel.com.br\/portal\/?p=21849"},"modified":"2025-05-16T22:52:45","modified_gmt":"2025-05-17T01:52:45","slug":"deputado-gipao-participa-da-abertura-oficial-da-agrotins-2025-ao-lado-do-governador-wanderlei-barbosa-e-amelio-cayres","status":"publish","type":"post","link":"https:\/\/dgospel.com.br\/portal\/index.php\/2025\/05\/16\/deputado-gipao-participa-da-abertura-oficial-da-agrotins-2025-ao-lado-do-governador-wanderlei-barbosa-e-amelio-cayres\/","title":{"rendered":"Deputado Gip\u00e3o participa da abertura oficial da Agrotins 2025 ao lado do governador Wanderlei Barbosa e Am\u00e9lio Cayres"},"content":{"rendered":"\n<p>O deputado estadual Gip\u00e3o participou, nesta quinta-feira (15), da abertura oficial da 25\u00aa edi\u00e7\u00e3o da Feira de Tecnologia Agropecu\u00e1ria do Tocantins (Agrotins), realizada no Parque Agrotecnol\u00f3gico de Palmas. Ao lado do governador Wanderlei Barbosa e do presidente da Assembleia Legislativa, deputado Am\u00e9lio Cayres, o parlamentar refor\u00e7ou o compromisso com o fortalecimento do agroneg\u00f3cio e do produtor rural no Tocantins.<\/p>\n\n\n\n<p>Durante a visita \u00e0 feira, Gip\u00e3o percorreu estandes, conversou com empres\u00e1rios, produtores rurais e representantes de institui\u00e7\u00f5es parceiras do evento.<\/p>\n\n\n\n<blockquote class=\"wp-block-quote\"><p>\u201cA Agrotins \u00e9 uma vitrine do nosso potencial. Aqui, produtores e empresas trocam conhecimento, fecham neg\u00f3cios e acessam tecnologia de ponta. \u00c9 uma feira que gera resultados concretos para o campo e movimenta toda a economia do estado\u201d, afirmou o deputado.<\/p><\/blockquote>\n\n\n\n<p>Gip\u00e3o tamb\u00e9m destacou o papel fundamental do homem e da mulher do campo no desenvolvimento do Tocantins.<\/p>\n\n\n\n<blockquote class=\"wp-block-quote\"><p>\u201c\u00c9 na simplicidade do produtor rural que encontramos a verdadeira for\u00e7a do nosso estado. O trabalho di\u00e1rio no campo \u00e9 o que garante alimento na mesa e gera riquezas para o Tocantins. Valorizar esse esfor\u00e7o \u00e9 uma prioridade do nosso mandato\u201d, completou.<\/p><\/blockquote>\n\n\n\n<p>A solenidade de abertura contou ainda com a entrega de t\u00edtulos definitivos de regulariza\u00e7\u00e3o fundi\u00e1ria, beneficiando \u00e1reas que totalizam cerca de 955 hectares nos munic\u00edpios de Palmas, Monte do Carmo, Ponte Alta do Tocantins, Porto Nacional e Dian\u00f3polis. A a\u00e7\u00e3o faz parte da pol\u00edtica do Governo do Estado de garantir seguran\u00e7a jur\u00eddica no campo e fomentar o desenvolvimento sustent\u00e1vel das regi\u00f5es atendidas.<\/p>\n\n\n\n<p><strong>Sobre a Agrotins<\/strong><\/p>\n\n\n\n<p>Em 2025, a Agrotins celebra 25 anos de hist\u00f3ria, consolidando-se como a maior feira de tecnologia agropecu\u00e1ria da Regi\u00e3o Norte do Brasil. Promovida pelo Governo do Tocantins, por meio da Secretaria da Agricultura e Pecu\u00e1ria (Seagro), com apoio de diversas institui\u00e7\u00f5es, a feira movimenta anualmente bilh\u00f5es em neg\u00f3cios e atrai milhares de visitantes e expositores.<\/p>\n\n\n\n<p>Com o tema \u201cAgro \u00e9 Sustentabilidade e Inova\u00e7\u00e3o\u201d, a edi\u00e7\u00e3o deste ano refor\u00e7a o compromisso com pr\u00e1ticas modernas, sustent\u00e1veis e com a valoriza\u00e7\u00e3o do produtor rural, protagonista do desenvolvimento do Tocantins.<\/p>\n","protected":false},"excerpt":{"rendered":"<p>O deputado estadual Gip\u00e3o participou, nesta quinta-feira (15), da abertura oficial da 25\u00aa edi\u00e7\u00e3o da Feira de Tecnologia Agropecu\u00e1ria do Tocantins (Agrotins), realizada no Parque Agrotecnol\u00f3gico de Palmas. Ao lado do governador Wanderlei Barbosa e do presidente da Assembleia Legislativa, deputado Am\u00e9lio Cayres, o parlamentar refor\u00e7ou o compromisso com o fortalecimento do agroneg\u00f3cio e do [&hellip;]<\/p>\n","protected":false},"author":2,"featured_media":21850,"comment_status":"open","ping_status":"open","sticky":false,"template":"","format":"standard","meta":[],"categories":[8],"tags":[],"_links":{"self":[{"href":"https:\/\/dgospel.com.br\/portal\/index.php\/wp-json\/wp\/v2\/posts\/21849"}],"collection":[{"href":"https:\/\/dgospel.com.br\/portal\/index.php\/wp-json\/wp\/v2\/posts"}],"about":[{"href":"https:\/\/dgospel.com.br\/portal\/index.php\/wp-json\/wp\/v2\/types\/post"}],"author":[{"embeddable":true,"href":"https:\/\/dgospel.com.br\/portal\/index.php\/wp-json\/wp\/v2\/users\/2"}],"replies":[{"embeddable":true,"href":"https:\/\/dgospel.com.br\/portal\/index.php\/wp-json\/wp\/v2\/comments?post=21849"}],"version-history":[{"count":1,"href":"https:\/\/dgospel.com.br\/portal\/index.php\/wp-json\/wp\/v2\/posts\/21849\/revisions"}],"predecessor-version":[{"id":21851,"href":"https:\/\/dgospel.com.br\/portal\/index.php\/wp-json\/wp\/v2\/posts\/21849\/revisions\/21851"}],"wp:featuredmedia":[{"embeddable":true,"href":"https:\/\/dgospel.com.br\/portal\/index.php\/wp-json\/wp\/v2\/media\/21850"}],"wp:attachment":[{"href":"https:\/\/dgospel.com.br\/portal\/index.php\/wp-json\/wp\/v2\/media?parent=21849"}],"wp:term":[{"taxonomy":"category","embeddable":true,"href":"https:\/\/dgospel.com.br\/portal\/index.php\/wp-json\/wp\/v2\/categories?post=21849"},{"taxonomy":"post_tag","embeddable":true,"href":"https:\/\/dgospel.com.br\/portal\/index.php\/wp-json\/wp\/v2\/tags?post=21849"}],"curies":[{"name":"wp","href":"https:\/\/api.w.org\/{rel}","templated":true}]}}