{"id":21852,"date":"2025-05-19T12:57:56","date_gmt":"2025-05-19T15:57:56","guid":{"rendered":"https:\/\/dgospel.com.br\/portal\/?p=21852"},"modified":"2025-05-19T23:45:30","modified_gmt":"2025-05-20T02:45:30","slug":"reuniao-de-obreiros-e-esposas-da-area-1-da-ciadseta-e-realizada-em-sao-felix-do-tocantins-jalapao","status":"publish","type":"post","link":"https:\/\/dgospel.com.br\/portal\/index.php\/2025\/05\/19\/reuniao-de-obreiros-e-esposas-da-area-1-da-ciadseta-e-realizada-em-sao-felix-do-tocantins-jalapao\/","title":{"rendered":"Reuni\u00e3o de Obreiros e Esposas da \u00c1rea 1 da CIADSETA \u00e9 realizada em S\u00e3o F\u00e9lix do Tocantins \u2013 Jalap\u00e3o"},"content":{"rendered":"\n<p>No \u00faltimo s\u00e1bado, dia 17 de maio de 2025, a \u00c1rea 1 da CIADSETA\/TO realizou sua Reuni\u00e3o Geral de Obreiros e Esposas no munic\u00edpio de S\u00e3o F\u00e9lix do Tocantins, no cora\u00e7\u00e3o do Jalap\u00e3o. O encontro teve como objetivo promover comunh\u00e3o, alinhamento ministerial e fortalecimento espiritual entre os l\u00edderes da regi\u00e3o.<\/p>\n\n\n\n<p>A reuni\u00e3o foi presidida pelo Pr. Ant\u00f4nio Xavier dos Santos Vale, que \u00e9 1\u00ba Vice-Presidente da CIADSETA, Supervisor da \u00c1rea 1 e Presidente da Assembleia de Deus \u2013 Campo de Palmas Centro. Al\u00e9m de conduzir os trabalhos com sabedoria e equil\u00edbrio, Pr. Ant\u00f4nio Xavier tamb\u00e9m ministrou a poderosa Palavra de Deus aos obreiros presentes, trazendo dire\u00e7\u00e3o espiritual e encorajamento para o exerc\u00edcio do minist\u00e9rio pastoral.<\/p>\n\n\n\n<p>O evento contou ainda com o apoio da Prefeitura Municipal, representada pelo prefeito Gercimar Xavier, e com a presen\u00e7a do Deputado Estadual Gip\u00e3o, que prestigiaram o encontro e refor\u00e7aram a import\u00e2ncia da parceria entre a igreja e o poder p\u00fablico em benef\u00edcio da sociedade.<\/p>\n\n\n\n<p><strong>Estiveram presentes os Presidentes de Campo da \u00c1rea 1:<\/strong><\/p>\n\n\n\n<p>Pr. Ant\u00f4nio Xavier (Palmas Centro)<\/p>\n\n\n\n<p>Pr. Josivan Putencio (Aureny IV)<\/p>\n\n\n\n<p>Pr. Elias (Aureny III)<\/p>\n\n\n\n<p>Pr. Cl\u00e1udio (Luzimangues)<\/p>\n\n\n\n<p>Pr. Silas Cavalcante (Buritirana)<\/p>\n\n\n\n<p>Pr. Wilame Santana (Santa Tereza)<\/p>\n\n\n\n<p>Pr. Deodato Portilho (Lajeado)<\/p>\n\n\n\n<p>Pr. Isac Morais (Ir. Adelaide)<\/p>\n\n\n\n<p>Pr. S\u00f3stenes Teles (Miracema)<\/p>\n\n\n\n<p>Pr. Valteir Lustosa (Tocant\u00ednia)<\/p>\n\n\n\n<p>Pr. C\u00edcero (Lagoa do Tocantins)<\/p>\n\n\n\n<p>Pr. Flor\u00eancio Cl\u00e9sio (Novo Acordo)<\/p>\n\n\n\n<p>Pr. Jessiel (S\u00e3o F\u00e9lix \u2013 anfitri\u00e3o)<\/p>\n\n\n\n<p><strong>Representando a Mesa Diretora da CIADSETA, participaram:<\/strong><\/p>\n\n\n\n<p>Pr. Abrah\u00e3o Fonseca \u2013 2\u00ba Vice-Presidente (neste ato, representando o Presidente Pr. Paulo Martins)<\/p>\n\n\n\n<p>Pr. Robervaldo Vieira \u2013 3\u00ba Vice-Presidente<\/p>\n\n\n\n<p>Pr. Raimundo Dias \u2013 Presidente do Conselho Fiscal<\/p>\n\n\n\n<p>Simultaneamente, aconteceu o Encontro das Esposas de Obreiros da \u00c1rea 1, sob a coordena\u00e7\u00e3o da Miss. Marlucy Leite, com ministra\u00e7\u00e3o da Miss. Francys Wane. Um momento de comunh\u00e3o, ensino e inspira\u00e7\u00e3o para mulheres que caminham ao lado de seus esposos no minist\u00e9rio pastoral.<\/p>\n\n\n\n<p>A CIADSETA expressa sua gratid\u00e3o ao Pr. Jessiel, anfitri\u00e3o do evento, e a toda a igreja de S\u00e3o F\u00e9lix\/TO, pelo zelo, acolhimento e dedica\u00e7\u00e3o na organiza\u00e7\u00e3o da reuni\u00e3o.<\/p>\n\n\n\n<p>Mais uma vez, a Reuni\u00e3o da \u00c1rea 1 reafirma o compromisso da CIADSETA com a unidade ministerial, o ensino b\u00edblico, o apoio \u00e0s fam\u00edlias pastorais e a expans\u00e3o do Reino de Deus com excel\u00eancia e organiza\u00e7\u00e3o.<\/p>\n","protected":false},"excerpt":{"rendered":"<p>No \u00faltimo s\u00e1bado, dia 17 de maio de 2025, a \u00c1rea 1 da CIADSETA\/TO realizou sua Reuni\u00e3o Geral de Obreiros e Esposas no munic\u00edpio de S\u00e3o F\u00e9lix do Tocantins, no cora\u00e7\u00e3o do Jalap\u00e3o. O encontro teve como objetivo promover comunh\u00e3o, alinhamento ministerial e fortalecimento espiritual entre os l\u00edderes da regi\u00e3o. A reuni\u00e3o foi presidida pelo [&hellip;]<\/p>\n","protected":false},"author":2,"featured_media":21853,"comment_status":"open","ping_status":"open","sticky":false,"template":"","format":"standard","meta":[],"categories":[12,5],"tags":[],"_links":{"self":[{"href":"https:\/\/dgospel.com.br\/portal\/index.php\/wp-json\/wp\/v2\/posts\/21852"}],"collection":[{"href":"https:\/\/dgospel.com.br\/portal\/index.php\/wp-json\/wp\/v2\/posts"}],"about":[{"href":"https:\/\/dgospel.com.br\/portal\/index.php\/wp-json\/wp\/v2\/types\/post"}],"author":[{"embeddable":true,"href":"https:\/\/dgospel.com.br\/portal\/index.php\/wp-json\/wp\/v2\/users\/2"}],"replies":[{"embeddable":true,"href":"https:\/\/dgospel.com.br\/portal\/index.php\/wp-json\/wp\/v2\/comments?post=21852"}],"version-history":[{"count":2,"href":"https:\/\/dgospel.com.br\/portal\/index.php\/wp-json\/wp\/v2\/posts\/21852\/revisions"}],"predecessor-version":[{"id":21861,"href":"https:\/\/dgospel.com.br\/portal\/index.php\/wp-json\/wp\/v2\/posts\/21852\/revisions\/21861"}],"wp:featuredmedia":[{"embeddable":true,"href":"https:\/\/dgospel.com.br\/portal\/index.php\/wp-json\/wp\/v2\/media\/21853"}],"wp:attachment":[{"href":"https:\/\/dgospel.com.br\/portal\/index.php\/wp-json\/wp\/v2\/media?parent=21852"}],"wp:term":[{"taxonomy":"category","embeddable":true,"href":"https:\/\/dgospel.com.br\/portal\/index.php\/wp-json\/wp\/v2\/categories?post=21852"},{"taxonomy":"post_tag","embeddable":true,"href":"https:\/\/dgospel.com.br\/portal\/index.php\/wp-json\/wp\/v2\/tags?post=21852"}],"curies":[{"name":"wp","href":"https:\/\/api.w.org\/{rel}","templated":true}]}}