{"id":21855,"date":"2025-05-19T23:42:43","date_gmt":"2025-05-20T02:42:43","guid":{"rendered":"https:\/\/dgospel.com.br\/portal\/?p=21855"},"modified":"2025-05-19T23:42:44","modified_gmt":"2025-05-20T02:42:44","slug":"aniversario-de-palmas-deputado-gipao-reforca-protagonismo-da-comunidade-evangelica-em-eventos-culturais-do-tocantins","status":"publish","type":"post","link":"https:\/\/dgospel.com.br\/portal\/index.php\/2025\/05\/19\/aniversario-de-palmas-deputado-gipao-reforca-protagonismo-da-comunidade-evangelica-em-eventos-culturais-do-tocantins\/","title":{"rendered":"Anivers\u00e1rio de Palmas: Deputado Gip\u00e3o refor\u00e7a protagonismo da comunidade evang\u00e9lica em eventos culturais do Tocantins"},"content":{"rendered":"\n<p>O deputado estadual Gip\u00e3o tem se destacado por sua atua\u00e7\u00e3o firme em dar visibilidade e protagonismo \u00e0 comunidade evang\u00e9lica no Tocantins, especialmente em eventos culturais e celebra\u00e7\u00f5es populares. Um exemplo recente desse compromisso foi sua participa\u00e7\u00e3o e apoio \u00e0 grande celebra\u00e7\u00e3o do 36\u00ba anivers\u00e1rio de Palmas, realizada no s\u00e1bado (17), no estacionamento da Feira do Bosque.<\/p>\n\n\n\n<p><\/p>\n\n\n\n<figure class=\"wp-block-image size-large\"><img loading=\"lazy\" width=\"929\" height=\"1024\" src=\"https:\/\/dgospel.com.br\/portal\/wp-content\/uploads\/2025\/05\/001-929x1024.jpg\" alt=\"\" class=\"wp-image-21859\" srcset=\"https:\/\/dgospel.com.br\/portal\/wp-content\/uploads\/2025\/05\/001-929x1024.jpg 929w, https:\/\/dgospel.com.br\/portal\/wp-content\/uploads\/2025\/05\/001-272x300.jpg 272w, https:\/\/dgospel.com.br\/portal\/wp-content\/uploads\/2025\/05\/001-768x847.jpg 768w, https:\/\/dgospel.com.br\/portal\/wp-content\/uploads\/2025\/05\/001.jpg 1080w\" sizes=\"(max-width: 929px) 100vw, 929px\" \/><figcaption>Cantor gospel Thalles Roberto<\/figcaption><\/figure>\n\n\n\n<p>O evento reuniu uma multid\u00e3o de pessoas e contou com uma programa\u00e7\u00e3o musical voltada ao p\u00fablico crist\u00e3o, reafirmando a import\u00e2ncia da f\u00e9 como express\u00e3o cultural viva no estado. A principal atra\u00e7\u00e3o da noite foi o renomado cantor gospel Thalles Roberto, que emocionou o p\u00fablico com suas can\u00e7\u00f5es de louvor. A cantora J\u00falia Vit\u00f3ria tamb\u00e9m se apresentou, e o artista palmense Tiago Mangela teve a responsabilidade de abrir a noite de celebra\u00e7\u00e3o.<\/p>\n\n\n\n<p><\/p>\n\n\n\n<figure class=\"wp-block-image size-full\"><img loading=\"lazy\" width=\"734\" height=\"897\" src=\"https:\/\/dgospel.com.br\/portal\/wp-content\/uploads\/2025\/05\/0-3.jpg\" alt=\"\" class=\"wp-image-21858\" srcset=\"https:\/\/dgospel.com.br\/portal\/wp-content\/uploads\/2025\/05\/0-3.jpg 734w, https:\/\/dgospel.com.br\/portal\/wp-content\/uploads\/2025\/05\/0-3-245x300.jpg 245w\" sizes=\"(max-width: 734px) 100vw, 734px\" \/><figcaption>A cantora J\u00falia Vit\u00f3ria tamb\u00e9m se apresentou no evento<\/figcaption><\/figure>\n\n\n\n<p>Com forte presen\u00e7a no evento, o deputado Gip\u00e3o destacou a import\u00e2ncia de criar espa\u00e7os para que a cultura evang\u00e9lica seja representada em grandes festividades. \u201c\u00c9 fundamental que o povo evang\u00e9lico tenha voz e vez nos eventos oficiais do nosso estado. A f\u00e9 faz parte da nossa identidade cultural, e o que vimos aqui em Palmas foi a celebra\u00e7\u00e3o de uma cidade com ra\u00edzes fortes na f\u00e9 e na comunh\u00e3o\u201d, afirmou o parlamentar.<\/p>\n\n\n\n<p>Ao longo de seu mandato, Gip\u00e3o vem promovendo e apoiando iniciativas que integram a cultura evang\u00e9lica \u00e0 agenda p\u00fablica, fortalecendo a representatividade do segmento e contribuindo para a diversidade de express\u00f5es culturais no Tocantins.<\/p>\n\n\n\n<p>Com esse tipo de engajamento, o deputado reafirma seu compromisso com os valores da comunidade evang\u00e9lica e com o fortalecimento de uma cultura plural e acolhedora em todo o estado.<\/p>\n","protected":false},"excerpt":{"rendered":"<p>O deputado estadual Gip\u00e3o tem se destacado por sua atua\u00e7\u00e3o firme em dar visibilidade e protagonismo \u00e0 comunidade evang\u00e9lica no Tocantins, especialmente em eventos culturais e celebra\u00e7\u00f5es populares. Um exemplo recente desse compromisso foi sua participa\u00e7\u00e3o e apoio \u00e0 grande celebra\u00e7\u00e3o do 36\u00ba anivers\u00e1rio de Palmas, realizada no s\u00e1bado (17), no estacionamento da Feira do [&hellip;]<\/p>\n","protected":false},"author":2,"featured_media":21857,"comment_status":"open","ping_status":"open","sticky":false,"template":"","format":"standard","meta":[],"categories":[8],"tags":[],"_links":{"self":[{"href":"https:\/\/dgospel.com.br\/portal\/index.php\/wp-json\/wp\/v2\/posts\/21855"}],"collection":[{"href":"https:\/\/dgospel.com.br\/portal\/index.php\/wp-json\/wp\/v2\/posts"}],"about":[{"href":"https:\/\/dgospel.com.br\/portal\/index.php\/wp-json\/wp\/v2\/types\/post"}],"author":[{"embeddable":true,"href":"https:\/\/dgospel.com.br\/portal\/index.php\/wp-json\/wp\/v2\/users\/2"}],"replies":[{"embeddable":true,"href":"https:\/\/dgospel.com.br\/portal\/index.php\/wp-json\/wp\/v2\/comments?post=21855"}],"version-history":[{"count":1,"href":"https:\/\/dgospel.com.br\/portal\/index.php\/wp-json\/wp\/v2\/posts\/21855\/revisions"}],"predecessor-version":[{"id":21860,"href":"https:\/\/dgospel.com.br\/portal\/index.php\/wp-json\/wp\/v2\/posts\/21855\/revisions\/21860"}],"wp:featuredmedia":[{"embeddable":true,"href":"https:\/\/dgospel.com.br\/portal\/index.php\/wp-json\/wp\/v2\/media\/21857"}],"wp:attachment":[{"href":"https:\/\/dgospel.com.br\/portal\/index.php\/wp-json\/wp\/v2\/media?parent=21855"}],"wp:term":[{"taxonomy":"category","embeddable":true,"href":"https:\/\/dgospel.com.br\/portal\/index.php\/wp-json\/wp\/v2\/categories?post=21855"},{"taxonomy":"post_tag","embeddable":true,"href":"https:\/\/dgospel.com.br\/portal\/index.php\/wp-json\/wp\/v2\/tags?post=21855"}],"curies":[{"name":"wp","href":"https:\/\/api.w.org\/{rel}","templated":true}]}}