{"id":21866,"date":"2025-05-21T09:36:43","date_gmt":"2025-05-21T12:36:43","guid":{"rendered":"https:\/\/dgospel.com.br\/portal\/?p=21866"},"modified":"2025-05-21T09:36:44","modified_gmt":"2025-05-21T12:36:44","slug":"palmas-36-anos-governo-do-tocantins-impulsiona-desenvolvimento-da-capital-com-obras-de-infraestrutura-regularizacao-fundiaria-e-novos-empreendimentos-industriais","status":"publish","type":"post","link":"https:\/\/dgospel.com.br\/portal\/index.php\/2025\/05\/21\/palmas-36-anos-governo-do-tocantins-impulsiona-desenvolvimento-da-capital-com-obras-de-infraestrutura-regularizacao-fundiaria-e-novos-empreendimentos-industriais\/","title":{"rendered":"Palmas 36 anos: Governo do Tocantins impulsiona desenvolvimento da Capital com obras de infraestrutura, regulariza\u00e7\u00e3o fundi\u00e1ria e novos empreendimentos industriais"},"content":{"rendered":"\n<p>O Governo do Tocantins comemora, nesta ter\u00e7a-feira, 20, os 36 anos da cria\u00e7\u00e3o da capital do estado, Palmas, marcando uma nova fase de crescimento impulsionada por projetos estrat\u00e9gicos. Com investimentos em infraestrutura urbana e fortalecimento da economia local, as \u00faltimas a\u00e7\u00f5es do Estado reafirmam o compromisso da gest\u00e3o do governador Wanderlei Barbosa com o desenvolvimento econ\u00f4mico e social da capital.<\/p>\n\n\n\n<p>&#8220;Estamos trabalhando intensamente com investimentos em infraestrutura e em diversas \u00e1reas para potencializar o desenvolvimento de Palmas. Por isso, temos avan\u00e7ado de forma significativa. Reafirmo meu compromisso com o crescimento da capital mais jovem do pa\u00eds e vamos continuar trabalhando em parceria com a gest\u00e3o municipal para fortalecer ainda mais esse desenvolvimento, gerando oportunidades para o nosso povo. \u00c9 com esse compromisso que parabenizo Palmas&#8221;, destaca o governador Wanderlei Barbosa.<\/p>\n\n\n\n<p><strong>Regulariza\u00e7\u00e3o fundi\u00e1ria<\/strong><\/p>\n\n\n\n<p>O Programa de Regulariza\u00e7\u00e3o Fundi\u00e1ria \u00e9 uma iniciativa do Governo do Tocantins, executada por meio da Companhia Imobili\u00e1ria de Participa\u00e7\u00f5es, Investimentos e Parcerias (Tocantins Parcerias), que tem garantido seguran\u00e7a jur\u00eddica e dignidade a milhares de moradores em todo o estado, como \u00e9 o caso da capital, Palmas. Somente neste ano, 1.786 t\u00edtulos definitivos de propriedade j\u00e1 foram entregues na capital tocantinense. No dia 29 de abril, 750 fam\u00edlias dos setores Aureny I, II, III e IV, e das Arses 112, 122 e 132 foram beneficiadas com a entrega dos documentos. J\u00e1 no dia 13 de mar\u00e7o, outras 1.036 fam\u00edlias do setor Jardim Taquari receberam seus t\u00edtulos definitivos, abrangendo as quadras T-20, T-21, T-22, T-30, T-31, T-32, T-33 e T-42.<\/p>\n\n\n\n<p>\u201cPor determina\u00e7\u00e3o do governador Wanderlei Barbosa, a Tocantins Parcerias tem realizado a\u00e7\u00f5es em v\u00e1rias vertentes, principalmente em Palmas. Nestes 36 anos, n\u00f3s temos muito o que comemorar. Neste ano de 2025, j\u00e1 foram quase 2 mil t\u00edtulos devidamente registrados e entregues para a popula\u00e7\u00e3o, tanto do Taquari quanto da regi\u00e3o sul da Capital. Esse \u00e9 um marco \u2014 a seguran\u00e7a jur\u00eddica para Palmas. E agora, tivemos a satisfa\u00e7\u00e3o de criar um grupo de trabalho entre o Governo do Tocantins e o munic\u00edpio de Palmas, que vai avan\u00e7ar ainda mais na regulariza\u00e7\u00e3o fundi\u00e1ria, que \u00e9 o carro-chefe das a\u00e7\u00f5es aqui na Capital\u201d, destaca o presidente da Tocantins Parcerias, Aleandro Lacerda.<\/p>\n\n\n\n<p>Com o documento registrado em cart\u00f3rio, os moradores passam a ter acesso a uma s\u00e9rie de benef\u00edcios, como a possibilidade de realizar melhorias em seus im\u00f3veis, contratar financiamentos habitacionais e viver com mais tranquilidade quanto \u00e0 posse de suas moradias.<\/p>\n\n\n\n<p>Moradora do Jardim Taquari e uma das pioneiras do bairro, a diarista Luzirena Ferreira de Matos comemora a conquista do t\u00edtulo definitivo ap\u00f3s mais de duas d\u00e9cadas de espera. \u201cEu moro aqui no Taquari h\u00e1 mais de 20 anos e sou uma das primeiras moradoras. \u00c9 com muita satisfa\u00e7\u00e3o que agrade\u00e7o ao governador Wanderlei Barbosa por ter nos entregado esse t\u00edtulo l\u00e1 na feira coberta. Estou muito feliz, muito contente, ainda mais porque n\u00e3o tivemos nenhum custo, o documento foi entregue gratuitamente para n\u00f3s\u201d, enfatiza.<\/p>\n\n\n\n<p><strong>Investimentos em infraestrutura<\/strong><\/p>\n\n\n\n<p>O Governo do Tocantins tem investido em obras voltadas para o desenvolvimento de Palmas, por meio de um conjunto de a\u00e7\u00f5es na \u00e1rea de infraestrutura e no fortalecimento da economia local. Entre os destaques dessas iniciativas est\u00e3o a recupera\u00e7\u00e3o de rodovias, a reestrutura\u00e7\u00e3o da ponte sobre o Lago de Palmas e a implanta\u00e7\u00e3o dos projetos da Cidade do Autom\u00f3vel e do Parque Tecnol\u00f3gico, lan\u00e7ados em parceria com a prefeitura de Palmas, na Feira de Tecnologia Agropecu\u00e1ria do Tocantins (Agrotins 25 anos) no \u00faltimo dia 15.<\/p>\n\n\n\n<p>Sobre as principais obras vi\u00e1rias recuperadas, o Governo do Tocantins, por meio da Ag\u00eancia de Transportes, Obras e Infraestrutura (Ageto), restaurou a Rodovia TO-050, no trecho que liga o munic\u00edpio a Porto Nacional. Com 71 km de extens\u00e3o e investimento de aproximadamente R$ 18,3 milh\u00f5es, a obra integra o Programa de Recupera\u00e7\u00e3o e Conserva\u00e7\u00e3o de Rodovias e representa um avan\u00e7o significativo na infraestrutura vi\u00e1ria. O trecho, j\u00e1 finalizado, est\u00e1 em processo de federaliza\u00e7\u00e3o e passar\u00e1 a integrar a BR-010, conforme tramita\u00e7\u00e3o no Minist\u00e9rio dos Transportes.<\/p>\n\n\n\n<p>Outras duas importantes interven\u00e7\u00f5es conclu\u00eddas e entregues s\u00e3o a reestrutura\u00e7\u00e3o asf\u00e1ltica de trechos da TO-030 entre Taquaralto, na regi\u00e3o sul, e Taquaru\u00e7u, com investimento de R$ 9,5 milh\u00f5es; entre os distritos da Capital, Taquaru\u00e7u e Buritirana, com recursos da ordem de R$ 3,8 milh\u00f5es.<\/p>\n\n\n\n<p><strong>Ponte sobre o Lago de Palmas<\/strong><\/p>\n\n\n\n<p>A duplica\u00e7\u00e3o das vias e a readequa\u00e7\u00e3o da ponte Governador Jos\u00e9 Wilson Siqueira Campos, localizada na TO-080, entre a capital e a cidade de Porto Nacional, representa um avan\u00e7o importante. Tamb\u00e9m por meio da Ageto, foi realizado o processo licitat\u00f3rio para sele\u00e7\u00e3o da empresa respons\u00e1vel pela elabora\u00e7\u00e3o do projeto e execu\u00e7\u00e3o das obras da ponte sobre o Lago de Palmas, localizada na TO-080, com extens\u00e3o de 8,10 km. Com previs\u00e3o de in\u00edcio dos servi\u00e7os ainda neste ano, a reestrutura\u00e7\u00e3o da ponte visa melhorar os acessos \u00e0 capital e fortalecer a log\u00edstica da Ferrovia Norte-Sul, ampliando o escoamento de mercadorias e a mobilidade da popula\u00e7\u00e3o.<\/p>\n\n\n\n<p><strong>Cidade do Autom\u00f3vel e Parque Tecnol\u00f3gico<\/strong><\/p>\n\n\n\n<p>Os projetos&nbsp;<em>Cidade do Autom\u00f3vel&nbsp;<\/em>e&nbsp;<em>Parque Tecnol\u00f3gico<\/em>&nbsp;foram lan\u00e7ados oficialmente no \u00faltimo dia 15 pelo governador Wanderlei Barbosa durante a Feira de Tecnologia Agropecu\u00e1ria do Tocantins (Agrotins 25 anos), a maior feira agrotecnol\u00f3gica da Regi\u00e3o Norte do Brasil. Os projetos, a serem executados pelo Governo do Tocantins, por meio da Secretaria de Estado da Ind\u00fastria, Com\u00e9rcio e Servi\u00e7os (Sics), no Programa de Impulsionamento da Ind\u00fastria, Com\u00e9rcio e Servi\u00e7os (PICS), foram assinados por meio de decretos em parceria com a prefeitura de Palmas que determinam as provid\u00eancias necess\u00e1rias para a implanta\u00e7\u00e3o de toda a infraestrutura dos espa\u00e7os com os objetivos de fortalecer o ramo industrial do setor automobil\u00edstico, al\u00e9m da \u00e1rea de pesquisa e inova\u00e7\u00e3o cient\u00edfica em Palmas, com potencial de gerar mais de 5 mil empregos.<\/p>\n\n\n\n<p>A&nbsp;<em>Cidade do Autom\u00f3vel<\/em>&nbsp;est\u00e1 localizada no Distrito Industrial Tocantins II, na Quadra ASR-NE 65, em Palmas, destinado \u00e0 instala\u00e7\u00e3o de empreendimentos industriais, comerciais e prestadores de servi\u00e7o do setor automotivo. O local possui uma \u00e1rea de 105.041,09 m\u00b2, dividida em 137 terrenos com tamanhos que variam de 360 m\u00b2 a 1.826,60 m\u00b2, a serem destinados a todos os tipos de empresas e neg\u00f3cios, como concession\u00e1rias, lojas de novos e seminovos e oficinas mec\u00e2nicas.<\/p>\n\n\n\n<p>J\u00e1 o projeto do<em>&nbsp;Parque Tecnol\u00f3gico<\/em>&nbsp;integra o plano de loteamento ALC-NO 13, localizado tamb\u00e9m na regi\u00e3o norte de Palmas. A \u00e1rea, de propriedade do estado, ser\u00e1 dividida em partes menores por meio do processo de microparcelamento, com o objetivo de viabilizar a implanta\u00e7\u00e3o da iniciativa. O espa\u00e7o ser\u00e1 dedicado ao desenvolvimento da tecnologia, pesquisa cient\u00edfica e empreendedorismo, em articula\u00e7\u00e3o com a Universidade Estadual do Tocantins (Unitins) e a Funda\u00e7\u00e3o de Amparo \u00e0 Pesquisa do Tocantins (Fapt).<\/p>\n\n\n\n<p>\u201cNeste anivers\u00e1rio de 36 anos da nossa capital, o governador Wanderlei Barbosa entregou dois presentes muito especiais, a\u00a0<em>Cidade do Autom\u00f3vel<\/em>, que \u00e9 um grande distrito industrial na sa\u00edda para Lajeado com 321 \u00e1reas industriais, sendo 137 terrenos correspondentes ao projeto, com uma previs\u00e3o de captar mais de R$ 500 milh\u00f5es de investimentos privados e a estimativa de gerar mais de 5 mil empregos diretos. E tamb\u00e9m o\u00a0<em>Parque Tecnol\u00f3gico<\/em>, outra grande conquista da comunidade de pesquisa e inova\u00e7\u00e3o cient\u00edfica. Como determinado pelo governador Wanderlei Barbosa, vamos tomar as provid\u00eancias para fazer a licita\u00e7\u00e3o com a Ageto [Ag\u00eancia de Transportes, Obras e Infraestrutura do Tocantins] para implantar esses grandes empreendimentos\u201d, afirma o titular da Sics, Carlos Humberto Lima.<\/p>\n\n\n\n<p><img src=\"https:\/\/central.to.gov.br\/image\/425443?w=670&amp;h=414\"><\/p>\n\n\n\n<p>Governador Wanderlei Barbosa fala do compromisso do Governo do Tocantins com o crescimento da capital mais jovem do Brasil &#8211; Antonio Gon\u00e7alves\/Governo do Tocantins&nbsp;<a href=\"https:\/\/central.to.gov.br\/image\/425443?f=1\" target=\"_blank\" rel=\"noreferrer noopener\"><em>file_download<\/em><\/a><\/p>\n\n\n\n<p><img src=\"https:\/\/central.to.gov.br\/image\/425478?w=670&amp;h=414\"><\/p>\n\n\n\n<p>Entrega de t\u00edtulos de regulariza\u00e7\u00e3o fundi\u00e1ria beneficia milhares de fam\u00edlias palmenses, garantindo seguran\u00e7a jur\u00eddica e dignidade &#8211; Esequias Ara\u00fajo\/Governo do Tocantins&nbsp;<a href=\"https:\/\/central.to.gov.br\/image\/425478?f=1\" target=\"_blank\" rel=\"noreferrer noopener\"><em>file_download<\/em><\/a><\/p>\n\n\n\n<p><img src=\"https:\/\/central.to.gov.br\/image\/425445?w=670&amp;h=414\"><\/p>\n\n\n\n<p>Moradores do Jardim Taquari comemoram recebimento de t\u00edtulos definitivos de propriedade ap\u00f3s d\u00e9cadas de espera &#8211; Esequias Araujo\/Governo do Tocantins&nbsp;<a href=\"https:\/\/central.to.gov.br\/image\/425445?f=1\" target=\"_blank\" rel=\"noreferrer noopener\"><em>file_download<\/em><\/a><\/p>\n\n\n\n<p><img src=\"https:\/\/central.to.gov.br\/image\/425446?w=670&amp;h=414\"><\/p>\n\n\n\n<p>Obras de recupera\u00e7\u00e3o da TO-050 melhoram a infraestrutura vi\u00e1ria entre Palmas e Porto Nacional, impulsionando o desenvolvimento regional &#8211; Thiago S\u00e1\/Governo do Tocantins&nbsp;<a href=\"https:\/\/central.to.gov.br\/image\/425446?f=1\" target=\"_blank\" rel=\"noreferrer noopener\"><em>file_download<\/em><\/a><\/p>\n\n\n\n<p><img src=\"https:\/\/central.to.gov.br\/image\/425447?w=670&amp;h=414\"><\/p>\n\n\n\n<p>Projeto da nova ponte sobre o Lago de Palmas vai ampliar mobilidade urbana e fortalecer a log\u00edstica da Ferrovia Norte-Sul &#8211; Adilvan Nogueira\/Governo do Tocantins&nbsp;<a href=\"https:\/\/central.to.gov.br\/image\/425447?f=1\" target=\"_blank\" rel=\"noreferrer noopener\"><em>file_download<\/em><\/a><\/p>\n\n\n\n<p><img src=\"https:\/\/central.to.gov.br\/image\/425448?w=670&amp;h=414\"><\/p>\n\n\n\n<p>Presidente da Tocantins Parcerias, Aleandro Lacerda, fala sobre avan\u00e7o da regulariza\u00e7\u00e3o fundi\u00e1ria na Capital &#8211; Aldemar Ribeiro\/Governo do Tocantins&nbsp;<a href=\"https:\/\/central.to.gov.br\/image\/425448?f=1\" target=\"_blank\" rel=\"noreferrer noopener\"><em>file_download<\/em><\/a><\/p>\n\n\n\n<p><img src=\"https:\/\/central.to.gov.br\/image\/425479?w=670&amp;h=414\"><\/p>\n\n\n\n<p>Governador Wanderlei Barbosa apresenta os projetos Cidade do Autom\u00f3vel e Parque Tecnol\u00f3gico durante a Agrotins 25 anos &#8211; Antonio Gon\u00e7alves\/Governo do Tocantins&nbsp;<a href=\"https:\/\/central.to.gov.br\/image\/425479?f=1\" target=\"_blank\" rel=\"noreferrer noopener\"><em>file_download<\/em><\/a><\/p>\n\n\n\n<p><img src=\"https:\/\/central.to.gov.br\/image\/425450?w=670&amp;h=414\"><\/p>\n\n\n\n<p>Moradora do Jardim Taquari, Luzirena Ferreira de Matos comemora entrega do t\u00edtulo definitivo de propriedade &#8211; M\u00e1rcio Vieira\/Governo do Tocantins&nbsp;<a href=\"https:\/\/central.to.gov.br\/image\/425450?f=1\" target=\"_blank\" rel=\"noreferrer noopener\"><em>file_download<\/em><\/a><\/p>\n\n\n\n<p><img src=\"https:\/\/central.to.gov.br\/image\/425451?w=670&amp;h=414\"><\/p>\n\n\n\n<p>Titular da Sics, Carlos Humberto Lima, apresenta projetos da Cidade do Autom\u00f3vel e do Parque Tecnol\u00f3gico &#8211; Ademir dos Anjos\/Governo do Tocantins&nbsp;<a href=\"https:\/\/central.to.gov.br\/image\/425451?f=1\" target=\"_blank\" rel=\"noreferrer noopener\"><em>file_download<\/em><\/a><\/p>\n\n\n\n<p><img src=\"https:\/\/central.to.gov.br\/image\/425442?w=670&amp;h=414\"><\/p>\n\n\n\n<p>Governo do Tocantins comemora, nesta ter\u00e7a-feira, 20, os 36 anos da cria\u00e7\u00e3o da capital do estado, Palmas, marcando uma nova fase de crescimento impulsionada por projetos estrat\u00e9gicos &#8211; Aldemar Ribeiro\/Governo do Tocantins&nbsp;<a href=\"https:\/\/central.to.gov.br\/image\/425442?f=1\" target=\"_blank\" rel=\"noreferrer noopener\"><em>file_download<\/em><\/a><\/p>\n","protected":false},"excerpt":{"rendered":"<p>O Governo do Tocantins comemora, nesta ter\u00e7a-feira, 20, os 36 anos da cria\u00e7\u00e3o da capital do estado, Palmas, marcando uma nova fase de crescimento impulsionada por projetos estrat\u00e9gicos. Com investimentos em infraestrutura urbana e fortalecimento da economia local, as \u00faltimas a\u00e7\u00f5es do Estado reafirmam o compromisso da gest\u00e3o do governador Wanderlei Barbosa com o desenvolvimento [&hellip;]<\/p>\n","protected":false},"author":2,"featured_media":21867,"comment_status":"open","ping_status":"open","sticky":false,"template":"","format":"standard","meta":[],"categories":[3],"tags":[13],"_links":{"self":[{"href":"https:\/\/dgospel.com.br\/portal\/index.php\/wp-json\/wp\/v2\/posts\/21866"}],"collection":[{"href":"https:\/\/dgospel.com.br\/portal\/index.php\/wp-json\/wp\/v2\/posts"}],"about":[{"href":"https:\/\/dgospel.com.br\/portal\/index.php\/wp-json\/wp\/v2\/types\/post"}],"author":[{"embeddable":true,"href":"https:\/\/dgospel.com.br\/portal\/index.php\/wp-json\/wp\/v2\/users\/2"}],"replies":[{"embeddable":true,"href":"https:\/\/dgospel.com.br\/portal\/index.php\/wp-json\/wp\/v2\/comments?post=21866"}],"version-history":[{"count":1,"href":"https:\/\/dgospel.com.br\/portal\/index.php\/wp-json\/wp\/v2\/posts\/21866\/revisions"}],"predecessor-version":[{"id":21868,"href":"https:\/\/dgospel.com.br\/portal\/index.php\/wp-json\/wp\/v2\/posts\/21866\/revisions\/21868"}],"wp:featuredmedia":[{"embeddable":true,"href":"https:\/\/dgospel.com.br\/portal\/index.php\/wp-json\/wp\/v2\/media\/21867"}],"wp:attachment":[{"href":"https:\/\/dgospel.com.br\/portal\/index.php\/wp-json\/wp\/v2\/media?parent=21866"}],"wp:term":[{"taxonomy":"category","embeddable":true,"href":"https:\/\/dgospel.com.br\/portal\/index.php\/wp-json\/wp\/v2\/categories?post=21866"},{"taxonomy":"post_tag","embeddable":true,"href":"https:\/\/dgospel.com.br\/portal\/index.php\/wp-json\/wp\/v2\/tags?post=21866"}],"curies":[{"name":"wp","href":"https:\/\/api.w.org\/{rel}","templated":true}]}}