{"id":21869,"date":"2025-05-21T09:41:50","date_gmt":"2025-05-21T12:41:50","guid":{"rendered":"https:\/\/dgospel.com.br\/portal\/?p=21869"},"modified":"2025-05-21T09:41:52","modified_gmt":"2025-05-21T12:41:52","slug":"palmas-36-anos-governo-do-tocantins-promove-investimentos-historicos-em-educacao-saude-e-seguranca-da-capital-mais-jovem-do-pais","status":"publish","type":"post","link":"https:\/\/dgospel.com.br\/portal\/index.php\/2025\/05\/21\/palmas-36-anos-governo-do-tocantins-promove-investimentos-historicos-em-educacao-saude-e-seguranca-da-capital-mais-jovem-do-pais\/","title":{"rendered":"Palmas 36 anos: Governo do Tocantins promove investimentos hist\u00f3ricos em educa\u00e7\u00e3o, sa\u00fade e seguran\u00e7a da capital mais jovem do pa\u00eds"},"content":{"rendered":"\n<p>Com uma trajet\u00f3ria marcada por crescimento planejado e qualidade de vida, Palmas completa, nesta ter\u00e7a-feira, 20, 36 anos consolidada como uma das capitais que mais se destacam no Brasil em \u00e1reas essenciais como educa\u00e7\u00e3o, sa\u00fade e seguran\u00e7a p\u00fablica. Ao longo dessa hist\u00f3ria, o Governo do Tocantins tem sido um parceiro fundamental, contribuindo com investimentos estrat\u00e9gicos e pol\u00edticas p\u00fablicas voltadas ao bem-estar da popula\u00e7\u00e3o.<br><br>Escolas estaduais modernas, leitos ampliados nos dois hospitais geridos pelo Estado na cidade e uma das maiores redu\u00e7\u00f5es nos \u00edndices de viol\u00eancia urbana no pa\u00eds mostram que Palmas vive um novo momento com suporte do Governo do Tocantins. \u201cTemos a capital mais nova do Brasil, que \u00e9 tamb\u00e9m uma das mais estruturadas. Palmas se destaca nacionalmente em \u00e1reas essenciais para o nosso povo e temos muito orgulho de cuidar dessa cidade que representa tanto para o Tocantins. Os trabalhos continuar\u00e3o, com foco em fazer de Palmas a melhor capital do Brasil para se viver\u201d, afirma o governador Wanderlei Barbosa.<br><br><strong>Educa\u00e7\u00e3o que transforma<\/strong><br><br>Com 27 escolas estaduais atendendo mais de 16 mil estudantes, Palmas se consolida como um polo educacional no Norte do pa\u00eds. Um dos destaques recentes foi a entrega da Escola Estadual Maria Ribeiro de Oliveira, em Buritirana, distrito da Capital, a primeira da rede estadual no local. Com investimento de R$ 7,2 milh\u00f5es por meio do Programa de Fortalecimento da Educa\u00e7\u00e3o (Profe), a unidade oferece os ensinos fundamental, m\u00e9dio e t\u00e9cnico em Agroneg\u00f3cio, com metodologia inovadora de Pedagogia da Altern\u00e2ncia.<br><br>Nascido em Taquaru\u00e7u, quando na \u00e9poca ainda era chamado&nbsp;<em>Taquarussu do Porto<\/em>&nbsp;e pertencia ao estado de Goi\u00e1s, o professor Jo\u00e3o Florentino leciona na nova escola de Buritirana. \u201cSempre estudei em escola p\u00fablica de Taquaru\u00e7u e me sinto privilegiado em continuar essa hist\u00f3ria lecionando na regi\u00e3o. As oportunidades que o Estado tem dado para a educa\u00e7\u00e3o s\u00e3o grandes. Ent\u00e3o, eu me sinto privilegiado em fazer parte da equipe da educa\u00e7\u00e3o e continuar construindo essa hist\u00f3ria. Temos muito o que comemorar nestes 36 anos\u201d, destaca.<br><br>A professora Daniele Mendes, que vive em Buritirana desde os oito anos, tamb\u00e9m celebra a conquista. \u201cEstudei nesse distrito e, atualmente, ensino na mesma regi\u00e3o. Ver essa escola acontecer \u00e9 um sonho antigo se tornando realidade. Estamos construindo um legado, pois esse distrito ainda tem muito a crescer e estamos aqui incentivando a nova gera\u00e7\u00e3o de palmenses a crescerem junto com a cidade\u201d, conta.<br><br>J\u00e1 a estudante Ana Sofia Fernandes, de 13 anos, define a nova escola como um \u201cpresente para a comunidade\u201d, destacando a estrutura moderna e a proximidade de casa. Para sua colega de escola, Ana Clara Ara\u00fajo, de 14 anos, h\u00e1 um sentimento de gratid\u00e3o dos moradores do distrito. \u201cEstudar em uma escola assim, no meu pr\u00f3prio distrito, \u00e9 incr\u00edvel. Neste anivers\u00e1rio de Palmas, eu s\u00f3 tenho a agradecer\u201d, comemora a estudante.<\/p>\n\n\n\n<p>Outras unidades de ensino da capital tamb\u00e9m est\u00e3o sendo contempladas com obras de reforma e constru\u00e7\u00e3o, como o Col\u00e9gio Estadual Duque de Caxias, em Taquaru\u00e7u, onde est\u00e3o previstas melhorias como reforma da fachada, adequa\u00e7\u00f5es no acesso \u00e0 quadra e substitui\u00e7\u00e3o das esquadrias, al\u00e9m da recupera\u00e7\u00e3o do muro e das cal\u00e7adas. J\u00e1 no Col\u00e9gio Girassol de Tempo Integral Rachel de Queiroz, no Jardim Aureny III, as interven\u00e7\u00f5es incluem reforma e constru\u00e7\u00e3o da cobertura da quadra poliesportiva; edifica\u00e7\u00e3o de uma passarela coberta; constru\u00e7\u00e3o de vesti\u00e1rio e novo acesso para ve\u00edculos. Na Escola Estadual Maria dos Reis Alves Barros, no Jardim Taquari, as melhorias abrangem a constru\u00e7\u00e3o de dois blocos de salas de aula, instala\u00e7\u00e3o de um posto de transforma\u00e7\u00e3o de 150 kVA, reforma geral das instala\u00e7\u00f5es el\u00e9tricas e cabeamento estruturado, instala\u00e7\u00e3o de Sistema de Prote\u00e7\u00e3o contra Descargas Atmosf\u00e9ricas (SPDA), pintura geral e reparos pontuais. No total, ser\u00e3o investidos mais R$ 23.534.246,59 para essas reformas.<\/p>\n\n\n\n<p>A doa\u00e7\u00e3o da \u00e1rea do antigo pr\u00e9dio do Centro de Aten\u00e7\u00e3o Integral \u00e0 Crian\u00e7a e ao Adolescente (Caic), no Jardim Aureny IV, oficializado pela prefeitura de Palmas no m\u00eas de abril, com \u00e1rea total de 24 mil m\u00b2, permitir\u00e1 que o Governo do Tocantins d\u00ea in\u00edcio ainda no m\u00eas de maio de uma nova escola de tempo integral, or\u00e7ada em R$ 12 milh\u00f5es. A nova unidade contar\u00e1 com 13 salas de aula, laborat\u00f3rios, biblioteca, piscina semiol\u00edmpica, audit\u00f3rio e atendimento odontol\u00f3gico.<br><br>\u201cTemos muito a comemorar em Palmas. S\u00f3 nos primeiros meses de 2025, entregamos mais de R$ 23 milh\u00f5es em obras na educa\u00e7\u00e3o e ainda temos oito reformas prestes a iniciar. E para comemorar os 36 anos da Capital, temos a Ordem de Servi\u00e7o para a constru\u00e7\u00e3o do novo Caic. S\u00e3o conquistas que transformam a vida de nossas crian\u00e7as e fam\u00edlias\u201d, afirma o secret\u00e1rio de Estado da Educa\u00e7\u00e3o, F\u00e1bio Vaz.<\/p>\n\n\n\n<p><strong>Sa\u00fade de refer\u00eancia<\/strong><\/p>\n\n\n\n<p>A Capital tamb\u00e9m se destaca como centro de refer\u00eancia em sa\u00fade p\u00fablica. O Hospital Geral de Palmas (HGP), maior unidade hospitalar do Estado, recebeu importantes melhorias, como a nova ala do pronto-socorro, salas especializadas e amplia\u00e7\u00e3o de leitos, al\u00e9m de novas estruturas para o atendimento de Acidente Vascular Cerebral (AVC) e cirurgias de grande porte. O Governo do Tocantins investiu na sa\u00fade da Capital, nos \u00faltimos anos, em valoriza\u00e7\u00e3o dos profissionais, contrata\u00e7\u00f5es, amplia\u00e7\u00e3o e reforma das unidades hospitalares.<\/p>\n\n\n\n<p>Somente o HGP realizou quase 100 mil atendimentos em 2024. Com 40 especialidades m\u00e9dicas entre cl\u00ednicas e cir\u00fargicas, o hospital oferece assist\u00eancia de m\u00e9dia e alta complexidade. A unidade disp\u00f5e de 376 leitos de enfermaria, sendo 157 leitos entregues pela gest\u00e3o Wanderlei Barbosa: 12 leitos de psiquiatria, 50 de UTI, 45 de pronto-socorro e 30 para quimioterapia (Unacon), 9 de p\u00f3s-cir\u00fargicos, 11 de cuidados do AVC, al\u00e9m do setor de hemodin\u00e2mica, prontos-socorros adulto e pedi\u00e1trico; e uma nova cozinha. O HGP passou ainda a contar com o Centro Estadual de Reabilita\u00e7\u00e3o (CER), voltado para pessoas com defici\u00eancia f\u00edsica e intelectual.<\/p>\n\n\n\n<p>J\u00e1 o Hospital e Maternidade Dona Regina (HMDR), localizado no centro de Palmas, \u00e9 a maior maternidade do Tocantins e \u00e9 refer\u00eancia para mais de 800 mil habitantes. A unidade passou por reformas e amplia\u00e7\u00f5es, mantendo o selo de Hospital Amigo da Crian\u00e7a e refor\u00e7ando seu compromisso com a sa\u00fade materno-infantil. S\u00e3o cerca de 1,1 mil profissionais atuando em 25 especialidades. O HMDR oferece estrutura moderna com 94 leitos obst\u00e9tricos e ginecol\u00f3gicos, 20 leitos de UTI Neonatal, 20 de Cuidados Neonatais Convencionais e seis da Unidade Canguru. Entre as melhorias recentes, est\u00e3o a reforma da sala de observa\u00e7\u00e3o, o novo espa\u00e7o para o setor de cardiotocografia e a amplia\u00e7\u00e3o do ambulat\u00f3rio. Tamb\u00e9m foram reformados os setores de ultrassonografia, servi\u00e7o social, banheiros e vesti\u00e1rios, al\u00e9m da implanta\u00e7\u00e3o do prontu\u00e1rio eletr\u00f4nico, com infraestrutura e cabeamento adequados para modernizar o atendimento e a revitaliza\u00e7\u00e3o do Servi\u00e7o de Aten\u00e7\u00e3o Especializada \u00e0s Pessoas em Situa\u00e7\u00e3o de Viol\u00eancia Sexual (Savis).<\/p>\n\n\n\n<p>\u201cNo anivers\u00e1rio de Palmas, celebramos os avan\u00e7os do Sistema \u00danico de Sa\u00fade estadual, que tem garantido a assist\u00eancia \u00e0 popula\u00e7\u00e3o da Capital, com acolhimentos no Hospital Geral de Palmas e no Hospital e Maternidade Dona Regina Siqueira Campos, os quais s\u00e3o as refer\u00eancias hospitalares para os usu\u00e1rios do Sistema \u00danico de Sa\u00fade, na falta de um hospital municipal. A todas as pessoas, nossas equipes dedicam atendimento em tempo oportuno e com o cuidado que nos \u00e9 determinado pelo governador Wanderlei Barbosa, em observ\u00e2ncia \u00e0 humaniza\u00e7\u00e3o e \u00e0 dignidade. Al\u00e9m dos hospitais, contamos com unidades da Hemorrede, da Assist\u00eancia Farmac\u00eautica e do Centro Especializado em Reabilita\u00e7\u00e3o\u201d, afirma o secret\u00e1rio de Estado da Sa\u00fade, Carlos Felinto.<\/p>\n\n\n\n<p>O maior investimento em sa\u00fade da hist\u00f3ria do Tocantins tamb\u00e9m est\u00e1 sendo executado em Palmas: a constru\u00e7\u00e3o do novo Hospital da Mulher e Maternidade Estadual \u00e9 viabilizada por uma Parceria P\u00fablico-Privada (PPP) em um terreno de 25 mil m\u00b2, seis vezes maior que a unidade atual. Com investimento inicial de R$ 299 milh\u00f5es, a nova unidade contar\u00e1 com 210 leitos, 20 vagas na Casa da Gestante, Beb\u00ea e Pu\u00e9rpera, UTI obst\u00e9trica in\u00e9dita, heliponto e estrutura de \u00faltima gera\u00e7\u00e3o. \u201cEsse projeto representa um legado para as futuras gera\u00e7\u00f5es. Estamos falando de um hospital moderno, com estrutura que vai transformar o atendimento \u00e0 mulher e ao rec\u00e9m-nascido no Tocantins\u201d, aponta o secret\u00e1rio de Parcerias e Investimentos, Thomas Jefferson.<br><br><strong>Seguran\u00e7a que protege<\/strong><br><br>Considerada uma das capitais mais seguras do Brasil, Palmas registrou em 2024 uma queda hist\u00f3rica nos homic\u00eddios: de 106 casos em 2023 para 41 neste ano \u2014 redu\u00e7\u00e3o de 61%, segundo dados da Secretaria da Seguran\u00e7a P\u00fablica (SSP\/TO). Um levantamento da Pol\u00edcia Militar do Tocantins (PMTO) aponta significativa e progressiva redu\u00e7\u00e3o nos crimes contra o patrim\u00f4nio na regi\u00e3o sul de Palmas. Na compara\u00e7\u00e3o entre os anos de 2023 e 2024, a regi\u00e3o apresentou uma diminui\u00e7\u00e3o consolidada de 19,34% no total de crimes contra o patrim\u00f4nio. O resultado \u00e9 reflexo direto do refor\u00e7o no efetivo, das opera\u00e7\u00f5es de combate ao tr\u00e1fico e da valoriza\u00e7\u00e3o dos profissionais da seguran\u00e7a p\u00fablica.<br><br>A capital tamb\u00e9m conta com estrutura de refer\u00eancia no atendimento \u00e0s mulheres, com a centraliza\u00e7\u00e3o dos servi\u00e7os da Delegacia Especializada de Atendimento \u00e0 Mulher (Deam) e da Central de Atendimento \u00e0 Mulher 24 horas (CAM) na Casa da Mulher Brasileira, localizada na Avenida NS-2, ACSE-90 (antiga 902 Sul). Neste ano, o Governo do Tocantins tamb\u00e9m lan\u00e7ou novo concurso para a Pol\u00edcia Militar, e autorizou concurso para a Pol\u00edcia Civil. Os certames preveem pol\u00edticas afirmativas e inclus\u00e3o, com reservas para negros, ind\u00edgenas e quilombolas.<\/p>\n\n\n\n<p><img src=\"https:\/\/central.to.gov.br\/image\/425558?w=670&amp;h=414\"><\/p>\n\n\n\n<p>O secret\u00e1rio de Estado da Educa\u00e7\u00e3o, F\u00e1bio Vaz, destaca os mais de R$ 23 milh\u00f5es investidos este ano em obras que fortalecem a rede estadual de ensino em Palmas &#8211; Aldemar Ribeiro\/Governo do Tocantins&nbsp;<a href=\"https:\/\/central.to.gov.br\/image\/425558?f=1\" target=\"_blank\" rel=\"noreferrer noopener\"><em>file_download<\/em><\/a><\/p>\n\n\n\n<p><img src=\"https:\/\/central.to.gov.br\/image\/425557?w=670&amp;h=414\"><\/p>\n\n\n\n<p>\u201cEste projeto representa um legado para as futuras gera\u00e7\u00f5es. Estamos falando de um hospital moderno, com estrutura que vai transformar o atendimento \u00e0 mulher e ao rec\u00e9m-nascido no Tocantins\u201d, aponta o secret\u00e1rio de Parcerias e Investimentos, Thomas Jefferson &#8211; Adilvan Nogueira\/Governo do Tocantins&nbsp;<a href=\"https:\/\/central.to.gov.br\/image\/425557?f=1\" target=\"_blank\" rel=\"noreferrer noopener\"><em>file_download<\/em><\/a><\/p>\n\n\n\n<p><img src=\"https:\/\/central.to.gov.br\/image\/425556?w=670&amp;h=414\"><\/p>\n\n\n\n<p>Aos 14 anos, Ana Clara Ara\u00fajo expressa gratid\u00e3o pela nova escola estadual em Buritirana &#8211; Esequias Ara\u00fajo\/Governo do Tocantins&nbsp;<a href=\"https:\/\/central.to.gov.br\/image\/425556?f=1\" target=\"_blank\" rel=\"noreferrer noopener\"><em>file_download<\/em><\/a><\/p>\n\n\n\n<p><img src=\"https:\/\/central.to.gov.br\/image\/425555?w=670&amp;h=414\"><\/p>\n\n\n\n<p>Com 13 anos, Ana Sofia Fernandes destaca a import\u00e2ncia da nova estrutura escolar em sua comunidade &#8211; Governo do Tocantins&nbsp;<a href=\"https:\/\/central.to.gov.br\/image\/425555?f=1\" target=\"_blank\" rel=\"noreferrer noopener\"><em>file_download<\/em><\/a><\/p>\n\n\n\n<p><img src=\"https:\/\/central.to.gov.br\/image\/425554?w=670&amp;h=414\"><\/p>\n\n\n\n<p>Moradora de Buritirana desde os 8 anos, Daniele Mendes vive a emo\u00e7\u00e3o de ensinar na nova escola da comunidade e contribuir para o crescimento de Palmas &#8211; Esequias Ara\u00fajo\/Governo do Tocantins&nbsp;<a href=\"https:\/\/central.to.gov.br\/image\/425554?f=1\" target=\"_blank\" rel=\"noreferrer noopener\"><em>file_download<\/em><\/a><\/p>\n\n\n\n<p><img src=\"https:\/\/central.to.gov.br\/image\/425553?w=670&amp;h=414\"><\/p>\n\n\n\n<p>Professor Jo\u00e3o Florentino leciona com orgulho no distrito onde cresceu e ajudou a construir a hist\u00f3ria da educa\u00e7\u00e3o em Palmas &#8211; Esequias Ara\u00fajo\/Governo do Tocantins&nbsp;<a href=\"https:\/\/central.to.gov.br\/image\/425553?f=1\" target=\"_blank\" rel=\"noreferrer noopener\"><em>file_download<\/em><\/a><\/p>\n\n\n\n<p><img src=\"https:\/\/central.to.gov.br\/image\/425552?w=670&amp;h=414\"><\/p>\n\n\n\n<p>Governador durante o an\u00fancio do novo concurso para a Pol\u00edcia Militar do Estado do Tocantins &#8211; Aldemar Ribeiro\/Governo do Tocantins&nbsp;<a href=\"https:\/\/central.to.gov.br\/image\/425552?f=1\" target=\"_blank\" rel=\"noreferrer noopener\"><em>file_download<\/em><\/a><\/p>\n\n\n\n<p><img src=\"https:\/\/central.to.gov.br\/image\/425551?w=670&amp;h=414\"><\/p>\n\n\n\n<p>O maior investimento em sa\u00fade da hist\u00f3ria do Tocantins tamb\u00e9m est\u00e1 sendo executado em Palmas, com a constru\u00e7\u00e3o do novo Hospital da Mulher e Maternidade Estadual &#8211; Ant\u00f4nio Gon\u00e7alves\/Governo do Tocantins&nbsp;<a href=\"https:\/\/central.to.gov.br\/image\/425551?f=1\" target=\"_blank\" rel=\"noreferrer noopener\"><em>file_download<\/em><\/a><\/p>\n\n\n\n<p><img src=\"https:\/\/central.to.gov.br\/image\/425550?w=670&amp;h=414\"><\/p>\n\n\n\n<p>Central de Atendimento \u00e0 Mulher, na Casa da Mulher Brasileira, \u00e9 modelo de acolhimento no Tocantins &#8211; Aldemar Ribeiro\/Governo do Tocantins&nbsp;<a href=\"https:\/\/central.to.gov.br\/image\/425550?f=1\" target=\"_blank\" rel=\"noreferrer noopener\"><em>file_download<\/em><\/a><\/p>\n\n\n\n<p><img src=\"https:\/\/central.to.gov.br\/image\/425549?w=670&amp;h=414\"><\/p>\n\n\n\n<p>Hospital Dona Regina mant\u00e9m selo Hospital Amigo da Crian\u00e7a ap\u00f3s melhorias estruturais &#8211; Andr\u00e9 Ara\u00fajo\/Governo do Tocantins&nbsp;<a href=\"https:\/\/central.to.gov.br\/image\/425549?f=1\" target=\"_blank\" rel=\"noreferrer noopener\"><em>file_download<\/em><\/a><\/p>\n\n\n\n<p><img src=\"https:\/\/central.to.gov.br\/image\/425548?w=670&amp;h=414\"><\/p>\n\n\n\n<p>Nova ala do pronto-socorro do HGP amplia atendimento de alta complexidade &#8211; Ant\u00f4nio Gon\u00e7alves\/Governo do Tocantins&nbsp;<a href=\"https:\/\/central.to.gov.br\/image\/425548?f=1\" target=\"_blank\" rel=\"noreferrer noopener\"><em>file_download<\/em><\/a><\/p>\n\n\n\n<p><img src=\"https:\/\/central.to.gov.br\/image\/425547?w=670&amp;h=414\"><\/p>\n\n\n\n<p>Reforma do Col\u00e9gio Militar de Taquaru\u00e7u inclui novo audit\u00f3rio com capacidade para 200 pessoas &#8211; Ademir dos Anjos\/Governo do Tocantins&nbsp;<a href=\"https:\/\/central.to.gov.br\/image\/425547?f=1\" target=\"_blank\" rel=\"noreferrer noopener\"><em>file_download<\/em><\/a><\/p>\n\n\n\n<p><img src=\"https:\/\/central.to.gov.br\/image\/425546?w=670&amp;h=414\"><\/p>\n\n\n\n<p>Professores e alunos celebram a entrega de escola t\u00e9cnica com ensino voltado ao agroneg\u00f3cio &#8211; Adilvan Nogueira\/Governo do Tocantins&nbsp;<a href=\"https:\/\/central.to.gov.br\/image\/425546?f=1\" target=\"_blank\" rel=\"noreferrer noopener\"><em>file_download<\/em><\/a><\/p>\n\n\n\n<p><img src=\"https:\/\/central.to.gov.br\/image\/425545?w=670&amp;h=414\"><\/p>\n\n\n\n<p>Governador Wanderlei Barbosa e primeira-dama Karynne Sotero durante inaugura\u00e7\u00e3o da nova Escola Estadual Maria Ribeiro de Oliveira, em Buritirana &#8211; Esequias Ara\u00fajo\/Governo do Tocantins&nbsp;<a href=\"https:\/\/central.to.gov.br\/image\/425545?f=1\" target=\"_blank\" rel=\"noreferrer noopener\"><em>file_download<\/em><\/a><\/p>\n","protected":false},"excerpt":{"rendered":"<p>Com uma trajet\u00f3ria marcada por crescimento planejado e qualidade de vida, Palmas completa, nesta ter\u00e7a-feira, 20, 36 anos consolidada como uma das capitais que mais se destacam no Brasil em \u00e1reas essenciais como educa\u00e7\u00e3o, sa\u00fade e seguran\u00e7a p\u00fablica. Ao longo dessa hist\u00f3ria, o Governo do Tocantins tem sido um parceiro fundamental, contribuindo com investimentos estrat\u00e9gicos [&hellip;]<\/p>\n","protected":false},"author":2,"featured_media":21870,"comment_status":"open","ping_status":"open","sticky":false,"template":"","format":"standard","meta":[],"categories":[3],"tags":[13],"_links":{"self":[{"href":"https:\/\/dgospel.com.br\/portal\/index.php\/wp-json\/wp\/v2\/posts\/21869"}],"collection":[{"href":"https:\/\/dgospel.com.br\/portal\/index.php\/wp-json\/wp\/v2\/posts"}],"about":[{"href":"https:\/\/dgospel.com.br\/portal\/index.php\/wp-json\/wp\/v2\/types\/post"}],"author":[{"embeddable":true,"href":"https:\/\/dgospel.com.br\/portal\/index.php\/wp-json\/wp\/v2\/users\/2"}],"replies":[{"embeddable":true,"href":"https:\/\/dgospel.com.br\/portal\/index.php\/wp-json\/wp\/v2\/comments?post=21869"}],"version-history":[{"count":1,"href":"https:\/\/dgospel.com.br\/portal\/index.php\/wp-json\/wp\/v2\/posts\/21869\/revisions"}],"predecessor-version":[{"id":21871,"href":"https:\/\/dgospel.com.br\/portal\/index.php\/wp-json\/wp\/v2\/posts\/21869\/revisions\/21871"}],"wp:featuredmedia":[{"embeddable":true,"href":"https:\/\/dgospel.com.br\/portal\/index.php\/wp-json\/wp\/v2\/media\/21870"}],"wp:attachment":[{"href":"https:\/\/dgospel.com.br\/portal\/index.php\/wp-json\/wp\/v2\/media?parent=21869"}],"wp:term":[{"taxonomy":"category","embeddable":true,"href":"https:\/\/dgospel.com.br\/portal\/index.php\/wp-json\/wp\/v2\/categories?post=21869"},{"taxonomy":"post_tag","embeddable":true,"href":"https:\/\/dgospel.com.br\/portal\/index.php\/wp-json\/wp\/v2\/tags?post=21869"}],"curies":[{"name":"wp","href":"https:\/\/api.w.org\/{rel}","templated":true}]}}