{"id":2187,"date":"2019-01-04T09:55:32","date_gmt":"2019-01-04T11:55:32","guid":{"rendered":"http:\/\/dgospel.com.br\/portal\/?p=2187"},"modified":"2019-01-04T09:55:32","modified_gmt":"2019-01-04T11:55:32","slug":"dialogo-aberto-entre-os-poderes-executivo-e-legislativo-marca-posse-da-nova-diretoria-da-casa-de-leis-de-palmas","status":"publish","type":"post","link":"https:\/\/dgospel.com.br\/portal\/index.php\/2019\/01\/04\/dialogo-aberto-entre-os-poderes-executivo-e-legislativo-marca-posse-da-nova-diretoria-da-casa-de-leis-de-palmas\/","title":{"rendered":"Di\u00e1logo aberto entre os poderes Executivo e Legislativo marca posse da nova diretoria da Casa de Leis de Palmas"},"content":{"rendered":"<div>\n<p class=\"yiv1435693382MsoNormal\">A prefeita Cinthia Ribeiro desejou boa sorte ao novo presidente e a nova diretoria da C\u00e2mara de Vereadores de Palmas nesta segunda-feira, 31, quando ocorreu a sess\u00e3o de posse do vereador Marilon Barbosa (PSB) como presidente para bi\u00eanio 2019-2020. Cinthia e Marilon Barbosa sinalizaram compromisso em manter o di\u00e1logo aberto e o trabalho conjunto em prol da Capital. &#8220;Espero que o pr\u00f3ximo ano seja rico em todos os sentidos. Sinto alegria em saber que Palmas tem um presidente da C\u00e2mara de muita responsabilidade e que trabalhar\u00e1 conosco para que os maiores benefici\u00e1rios do nosso trabalho sejam sempre os palmenses&#8221;, disse a prefeita, direcionando as palavras ao presidente Marilon Barbosa.<\/p>\n<p class=\"yiv1435693382MsoNormal\">Marilon Barbosa \u00e9 filho do primeiro prefeito de Palmas, Fenelon Barbosa, e irm\u00e3o do atual vice-governador do Tocantins, Vanderlei Barbosa, ambos presentes na sess\u00e3o de posse. Marilon Barbosa afirmou na tribuna que sua gest\u00e3o buscar\u00e1 a unidade, o fortalecimento dos poderes municipais e apoio \u00e0 gest\u00e3o da prefeita Cinthia. O presidente da Casa Legislativa Municipal se mostrou disposto a trabalhar pela resolu\u00e7\u00e3o de desafios. &#8220;Sinto que estou desafiado a romper com portas estreitas que est\u00e3o pela frente. N\u00e3o podemos estacionar, mas sim seguir em frente. Que todos os desafios sejam enfrentados com \u00e9tica e determina\u00e7\u00e3o&#8221;.<\/p>\n<p class=\"yiv1435693382MsoNormal\">Compondo a diretoria, Vandim do Povo (DC) assumiu o cargo de vice-presidente. J\u00e1 Etinho Nordeste (PTB) assumiu o cargo de 1\u00ba secret\u00e1rio e Gerson Alves (PSL) de 2\u00ba secret\u00e1rio. Professor J\u00fanior Geo (PROS) assumir\u00e1 o cargo de 3\u00ba secret\u00e1rio em gabinete. Segundo a C\u00e2mara, Geo, eleito deputado estadual, dever\u00e1 ser substitu\u00eddo da Mesa no dia 1\u00ba de fevereiro, quando assumir\u00e1 o mandato na Assembleia Legislativa.<\/p>\n<p class=\"yiv1435693382MsoNormal\">\n<p class=\"yiv1435693382MsoNormal\"><b>Emenda para Palmas<\/b><\/p>\n<p class=\"yiv1435693382MsoNormal\">Cinthia tamb\u00e9m agradeceu o senador eleito Eduardo Gomes (SD), presente na ocasi\u00e3o, pela articula\u00e7\u00e3o que realizou no Minist\u00e9rio da Sa\u00fade, em Bras\u00edlia (DF), e que ajudou a direcionar R$ 5 milh\u00f5es para aplica\u00e7\u00e3o em custeio na Sa\u00fade de Palmas. O valor j\u00e1 foi transferido na \u00faltima semana e veio, segundo Cinthia, para assegurar ao Munic\u00edpio o necess\u00e1rio para manuten\u00e7\u00e3o de servi\u00e7os de excel\u00eancia \u00e0 popula\u00e7\u00e3o, segundo a prefeita. O senador eleito, em resposta, afirmou que buscar\u00e1 ainda mais articula\u00e7\u00f5es e projetos em benef\u00edcio de Palmas, de sua autoria, assim assumir o cargo de senador da Rep\u00fablica pelo Tocantins em 2019.<\/p>\n<p class=\"yiv1435693382MsoNormal\">Gomes, que tamb\u00e9m j\u00e1 esteve \u00e0 frente da Casa, parabenizou aos empossados, reafirmou seu compromisso em trabalhar por Palmas e pelo Tocantins. &#8220;Precisamos do esp\u00edrito de unidade para Palmas continuar abrigando a todos e conquistando mais com seriedade e honestidade no trabalho&#8221;, disse.<\/p>\n<p class=\"yiv1435693382MsoNormal\">Ainda na sess\u00e3o de posse, Cinthia agradeceu ainda aos parlamentares da Casa pela colabora\u00e7\u00e3o e celeridade na vota\u00e7\u00e3o do or\u00e7amento municipal, tendo em vista que um poss\u00edvel atraso na vota\u00e7\u00e3o poderia prejudicar o andamento de a\u00e7\u00f5es e servi\u00e7os municipais em 2019.<\/p>\n<p class=\"yiv1435693382MsoNormal\">\n<p class=\"yiv1435693382MsoNormal\"><b>Na C\u00e2mara<\/b><\/p>\n<p class=\"yiv1435693382MsoNormal\">O procurador-geral de Justi\u00e7a, Jos\u00e9 Omar de Almeida J\u00fanior, prestigiou a posse da nova diretoria e afirmou que, como cidad\u00e3o, espera que a C\u00e2mara garanta benef\u00edcios aos cidad\u00e3os palmenses. &#8220;Como procurador-geral quero frisar que o Minist\u00e9rio P\u00fablico Estadual n\u00e3o \u00e9 advers\u00e1rio, mas, sim, parceiro. Quando apontamos um erro, o que queremos demonstrar \u00e9 que \u00e9 preciso refletir e repensar o caminho&#8221;.<\/p>\n<p class=\"yiv1435693382MsoNormal\">Tamb\u00e9m presentes na sess\u00e3o estavam o deputado estadual Stalin Bucar &#8211; representando a presidente da Assembleia, Luana Ribeiro, o presidente eleito do Conselho Deliberativo do Sebrae Tocantins, Rog\u00e9rio Ramos, o conselheiro do Tribunal de Contas do Estado Jos\u00e9 Ribeiro, al\u00e9m de secret\u00e1rios e chefes de autarquias do munic\u00edpio de Palmas e do estado do Tocantins e lideran\u00e7as locais.<\/p>\n<p class=\"yiv1435693382MsoNormal\">\n<\/div>\n<div><\/div>\n<div><\/div>\n<div><\/div>\n","protected":false},"excerpt":{"rendered":"<p>A prefeita Cinthia Ribeiro desejou boa sorte ao novo presidente e a nova diretoria da C\u00e2mara de Vereadores de Palmas nesta segunda-feira, 31, quando ocorreu a sess\u00e3o de posse do vereador Marilon Barbosa (PSB) como presidente para bi\u00eanio 2019-2020. Cinthia e Marilon Barbosa sinalizaram compromisso em manter o di\u00e1logo aberto e o trabalho conjunto em [&hellip;]<\/p>\n","protected":false},"author":2,"featured_media":2188,"comment_status":"open","ping_status":"open","sticky":false,"template":"","format":"standard","meta":[],"categories":[2,4],"tags":[],"_links":{"self":[{"href":"https:\/\/dgospel.com.br\/portal\/index.php\/wp-json\/wp\/v2\/posts\/2187"}],"collection":[{"href":"https:\/\/dgospel.com.br\/portal\/index.php\/wp-json\/wp\/v2\/posts"}],"about":[{"href":"https:\/\/dgospel.com.br\/portal\/index.php\/wp-json\/wp\/v2\/types\/post"}],"author":[{"embeddable":true,"href":"https:\/\/dgospel.com.br\/portal\/index.php\/wp-json\/wp\/v2\/users\/2"}],"replies":[{"embeddable":true,"href":"https:\/\/dgospel.com.br\/portal\/index.php\/wp-json\/wp\/v2\/comments?post=2187"}],"version-history":[{"count":1,"href":"https:\/\/dgospel.com.br\/portal\/index.php\/wp-json\/wp\/v2\/posts\/2187\/revisions"}],"predecessor-version":[{"id":2189,"href":"https:\/\/dgospel.com.br\/portal\/index.php\/wp-json\/wp\/v2\/posts\/2187\/revisions\/2189"}],"wp:featuredmedia":[{"embeddable":true,"href":"https:\/\/dgospel.com.br\/portal\/index.php\/wp-json\/wp\/v2\/media\/2188"}],"wp:attachment":[{"href":"https:\/\/dgospel.com.br\/portal\/index.php\/wp-json\/wp\/v2\/media?parent=2187"}],"wp:term":[{"taxonomy":"category","embeddable":true,"href":"https:\/\/dgospel.com.br\/portal\/index.php\/wp-json\/wp\/v2\/categories?post=2187"},{"taxonomy":"post_tag","embeddable":true,"href":"https:\/\/dgospel.com.br\/portal\/index.php\/wp-json\/wp\/v2\/tags?post=2187"}],"curies":[{"name":"wp","href":"https:\/\/api.w.org\/{rel}","templated":true}]}}