{"id":21872,"date":"2025-05-21T09:44:39","date_gmt":"2025-05-21T12:44:39","guid":{"rendered":"https:\/\/dgospel.com.br\/portal\/?p=21872"},"modified":"2025-05-21T09:44:40","modified_gmt":"2025-05-21T12:44:40","slug":"governador-wanderlei-barbosa-participa-de-desfile-civico-militar-em-celebracao-aos-36-anos-de-palmas","status":"publish","type":"post","link":"https:\/\/dgospel.com.br\/portal\/index.php\/2025\/05\/21\/governador-wanderlei-barbosa-participa-de-desfile-civico-militar-em-celebracao-aos-36-anos-de-palmas\/","title":{"rendered":"Governador Wanderlei Barbosa participa de desfile c\u00edvico-militar em celebra\u00e7\u00e3o aos 36 anos de Palmas"},"content":{"rendered":"\n<p>O governador do Tocantins, Wanderlei Barbosa, acompanhado da primeira-dama e secret\u00e1ria extraordin\u00e1ria de Participa\u00e7\u00f5es Sociais, Karynne Sotero, participou, nesta ter\u00e7a-feira, 20, do desfile c\u00edvico-militar em comemora\u00e7\u00e3o aos 36 anos de funda\u00e7\u00e3o da cidade de Palmas. O evento reuniu autoridades, estudantes, militares e a popula\u00e7\u00e3o no estacionamento do Gin\u00e1sio Ayrton Senna, em Taquaralto, para celebrar a trajet\u00f3ria de luta, crescimento e consolida\u00e7\u00e3o da capital tocantinense, a mais jovem do pa\u00eds.<\/p>\n\n\n\n<p>Na ocasi\u00e3o, o governador Wanderlei Barbosa parabenizou Palmas pelo anivers\u00e1rio e refor\u00e7ou o compromisso do Governo do Estado com o desenvolvimento da capital. \u201cNeste momento t\u00e3o importante da hist\u00f3ria de Palmas, quero desejar a essa cidade linda um feliz anivers\u00e1rio e muito crescimento. Que Deus aben\u00e7oe todos os palmenses, que sempre acreditaram nesta terra. Refor\u00e7o ao prefeito Eduardo Siqueira que o Governo do Tocantins segue \u00e0 disposi\u00e7\u00e3o para seguir trabalhando em parceria para melhorar a vida das pessoas e em prol do desenvolvimento da cidade\u201d, destacou o chefe do Executivo.<\/p>\n\n\n\n<p>Em clima de comemora\u00e7\u00e3o, o prefeito de Palmas, Eduardo Siqueira Campos, ressaltou a import\u00e2ncia do alinhamento com o Governo do Tocantins para o crescimento do munic\u00edpio. \u201cEu e o governador Wanderlei Barbosa temos a grande oportunidade de demonstrar nosso compromisso com Palmas, trabalhando pelo melhor para a cidade e garantindo benef\u00edcios \u00e0 nossa popula\u00e7\u00e3o. Esse alinhamento \u00e9 muito importante e representa um momento de grandeza para todos n\u00f3s. Nestes 36 anos de hist\u00f3ria, h\u00e1 muito o que comemorar. A nossa parceria tem sido fundamental, e a cidade vem sendo beneficiada com grandes projetos\u201d, assegurou o prefeito de Palmas.<\/p>\n\n\n\n<p><strong>Anivers\u00e1rio de Palmas<\/strong><\/p>\n\n\n\n<p>O tradicional desfile c\u00edvico-militar para homenagear a funda\u00e7\u00e3o, hist\u00f3ria e cultura integra a programa\u00e7\u00e3o comemorativa pelos 36 anos de Palmas e ocorre ap\u00f3s as celebra\u00e7\u00f5es no Pa\u00e7o Municipal, na Pra\u00e7a do Bosque dos Pioneiros, onde foram realizados o hasteamento das bandeiras, a execu\u00e7\u00e3o dos hinos e o corte do bolo comemorativo. O desfile reuniu cerca de 2.400 participantes, envolvendo 22 institui\u00e7\u00f5es, incluindo a Banda de M\u00fasica dos Fuzileiros Navais do 3\u00ba Batalh\u00e3o de Prote\u00e7\u00e3o e Defesa Nuclear, Biol\u00f3gica, Qu\u00edmica e Radiol\u00f3gica de Bras\u00edlia com apresenta\u00e7\u00e3o cultural; a Capitania Fluvial do Araguaia; 22\u00ba Batalh\u00e3o de Infantaria Mecanizado; Pol\u00edcia Militar do Estado do Tocantins (PMTO); Pol\u00edcia Federal; dentre outras entidades civis e militares; e escolas municipais e estaduais.<\/p>\n\n\n\n<p>A Orquestra, o Coral e a Escola de M\u00fasica da Guarda Metropolitana de Palmas (GMP) s\u00e3o representados por 240 jovens. No pelot\u00e3o da Guarda Metropolitana de Palmas, participam 97 guardas rec\u00e9m-formados, al\u00e9m de integrantes no desfile montado e motorizado. A corpora\u00e7\u00e3o tamb\u00e9m \u00e9 respons\u00e1vel pela seguran\u00e7a do circuito do desfile, com a atua\u00e7\u00e3o de guardas metropolitanos.<\/p>\n\n\n\n<p>As escolas da rede municipal de ensino se apresentaram com aproximadamente 1.000 alunos, organizados em pelot\u00f5es e acompanhados por suas respectivas fanfarras. Participaram do desfile as Escolas de Tempo Integral (ETIs) Padre Josimo; Fid\u00eancio Bogo; Eur\u00eddice de Mello; Caroline Campelo, Margarida Lemos; An\u00edsio Teixeira e Almirante Tamandar\u00e9; e a rede estadual com mais de 400 estudantes do Centro de Ensino M\u00e9dio de Taquaralto e o Col\u00e9gio Esportivo C\u00edvico-Militar Santa Rita de C\u00e1ssia.<\/p>\n\n\n\n<p>Marilene Pereira de Souza, 50 anos, \u00e9 uma das centenas de moradores que estavam presentes para acompanhar o momento. Moradora da regi\u00e3o antes da funda\u00e7\u00e3o de Palmas, em 1989, ela expressou orgulho e emo\u00e7\u00e3o ao relembrar sua trajet\u00f3ria na capital mais jovem do pa\u00eds. \u201cNasci em 1974, quando aqui [Palmas] ainda era o estado de Goi\u00e1s. Fui criada e cresci em Taquaru\u00e7u, e esta \u00e9 a primeira vez que vou a um desfile de anivers\u00e1rio de Palmas. Estou aqui na grade com muita alegria e expectativa de acompanhar. Vivi muitas dificuldades e momentos aqui, e \u00e9 onde pretendo morar sempre. Fico alegre de ver o quanto a cidade cresceu. Desejo parab\u00e9ns a Palmas e que continue em progresso\u201d, expressou a moradora Marilene.<\/p>\n\n\n\n<p>\u201cMoro em Palmas h\u00e1 mais de 25 anos. J\u00e1 vivi na regi\u00e3o Norte e agora moro na regi\u00e3o Sul. Achei o desfile muito bacana, este ano foi muito bonito. \u00c9 muito bom de ver e ouvir, porque lembramos da nossa hist\u00f3ria e mostra a proximidade das for\u00e7as de seguran\u00e7a com a popula\u00e7\u00e3o\u201d, compartilhou o morador pioneiro Raimundo Vargas Milhomem, que tamb\u00e9m acompanhou a comemora\u00e7\u00e3o.<\/p>\n\n\n\n<p><img src=\"https:\/\/central.to.gov.br\/image\/425619?w=670&amp;h=414\"><\/p>\n\n\n\n<p>Desfile c\u00edvico-militar reuniu mais de 2.400 participantes e celebrou a trajet\u00f3ria de Palmas com a presen\u00e7a de escolas, for\u00e7as de seguran\u00e7a, bandas de fanfarras e representantes da sociedade &#8211; Esequias Ara\u00fajo\/Governo do Tocantins&nbsp;<a href=\"https:\/\/central.to.gov.br\/image\/425619?f=1\" target=\"_blank\" rel=\"noreferrer noopener\"><em>file_download<\/em><\/a><\/p>\n\n\n\n<p><img src=\"https:\/\/central.to.gov.br\/image\/425618?w=670&amp;h=414\"><\/p>\n\n\n\n<p>As escolas da rede municipal de ensino se apresentaram com aproximadamente 1.000 alunos, organizados em pelot\u00f5es e acompanhados por suas respectivas fanfarras &#8211; Esequias Ara\u00fajo\/Governo do Tocantins&nbsp;<a href=\"https:\/\/central.to.gov.br\/image\/425618?f=1\" target=\"_blank\" rel=\"noreferrer noopener\"><em>file_download<\/em><\/a><\/p>\n\n\n\n<p><img src=\"https:\/\/central.to.gov.br\/image\/425617?w=670&amp;h=414\"><\/p>\n\n\n\n<p>Desfile faz parte das comemora\u00e7\u00f5es oficiais do anivers\u00e1rio da capital mais jovem do pa\u00eds &#8211; Esequias Ara\u00fajo\/Governo do Tocantins&nbsp;<a href=\"https:\/\/central.to.gov.br\/image\/425617?f=1\" target=\"_blank\" rel=\"noreferrer noopener\"><em>file_download<\/em><\/a><\/p>\n\n\n\n<p><img src=\"https:\/\/central.to.gov.br\/image\/425616?w=670&amp;h=414\"><\/p>\n\n\n\n<p>Com mais de 25 anos morando na cidade, Raimundo Vargas Milhomem elogiou o desfile e comentou sobre sua hist\u00f3ria na capital &#8211; Esequias Ara\u00fajo\/Governo do Tocantins&nbsp;<a href=\"https:\/\/central.to.gov.br\/image\/425616?f=1\" target=\"_blank\" rel=\"noreferrer noopener\"><em>file_download<\/em><\/a><\/p>\n\n\n\n<p><img src=\"https:\/\/central.to.gov.br\/image\/425615?w=670&amp;h=414\"><\/p>\n\n\n\n<p>Moradora da regi\u00e3o antes da funda\u00e7\u00e3o da capital, Marilene Pereira de Souza acompanhou o desfile pela primeira vez e desejou parab\u00e9ns para a cidade de Palmas &#8211; Esequias Ara\u00fajo\/Governo do Tocantins&nbsp;<a href=\"https:\/\/central.to.gov.br\/image\/425615?f=1\" target=\"_blank\" rel=\"noreferrer noopener\"><em>file_download<\/em><\/a><\/p>\n\n\n\n<p><img src=\"https:\/\/central.to.gov.br\/image\/425614?w=670&amp;h=414\"><\/p>\n\n\n\n<p>Prefeito Eduardo Siqueira Campos relembra hist\u00f3ria de Palmas e ressalta a parceria com o Governo do Tocantins e os avan\u00e7os conquistados para a capital &#8211; Esequias Ara\u00fajo\/Governo do Tocantins&nbsp;<a href=\"https:\/\/central.to.gov.br\/image\/425614?f=1\" target=\"_blank\" rel=\"noreferrer noopener\"><em>file_download<\/em><\/a><\/p>\n\n\n\n<p><img src=\"https:\/\/central.to.gov.br\/image\/425613?w=670&amp;h=414\"><\/p>\n\n\n\n<p>O governador do Tocantins, Wanderlei Barbosa, estava acompanhado da primeira-dama e secret\u00e1ria extraordin\u00e1ria de Participa\u00e7\u00f5es Sociais, Karynne Sotero &#8211; Esequias Ara\u00fajo\/Governo do Tocantins&nbsp;<a href=\"https:\/\/central.to.gov.br\/image\/425613?f=1\" target=\"_blank\" rel=\"noreferrer noopener\"><em>file_download<\/em><\/a><\/p>\n","protected":false},"excerpt":{"rendered":"<p>O governador do Tocantins, Wanderlei Barbosa, acompanhado da primeira-dama e secret\u00e1ria extraordin\u00e1ria de Participa\u00e7\u00f5es Sociais, Karynne Sotero, participou, nesta ter\u00e7a-feira, 20, do desfile c\u00edvico-militar em comemora\u00e7\u00e3o aos 36 anos de funda\u00e7\u00e3o da cidade de Palmas. O evento reuniu autoridades, estudantes, militares e a popula\u00e7\u00e3o no estacionamento do Gin\u00e1sio Ayrton Senna, em Taquaralto, para celebrar a [&hellip;]<\/p>\n","protected":false},"author":2,"featured_media":21873,"comment_status":"open","ping_status":"open","sticky":false,"template":"","format":"standard","meta":[],"categories":[3],"tags":[13],"_links":{"self":[{"href":"https:\/\/dgospel.com.br\/portal\/index.php\/wp-json\/wp\/v2\/posts\/21872"}],"collection":[{"href":"https:\/\/dgospel.com.br\/portal\/index.php\/wp-json\/wp\/v2\/posts"}],"about":[{"href":"https:\/\/dgospel.com.br\/portal\/index.php\/wp-json\/wp\/v2\/types\/post"}],"author":[{"embeddable":true,"href":"https:\/\/dgospel.com.br\/portal\/index.php\/wp-json\/wp\/v2\/users\/2"}],"replies":[{"embeddable":true,"href":"https:\/\/dgospel.com.br\/portal\/index.php\/wp-json\/wp\/v2\/comments?post=21872"}],"version-history":[{"count":1,"href":"https:\/\/dgospel.com.br\/portal\/index.php\/wp-json\/wp\/v2\/posts\/21872\/revisions"}],"predecessor-version":[{"id":21874,"href":"https:\/\/dgospel.com.br\/portal\/index.php\/wp-json\/wp\/v2\/posts\/21872\/revisions\/21874"}],"wp:featuredmedia":[{"embeddable":true,"href":"https:\/\/dgospel.com.br\/portal\/index.php\/wp-json\/wp\/v2\/media\/21873"}],"wp:attachment":[{"href":"https:\/\/dgospel.com.br\/portal\/index.php\/wp-json\/wp\/v2\/media?parent=21872"}],"wp:term":[{"taxonomy":"category","embeddable":true,"href":"https:\/\/dgospel.com.br\/portal\/index.php\/wp-json\/wp\/v2\/categories?post=21872"},{"taxonomy":"post_tag","embeddable":true,"href":"https:\/\/dgospel.com.br\/portal\/index.php\/wp-json\/wp\/v2\/tags?post=21872"}],"curies":[{"name":"wp","href":"https:\/\/api.w.org\/{rel}","templated":true}]}}