{"id":21881,"date":"2025-05-21T10:44:54","date_gmt":"2025-05-21T13:44:54","guid":{"rendered":"https:\/\/dgospel.com.br\/portal\/?p=21881"},"modified":"2025-05-21T10:44:54","modified_gmt":"2025-05-21T13:44:54","slug":"brasilia-recebera-o-2o-grande-encontro-em-defesa-da-vida","status":"publish","type":"post","link":"https:\/\/dgospel.com.br\/portal\/index.php\/2025\/05\/21\/brasilia-recebera-o-2o-grande-encontro-em-defesa-da-vida\/","title":{"rendered":"Bras\u00edlia receber\u00e1 o 2\u00ba Grande Encontro em Defesa da Vida"},"content":{"rendered":"\n<p>No dia 10 de junho, Bras\u00edlia (DF) receber\u00e1 o 2\u00ba Grande Encontro em Defesa da Vida. O evento representa uma grande mobiliza\u00e7\u00e3o pela dignidade humana, com uma programa\u00e7\u00e3o que integra f\u00e9, cidadania e a\u00e7\u00e3o pol\u00edtica.<\/p>\n\n\n\n<p>A programa\u00e7\u00e3o \u00e9 promovida pela Frente Parlamentar Mista contra o Aborto e em defesa da Vida, que tem como presidente a deputada federal Chris Tonietto (PL-RJ). A parlamentar \u00e9 reconhecida por sua atua\u00e7\u00e3o firme e coerente na pauta pr\u00f3-vida.<\/p>\n\n\n\n<p>O encontro ser\u00e1 no Audit\u00f3rio Nereu Ramos, na C\u00e2mara dos Deputados, das 8h30 \u00e0s 11h30. O evento reunir\u00e1 parlamentares, artistas, l\u00edderes religiosos, juristas, m\u00e9dicos e representantes da sociedade civil para fortalecer a articula\u00e7\u00e3o pr\u00f3-vida no Congresso Nacional.<\/p>\n\n\n\n<p>Durante a tarde, a partir das 13h, haver\u00e1 a Santa Missa na Catedral de Bras\u00edlia. Ser\u00e1 um momento de ora\u00e7\u00e3o, comunh\u00e3o e prepara\u00e7\u00e3o espiritual para a tradicional Marcha Nacional pela Vida, promovida pelo movimento Brasil Sem Aborto, que est\u00e1 em sua 18\u00ba edi\u00e7\u00e3o.<\/p>\n\n\n\n<p>A concentra\u00e7\u00e3o para a marcha acontecer\u00e1 no Museu da Rep\u00fablica \u00e0s 14h, e partir\u00e1 em caminhada rumo \u00e0 Esplanada dos Minist\u00e9rios, unindo vozes, cartazes e ora\u00e7\u00f5es em defesa da vida desde a concep\u00e7\u00e3o at\u00e9 o fim natural.<\/p>\n\n\n\n<p>Sob o tema central Vida: Um valor que n\u00e3o se discute, o encontro visa denunciar os avan\u00e7os da cultura da morte, em especial nos campos jur\u00eddico e legislativo. Al\u00e9m de reafirmar que a defesa incondicional da vida humana, desde a concep\u00e7\u00e3o at\u00e9 o fim natural \u00e9 inegoci\u00e1vel.<\/p>\n\n\n\n<p>\u2013 A vida n\u00e3o \u00e9 um valor discut\u00edvel. \u00c9 um direito absoluto. \u00c9 hora de unir as vozes que ainda t\u00eam coragem de defender os inocentes, de maneira firme e inegoci\u00e1vel \u2013 declarou a deputada Chris Tonietto.<\/p>\n\n\n\n<p>A programa\u00e7\u00e3o inteira contar\u00e1 com testemunhos comoventes, pain\u00e9is t\u00e9cnicos e falas de lideran\u00e7as de todo o pa\u00eds, consolidando a data como uma jornada hist\u00f3rica de mobiliza\u00e7\u00e3o, f\u00e9 e resist\u00eancia.<\/p>\n\n\n\n<p><strong>SERVI\u00c7O<\/strong><br>Data: 10 de junho de 2025<br>8h30 \u00e0s 11h30: 2\u00ba Grande Encontro em Defesa da Vida \u2013 Audit\u00f3rio Nereu Ramos (C\u00e2mara dos Deputados)<br>13h Santa Missa na Catedral de Bras\u00edlia<br>14h Concentra\u00e7\u00e3o em frente ao Museu da Rep\u00fablica<br>Realiza\u00e7\u00e3o: Dep. Chris Tonietto (PL-RJ) + Movimento Brasil Sem Aborto<br>Acesso: Evento gratuito e aberto ao p\u00fablico (sujeito \u00e0 lota\u00e7\u00e3o)<\/p>\n","protected":false},"excerpt":{"rendered":"<p>No dia 10 de junho, Bras\u00edlia (DF) receber\u00e1 o 2\u00ba Grande Encontro em Defesa da Vida. O evento representa uma grande mobiliza\u00e7\u00e3o pela dignidade humana, com uma programa\u00e7\u00e3o que integra f\u00e9, cidadania e a\u00e7\u00e3o pol\u00edtica. A programa\u00e7\u00e3o \u00e9 promovida pela Frente Parlamentar Mista contra o Aborto e em defesa da Vida, que tem como presidente [&hellip;]<\/p>\n","protected":false},"author":2,"featured_media":21882,"comment_status":"open","ping_status":"open","sticky":false,"template":"","format":"standard","meta":[],"categories":[12,10],"tags":[],"_links":{"self":[{"href":"https:\/\/dgospel.com.br\/portal\/index.php\/wp-json\/wp\/v2\/posts\/21881"}],"collection":[{"href":"https:\/\/dgospel.com.br\/portal\/index.php\/wp-json\/wp\/v2\/posts"}],"about":[{"href":"https:\/\/dgospel.com.br\/portal\/index.php\/wp-json\/wp\/v2\/types\/post"}],"author":[{"embeddable":true,"href":"https:\/\/dgospel.com.br\/portal\/index.php\/wp-json\/wp\/v2\/users\/2"}],"replies":[{"embeddable":true,"href":"https:\/\/dgospel.com.br\/portal\/index.php\/wp-json\/wp\/v2\/comments?post=21881"}],"version-history":[{"count":1,"href":"https:\/\/dgospel.com.br\/portal\/index.php\/wp-json\/wp\/v2\/posts\/21881\/revisions"}],"predecessor-version":[{"id":21883,"href":"https:\/\/dgospel.com.br\/portal\/index.php\/wp-json\/wp\/v2\/posts\/21881\/revisions\/21883"}],"wp:featuredmedia":[{"embeddable":true,"href":"https:\/\/dgospel.com.br\/portal\/index.php\/wp-json\/wp\/v2\/media\/21882"}],"wp:attachment":[{"href":"https:\/\/dgospel.com.br\/portal\/index.php\/wp-json\/wp\/v2\/media?parent=21881"}],"wp:term":[{"taxonomy":"category","embeddable":true,"href":"https:\/\/dgospel.com.br\/portal\/index.php\/wp-json\/wp\/v2\/categories?post=21881"},{"taxonomy":"post_tag","embeddable":true,"href":"https:\/\/dgospel.com.br\/portal\/index.php\/wp-json\/wp\/v2\/tags?post=21881"}],"curies":[{"name":"wp","href":"https:\/\/api.w.org\/{rel}","templated":true}]}}