{"id":21884,"date":"2025-05-21T10:51:24","date_gmt":"2025-05-21T13:51:24","guid":{"rendered":"https:\/\/dgospel.com.br\/portal\/?p=21884"},"modified":"2025-05-21T10:51:25","modified_gmt":"2025-05-21T13:51:25","slug":"lula-e-vaiado-durante-evento-marcha-dos-prefeitos-em-brasilia","status":"publish","type":"post","link":"https:\/\/dgospel.com.br\/portal\/index.php\/2025\/05\/21\/lula-e-vaiado-durante-evento-marcha-dos-prefeitos-em-brasilia\/","title":{"rendered":"Lula \u00e9 vaiado durante evento Marcha dos Prefeitos, em Bras\u00edlia"},"content":{"rendered":"\n<p>O&nbsp;presidente&nbsp;Luiz&nbsp;In\u00e1cio&nbsp;Lula&nbsp;da&nbsp;Silva (PT)&nbsp;enfrentou&nbsp;nesta&nbsp;ter\u00e7a-feira (21)&nbsp;mais&nbsp;um&nbsp;momento&nbsp;de&nbsp;desgaste&nbsp;p\u00fablico&nbsp;ao&nbsp;ser&nbsp;vaiado&nbsp;em&nbsp;pelo&nbsp;menos&nbsp;tr\u00eas&nbsp;ocasi\u00f5es&nbsp;durante&nbsp;sua&nbsp;participa\u00e7\u00e3o&nbsp;na&nbsp;Marcha&nbsp;dos&nbsp;Prefeitos,&nbsp;evento&nbsp;anual&nbsp;realizado&nbsp;em&nbsp;Bras\u00edlia.&nbsp;As&nbsp;manifesta\u00e7\u00f5es&nbsp;negativas&nbsp;come\u00e7aram&nbsp;antes&nbsp;mesmo&nbsp;de&nbsp;o&nbsp;presidente&nbsp;subir&nbsp;ao&nbsp;palco&nbsp;e&nbsp;se&nbsp;repetiram&nbsp;no&nbsp;in\u00edcio&nbsp;e&nbsp;no&nbsp;encerramento&nbsp;de&nbsp;seu&nbsp;discurso,&nbsp;contrastando&nbsp;com&nbsp;os&nbsp;momentos&nbsp;de&nbsp;aplausos&nbsp;pontuais&nbsp;registrados&nbsp;na&nbsp;plateia.&nbsp;Foi&nbsp;a&nbsp;segunda&nbsp;vez&nbsp;consecutiva&nbsp;que&nbsp;Lula&nbsp;foi&nbsp;hostilizado&nbsp;no&nbsp;encontro&nbsp;desde&nbsp;que&nbsp;retornou&nbsp;ao&nbsp;Planalto,&nbsp;em&nbsp;2023.<\/p>\n\n\n\n<p>Apesar&nbsp;das&nbsp;tentativas&nbsp;de&nbsp;conten\u00e7\u00e3o&nbsp;por&nbsp;parte&nbsp;de&nbsp;alguns&nbsp;ministros&nbsp;presentes,&nbsp;que&nbsp;esbo\u00e7aram&nbsp;rea\u00e7\u00f5es&nbsp;para&nbsp;silenciar&nbsp;os&nbsp;protestos,&nbsp;Lula&nbsp;optou&nbsp;por&nbsp;ignorar&nbsp;as&nbsp;vaias.&nbsp;Durante&nbsp;sua&nbsp;fala,&nbsp;n\u00e3o&nbsp;fez&nbsp;men\u00e7\u00e3o&nbsp;direta&nbsp;aos&nbsp;gritos&nbsp;nem&nbsp;alterou&nbsp;o&nbsp;tom,&nbsp;encerrando&nbsp;o&nbsp;discurso&nbsp;com&nbsp;agradecimentos \u2014&nbsp;mesmo&nbsp;sob&nbsp;novo&nbsp;coro&nbsp;de&nbsp;desaprova\u00e7\u00e3o.<\/p>\n\n\n\n<p>A&nbsp;marcha,&nbsp;organizada&nbsp;pela&nbsp;Confedera\u00e7\u00e3o&nbsp;Nacional&nbsp;dos&nbsp;Munic\u00edpios (CNM),&nbsp;\u00e9&nbsp;o&nbsp;maior&nbsp;encontro&nbsp;de&nbsp;prefeitos&nbsp;do&nbsp;pa\u00eds,&nbsp;e&nbsp;nesta&nbsp;edi\u00e7\u00e3o&nbsp;bateu&nbsp;recorde&nbsp;de&nbsp;participa\u00e7\u00e3o:&nbsp;mais&nbsp;de&nbsp;14&nbsp;mil&nbsp;inscritos,&nbsp;quase&nbsp;tr\u00eas&nbsp;vezes&nbsp;o&nbsp;n\u00famero&nbsp;de&nbsp;cidades&nbsp;brasileiras (5.570).&nbsp;A&nbsp;dimens\u00e3o&nbsp;do&nbsp;evento&nbsp;refor\u00e7a&nbsp;o&nbsp;peso&nbsp;simb\u00f3lico&nbsp;do&nbsp;constrangimento&nbsp;enfrentado&nbsp;pelo&nbsp;presidente.<\/p>\n\n\n\n<p>Se&nbsp;a&nbsp;recep\u00e7\u00e3o&nbsp;da&nbsp;plateia&nbsp;foi&nbsp;fria,&nbsp;a&nbsp;do&nbsp;presidente&nbsp;da&nbsp;CNM,&nbsp;Paulo&nbsp;Ziulkoski,&nbsp;foi&nbsp;abertamente&nbsp;cr\u00edtica.&nbsp;Ziulkoski,&nbsp;que&nbsp;j\u00e1&nbsp;foi&nbsp;prefeito&nbsp;de&nbsp;Mariana&nbsp;Pimentel (RS)&nbsp;e&nbsp;teve&nbsp;passagem&nbsp;pr\u00f3xima&nbsp;ao&nbsp;governo&nbsp;Bolsonaro,&nbsp;cobrou&nbsp;a\u00e7\u00f5es&nbsp;concretas&nbsp;do&nbsp;governo&nbsp;federal. \u201cAbra&nbsp;o&nbsp;olho.&nbsp;Vamos&nbsp;votar&nbsp;pautas&nbsp;estruturantes\u201d,&nbsp;disse,&nbsp;em&nbsp;tom&nbsp;de&nbsp;advert\u00eancia.&nbsp;Entre&nbsp;as&nbsp;reclama\u00e7\u00f5es,&nbsp;destacou-se&nbsp;o&nbsp;inc\u00f4modo&nbsp;com&nbsp;a&nbsp;decis\u00e3o&nbsp;do&nbsp;STF&nbsp;que&nbsp;exige&nbsp;transpar\u00eancia&nbsp;na&nbsp;distribui\u00e7\u00e3o&nbsp;de&nbsp;emendas&nbsp;parlamentares.&nbsp;Para&nbsp;ele,&nbsp;a&nbsp;exig\u00eancia&nbsp;de&nbsp;justificativa&nbsp;p\u00fablica&nbsp;por&nbsp;parte&nbsp;dos&nbsp;deputados&nbsp;seria&nbsp;um&nbsp;entrave.<\/p>\n\n\n\n<p>Lula,&nbsp;por&nbsp;sua&nbsp;vez,&nbsp;respondeu&nbsp;de&nbsp;forma&nbsp;velada,&nbsp;criticando&nbsp;o&nbsp;retorno&nbsp;do \u201cvelho&nbsp;Paulo&nbsp;Ziulkoski\u201d,&nbsp;agora&nbsp;com&nbsp;um \u201cdiscurso&nbsp;mais&nbsp;contundente\u201d,&nbsp;como&nbsp;se&nbsp;dissesse:&nbsp;o&nbsp;tempo&nbsp;da&nbsp;cordialidade&nbsp;passou.&nbsp;Sem&nbsp;citar&nbsp;o&nbsp;alinhamento&nbsp;pr\u00e9vio&nbsp;de&nbsp;Ziulkoski&nbsp;com&nbsp;o&nbsp;bolsonarismo,&nbsp;Lula&nbsp;deixou&nbsp;claro&nbsp;o&nbsp;desconforto,&nbsp;mas&nbsp;preferiu&nbsp;n\u00e3o&nbsp;escalar&nbsp;o&nbsp;conflito.<\/p>\n\n\n\n<p>O&nbsp;presidente&nbsp;aproveitou&nbsp;o&nbsp;discurso&nbsp;para&nbsp;fazer&nbsp;um&nbsp;gesto&nbsp;pol\u00edtico&nbsp;em&nbsp;defesa&nbsp;do&nbsp;ministro-chefe&nbsp;da&nbsp;Casa&nbsp;Civil,&nbsp;Rui&nbsp;Costa,&nbsp;em&nbsp;meio&nbsp;\u00e0&nbsp;crise&nbsp;gerada&nbsp;pela&nbsp;recente&nbsp;viagem&nbsp;da&nbsp;primeira-dama&nbsp;Janja&nbsp;da&nbsp;Silva&nbsp;\u00e0&nbsp;China.&nbsp;Costa&nbsp;foi&nbsp;citado&nbsp;como&nbsp;suposto&nbsp;respons\u00e1vel&nbsp;por&nbsp;vazar&nbsp;informa\u00e7\u00f5es&nbsp;sobre&nbsp;o&nbsp;epis\u00f3dio,&nbsp;o&nbsp;que&nbsp;teria&nbsp;irritado&nbsp;o&nbsp;presidente.&nbsp;Em&nbsp;resposta,&nbsp;Lula&nbsp;o&nbsp;exaltou&nbsp;como \u201co&nbsp;mais&nbsp;bem-sucedido&nbsp;governador&nbsp;da&nbsp;Bahia\u201d&nbsp;e&nbsp;elogiou&nbsp;seu&nbsp;papel&nbsp;articulador&nbsp;no&nbsp;governo,&nbsp;tentando&nbsp;demonstrar&nbsp;alinhamento&nbsp;e&nbsp;conten\u00e7\u00e3o&nbsp;de&nbsp;danos&nbsp;dentro&nbsp;da&nbsp;Esplanada.<\/p>\n\n\n\n<p>Ao&nbsp;lado&nbsp;do&nbsp;vice-presidente&nbsp;Geraldo&nbsp;Alckmin (PSB),&nbsp;do&nbsp;presidente&nbsp;do&nbsp;Senado&nbsp;Davi&nbsp;Alcolumbre (Uni\u00e3o-AP)&nbsp;e&nbsp;do&nbsp;presidente&nbsp;da&nbsp;Comiss\u00e3o&nbsp;de&nbsp;Or\u00e7amento,&nbsp;deputado&nbsp;Hugo&nbsp;Motta (Republicanos-PB),&nbsp;Lula&nbsp;tentou&nbsp;refor\u00e7ar&nbsp;a&nbsp;imagem&nbsp;de&nbsp;um&nbsp;governo&nbsp;funcional&nbsp;e&nbsp;disposto&nbsp;ao&nbsp;di\u00e1logo&nbsp;federativo.&nbsp;Mas&nbsp;o&nbsp;saldo&nbsp;do&nbsp;encontro&nbsp;foi,&nbsp;mais&nbsp;uma&nbsp;vez,&nbsp;marcado&nbsp;pela&nbsp;tens\u00e3o&nbsp;entre&nbsp;Planalto&nbsp;e&nbsp;prefeitos,&nbsp;com&nbsp;as&nbsp;vaias&nbsp;funcionando&nbsp;como&nbsp;um&nbsp;term\u00f4metro&nbsp;pol\u00edtico&nbsp;de&nbsp;insatisfa\u00e7\u00e3o&nbsp;no&nbsp;campo&nbsp;municipal.<\/p>\n","protected":false},"excerpt":{"rendered":"<p>O&nbsp;presidente&nbsp;Luiz&nbsp;In\u00e1cio&nbsp;Lula&nbsp;da&nbsp;Silva (PT)&nbsp;enfrentou&nbsp;nesta&nbsp;ter\u00e7a-feira (21)&nbsp;mais&nbsp;um&nbsp;momento&nbsp;de&nbsp;desgaste&nbsp;p\u00fablico&nbsp;ao&nbsp;ser&nbsp;vaiado&nbsp;em&nbsp;pelo&nbsp;menos&nbsp;tr\u00eas&nbsp;ocasi\u00f5es&nbsp;durante&nbsp;sua&nbsp;participa\u00e7\u00e3o&nbsp;na&nbsp;Marcha&nbsp;dos&nbsp;Prefeitos,&nbsp;evento&nbsp;anual&nbsp;realizado&nbsp;em&nbsp;Bras\u00edlia.&nbsp;As&nbsp;manifesta\u00e7\u00f5es&nbsp;negativas&nbsp;come\u00e7aram&nbsp;antes&nbsp;mesmo&nbsp;de&nbsp;o&nbsp;presidente&nbsp;subir&nbsp;ao&nbsp;palco&nbsp;e&nbsp;se&nbsp;repetiram&nbsp;no&nbsp;in\u00edcio&nbsp;e&nbsp;no&nbsp;encerramento&nbsp;de&nbsp;seu&nbsp;discurso,&nbsp;contrastando&nbsp;com&nbsp;os&nbsp;momentos&nbsp;de&nbsp;aplausos&nbsp;pontuais&nbsp;registrados&nbsp;na&nbsp;plateia.&nbsp;Foi&nbsp;a&nbsp;segunda&nbsp;vez&nbsp;consecutiva&nbsp;que&nbsp;Lula&nbsp;foi&nbsp;hostilizado&nbsp;no&nbsp;encontro&nbsp;desde&nbsp;que&nbsp;retornou&nbsp;ao&nbsp;Planalto,&nbsp;em&nbsp;2023. Apesar&nbsp;das&nbsp;tentativas&nbsp;de&nbsp;conten\u00e7\u00e3o&nbsp;por&nbsp;parte&nbsp;de&nbsp;alguns&nbsp;ministros&nbsp;presentes,&nbsp;que&nbsp;esbo\u00e7aram&nbsp;rea\u00e7\u00f5es&nbsp;para&nbsp;silenciar&nbsp;os&nbsp;protestos,&nbsp;Lula&nbsp;optou&nbsp;por&nbsp;ignorar&nbsp;as&nbsp;vaias.&nbsp;Durante&nbsp;sua&nbsp;fala,&nbsp;n\u00e3o&nbsp;fez&nbsp;men\u00e7\u00e3o&nbsp;direta&nbsp;aos&nbsp;gritos&nbsp;nem&nbsp;alterou&nbsp;o&nbsp;tom,&nbsp;encerrando&nbsp;o&nbsp;discurso&nbsp;com&nbsp;agradecimentos \u2014&nbsp;mesmo&nbsp;sob&nbsp;novo&nbsp;coro&nbsp;de&nbsp;desaprova\u00e7\u00e3o. A&nbsp;marcha,&nbsp;organizada&nbsp;pela&nbsp;Confedera\u00e7\u00e3o&nbsp;Nacional&nbsp;dos&nbsp;Munic\u00edpios (CNM),&nbsp;\u00e9&nbsp;o&nbsp;maior&nbsp;encontro&nbsp;de&nbsp;prefeitos&nbsp;do&nbsp;pa\u00eds,&nbsp;e&nbsp;nesta&nbsp;edi\u00e7\u00e3o&nbsp;bateu&nbsp;recorde&nbsp;de&nbsp;participa\u00e7\u00e3o:&nbsp;mais&nbsp;de&nbsp;14&nbsp;mil&nbsp;inscritos,&nbsp;quase&nbsp;tr\u00eas&nbsp;vezes&nbsp;o&nbsp;n\u00famero&nbsp;de&nbsp;cidades&nbsp;brasileiras (5.570).&nbsp;A&nbsp;dimens\u00e3o&nbsp;do&nbsp;evento&nbsp;refor\u00e7a&nbsp;o&nbsp;peso&nbsp;simb\u00f3lico&nbsp;do&nbsp;constrangimento&nbsp;enfrentado&nbsp;pelo&nbsp;presidente. Se&nbsp;a&nbsp;recep\u00e7\u00e3o&nbsp;da&nbsp;plateia&nbsp;foi&nbsp;fria,&nbsp;a&nbsp;do&nbsp;presidente&nbsp;da&nbsp;CNM,&nbsp;Paulo&nbsp;Ziulkoski,&nbsp;foi&nbsp;abertamente&nbsp;cr\u00edtica.&nbsp;Ziulkoski,&nbsp;que&nbsp;j\u00e1&nbsp;foi&nbsp;prefeito&nbsp;de&nbsp;Mariana&nbsp;Pimentel (RS)&nbsp;e&nbsp;teve&nbsp;passagem&nbsp;pr\u00f3xima&nbsp;ao&nbsp;governo&nbsp;Bolsonaro,&nbsp;cobrou&nbsp;a\u00e7\u00f5es&nbsp;concretas&nbsp;do&nbsp;governo&nbsp;federal. \u201cAbra&nbsp;o&nbsp;olho.&nbsp;Vamos&nbsp;votar&nbsp;pautas&nbsp;estruturantes\u201d,&nbsp;disse,&nbsp;em&nbsp;tom&nbsp;de&nbsp;advert\u00eancia.&nbsp;Entre&nbsp;as&nbsp;reclama\u00e7\u00f5es,&nbsp;destacou-se&nbsp;o&nbsp;inc\u00f4modo&nbsp;com&nbsp;a&nbsp;decis\u00e3o&nbsp;do&nbsp;STF&nbsp;que&nbsp;exige&nbsp;transpar\u00eancia&nbsp;na&nbsp;distribui\u00e7\u00e3o&nbsp;de&nbsp;emendas&nbsp;parlamentares.&nbsp;Para&nbsp;ele,&nbsp;a&nbsp;exig\u00eancia&nbsp;de&nbsp;justificativa&nbsp;p\u00fablica&nbsp;por&nbsp;parte&nbsp;dos&nbsp;deputados&nbsp;seria&nbsp;um&nbsp;entrave. Lula,&nbsp;por&nbsp;sua&nbsp;vez,&nbsp;respondeu&nbsp;de&nbsp;forma&nbsp;velada,&nbsp;criticando&nbsp;o&nbsp;retorno&nbsp;do \u201cvelho&nbsp;Paulo&nbsp;Ziulkoski\u201d,&nbsp;agora&nbsp;com&nbsp;um \u201cdiscurso&nbsp;mais&nbsp;contundente\u201d,&nbsp;como&nbsp;se&nbsp;dissesse:&nbsp;o&nbsp;tempo&nbsp;da&nbsp;cordialidade&nbsp;passou.&nbsp;Sem&nbsp;citar&nbsp;o&nbsp;alinhamento&nbsp;pr\u00e9vio&nbsp;de&nbsp;Ziulkoski&nbsp;com&nbsp;o&nbsp;bolsonarismo,&nbsp;Lula&nbsp;deixou&nbsp;claro&nbsp;o&nbsp;desconforto,&nbsp;mas&nbsp;preferiu&nbsp;n\u00e3o&nbsp;escalar&nbsp;o&nbsp;conflito. O&nbsp;presidente&nbsp;aproveitou&nbsp;o&nbsp;discurso&nbsp;para&nbsp;fazer&nbsp;um&nbsp;gesto&nbsp;pol\u00edtico&nbsp;em&nbsp;defesa&nbsp;do&nbsp;ministro-chefe&nbsp;da&nbsp;Casa&nbsp;Civil,&nbsp;Rui&nbsp;Costa,&nbsp;em&nbsp;meio&nbsp;\u00e0&nbsp;crise&nbsp;gerada&nbsp;pela&nbsp;recente&nbsp;viagem&nbsp;da&nbsp;primeira-dama&nbsp;Janja&nbsp;da&nbsp;Silva&nbsp;\u00e0&nbsp;China.&nbsp;Costa&nbsp;foi&nbsp;citado&nbsp;como&nbsp;suposto&nbsp;respons\u00e1vel&nbsp;por&nbsp;vazar&nbsp;informa\u00e7\u00f5es&nbsp;sobre&nbsp;o&nbsp;epis\u00f3dio,&nbsp;o&nbsp;que&nbsp;teria&nbsp;irritado&nbsp;o&nbsp;presidente.&nbsp;Em&nbsp;resposta,&nbsp;Lula&nbsp;o&nbsp;exaltou&nbsp;como \u201co&nbsp;mais&nbsp;bem-sucedido&nbsp;governador&nbsp;da&nbsp;Bahia\u201d&nbsp;e&nbsp;elogiou&nbsp;seu&nbsp;papel&nbsp;articulador&nbsp;no&nbsp;governo,&nbsp;tentando&nbsp;demonstrar&nbsp;alinhamento&nbsp;e&nbsp;conten\u00e7\u00e3o&nbsp;de&nbsp;danos&nbsp;dentro&nbsp;da&nbsp;Esplanada. Ao&nbsp;lado&nbsp;do&nbsp;vice-presidente&nbsp;Geraldo&nbsp;Alckmin (PSB),&nbsp;do&nbsp;presidente&nbsp;do&nbsp;Senado&nbsp;Davi&nbsp;Alcolumbre (Uni\u00e3o-AP)&nbsp;e&nbsp;do&nbsp;presidente&nbsp;da&nbsp;Comiss\u00e3o&nbsp;de&nbsp;Or\u00e7amento,&nbsp;deputado&nbsp;Hugo&nbsp;Motta (Republicanos-PB),&nbsp;Lula&nbsp;tentou&nbsp;refor\u00e7ar&nbsp;a&nbsp;imagem&nbsp;de&nbsp;um&nbsp;governo&nbsp;funcional&nbsp;e&nbsp;disposto&nbsp;ao&nbsp;di\u00e1logo&nbsp;federativo.&nbsp;Mas&nbsp;o&nbsp;saldo&nbsp;do&nbsp;encontro&nbsp;foi,&nbsp;mais&nbsp;uma&nbsp;vez,&nbsp;marcado&nbsp;pela&nbsp;tens\u00e3o&nbsp;entre&nbsp;Planalto&nbsp;e&nbsp;prefeitos,&nbsp;com&nbsp;as&nbsp;vaias&nbsp;funcionando&nbsp;como&nbsp;um&nbsp;term\u00f4metro&nbsp;pol\u00edtico&nbsp;de&nbsp;insatisfa\u00e7\u00e3o&nbsp;no&nbsp;campo&nbsp;municipal.<\/p>\n","protected":false},"author":2,"featured_media":21885,"comment_status":"open","ping_status":"open","sticky":false,"template":"","format":"standard","meta":[],"categories":[4],"tags":[],"_links":{"self":[{"href":"https:\/\/dgospel.com.br\/portal\/index.php\/wp-json\/wp\/v2\/posts\/21884"}],"collection":[{"href":"https:\/\/dgospel.com.br\/portal\/index.php\/wp-json\/wp\/v2\/posts"}],"about":[{"href":"https:\/\/dgospel.com.br\/portal\/index.php\/wp-json\/wp\/v2\/types\/post"}],"author":[{"embeddable":true,"href":"https:\/\/dgospel.com.br\/portal\/index.php\/wp-json\/wp\/v2\/users\/2"}],"replies":[{"embeddable":true,"href":"https:\/\/dgospel.com.br\/portal\/index.php\/wp-json\/wp\/v2\/comments?post=21884"}],"version-history":[{"count":1,"href":"https:\/\/dgospel.com.br\/portal\/index.php\/wp-json\/wp\/v2\/posts\/21884\/revisions"}],"predecessor-version":[{"id":21886,"href":"https:\/\/dgospel.com.br\/portal\/index.php\/wp-json\/wp\/v2\/posts\/21884\/revisions\/21886"}],"wp:featuredmedia":[{"embeddable":true,"href":"https:\/\/dgospel.com.br\/portal\/index.php\/wp-json\/wp\/v2\/media\/21885"}],"wp:attachment":[{"href":"https:\/\/dgospel.com.br\/portal\/index.php\/wp-json\/wp\/v2\/media?parent=21884"}],"wp:term":[{"taxonomy":"category","embeddable":true,"href":"https:\/\/dgospel.com.br\/portal\/index.php\/wp-json\/wp\/v2\/categories?post=21884"},{"taxonomy":"post_tag","embeddable":true,"href":"https:\/\/dgospel.com.br\/portal\/index.php\/wp-json\/wp\/v2\/tags?post=21884"}],"curies":[{"name":"wp","href":"https:\/\/api.w.org\/{rel}","templated":true}]}}