{"id":21896,"date":"2025-05-28T09:12:49","date_gmt":"2025-05-28T12:12:49","guid":{"rendered":"https:\/\/dgospel.com.br\/portal\/?p=21896"},"modified":"2025-05-28T09:12:51","modified_gmt":"2025-05-28T12:12:51","slug":"presidente-da-camara-critica-aumento-do-iof-e-diz-que-brasil-nao-precisa-de-mais-imposto","status":"publish","type":"post","link":"https:\/\/dgospel.com.br\/portal\/index.php\/2025\/05\/28\/presidente-da-camara-critica-aumento-do-iof-e-diz-que-brasil-nao-precisa-de-mais-imposto\/","title":{"rendered":"Presidente da C\u00e2mara critica aumento do IOF e diz que \u201cBrasil n\u00e3o precisa de mais imposto\u201d"},"content":{"rendered":"\n<p>O presidente da C\u00e2mara dos Deputados, Hugo Motta (Republicanos-PB), criticou o decreto do Minist\u00e9rio da Fazenda que alterou a cobran\u00e7a do Imposto sobre Opera\u00e7\u00f5es Financeiras (IOF), afirmando que \u201co Brasil n\u00e3o precisa de mais imposto\u201d. A declara\u00e7\u00e3o ap\u00f3s o recuo do governo Lula em partes do pacote tribut\u00e1rio, ap\u00f3s rea\u00e7\u00e3o negativa do mercado e de parlamentares.<\/p>\n\n\n\n<p>\u201cQuem gasta mais do que arrecada n\u00e3o \u00e9 v\u00edtima, \u00e9 autor. O Executivo n\u00e3o pode gastar sem freio e depois passar o volante para o Congresso segurar\u201d, escreveu Motta em publica\u00e7\u00e3o na rede social X (antigo Twitter). \u201cO Brasil n\u00e3o precisa de mais imposto. Precisa de menos desperd\u00edcio.\u201d<\/p>\n\n\n\n<p>O posicionamento de Motta ocorre ap\u00f3s o ministro da Fazenda, Fernando Haddad, culpar o \u201cquase parlamentarismo\u201d pelo bloqueio de medidas de ajuste fiscal no Congresso. Em entrevista ao jornal O Globo, Haddad criticou a fragmenta\u00e7\u00e3o da base governista e afirmou que o Legislativo d\u00e1 a \u201c\u00faltima palavra\u201d sobre decis\u00f5es que afetam as contas p\u00fablicas. As falas acirraram os \u00e2nimos com o parlamento e foram recebidas com desconforto por l\u00edderes partid\u00e1rios.<\/p>\n\n\n\n<p>Na pr\u00e1tica, Haddad se referia \u00e0 crescente autonomia do Congresso na defini\u00e7\u00e3o de pautas or\u00e7ament\u00e1rias e estruturais, fen\u00f4meno que se intensificou desde o in\u00edcio do mandato do presidente Luiz In\u00e1cio Lula da Silva (PT).<\/p>\n\n\n\n<p>O mal-estar institucional coincidiu com a rea\u00e7\u00e3o negativa do mercado financeiro \u00e0 tentativa de aumento do IOF. O Ibovespa recuou 0,44% e fechou a semana passada aos 137.272 pontos, enquanto o d\u00f3lar subiu 0,32%, encerrando cotado a R$ 5,66. Diante da turbul\u00eancia, o governo revogou parte do decreto na madrugada de sexta-feira (23), mantendo isen\u00e7\u00e3o de IOF sobre aplica\u00e7\u00f5es de fundos no exterior e reduzindo a al\u00edquota sobre remessas de investimentos para o exterior de 3,5% para 1,1%.<\/p>\n\n\n\n<p>Apesar do recuo parcial, as seguintes altera\u00e7\u00f5es permanecem:<\/p>\n\n\n\n<ul><li>Seguros e Previd\u00eancia (VGBL)<\/li><li>IOF de 5% para aportes mensais acima de R$ 50 mil.<\/li><\/ul>\n\n\n\n<p>Abaixo desse valor, a al\u00edquota continua zerada.<\/p>\n\n\n\n<ul><li>Cr\u00e9dito para empresas e cooperativas<\/li><li>Pequenas cooperativas seguem isentas at\u00e9 R$ 100 milh\u00f5es em opera\u00e7\u00f5es anuais.<\/li><li>Grandes cooperativas passam a pagar al\u00edquota como empresas comuns.<\/li><li>Para empresas em geral: IOF sobe de 0,38% fixo + 0,0041% ao dia para 0,95% fixo + 0,0082% ao dia.<\/li><li>Para empresas do Simples com opera\u00e7\u00e3o de at\u00e9 R$ 30 mil: al\u00edquota passa a 0,95% fixo + 0,00274% ao dia.<\/li><\/ul>\n\n\n\n<p>Remessas para o exterior e cart\u00f5es internacionais: unifica\u00e7\u00e3o em 3,5%, mas recuo manteve 1,1% para remessas de investimento.<\/p>\n\n\n\n<p>Empr\u00e9stimos externos de curto prazo: volta do IOF a 3,5%, com \u201ccurto prazo\u201d definido como at\u00e9 364 dias.<\/p>\n\n\n\n<p>Cr\u00e9dito rural, Fies, programas sociais de emprego e renda, adiantamento salarial e institui\u00e7\u00f5es financeiras seguem com al\u00edquota zero.<\/p>\n","protected":false},"excerpt":{"rendered":"<p>O presidente da C\u00e2mara dos Deputados, Hugo Motta (Republicanos-PB), criticou o decreto do Minist\u00e9rio da Fazenda que alterou a cobran\u00e7a do Imposto sobre Opera\u00e7\u00f5es Financeiras (IOF), afirmando que \u201co Brasil n\u00e3o precisa de mais imposto\u201d. A declara\u00e7\u00e3o ap\u00f3s o recuo do governo Lula em partes do pacote tribut\u00e1rio, ap\u00f3s rea\u00e7\u00e3o negativa do mercado e de [&hellip;]<\/p>\n","protected":false},"author":2,"featured_media":21897,"comment_status":"open","ping_status":"open","sticky":false,"template":"","format":"standard","meta":[],"categories":[4],"tags":[13],"_links":{"self":[{"href":"https:\/\/dgospel.com.br\/portal\/index.php\/wp-json\/wp\/v2\/posts\/21896"}],"collection":[{"href":"https:\/\/dgospel.com.br\/portal\/index.php\/wp-json\/wp\/v2\/posts"}],"about":[{"href":"https:\/\/dgospel.com.br\/portal\/index.php\/wp-json\/wp\/v2\/types\/post"}],"author":[{"embeddable":true,"href":"https:\/\/dgospel.com.br\/portal\/index.php\/wp-json\/wp\/v2\/users\/2"}],"replies":[{"embeddable":true,"href":"https:\/\/dgospel.com.br\/portal\/index.php\/wp-json\/wp\/v2\/comments?post=21896"}],"version-history":[{"count":1,"href":"https:\/\/dgospel.com.br\/portal\/index.php\/wp-json\/wp\/v2\/posts\/21896\/revisions"}],"predecessor-version":[{"id":21898,"href":"https:\/\/dgospel.com.br\/portal\/index.php\/wp-json\/wp\/v2\/posts\/21896\/revisions\/21898"}],"wp:featuredmedia":[{"embeddable":true,"href":"https:\/\/dgospel.com.br\/portal\/index.php\/wp-json\/wp\/v2\/media\/21897"}],"wp:attachment":[{"href":"https:\/\/dgospel.com.br\/portal\/index.php\/wp-json\/wp\/v2\/media?parent=21896"}],"wp:term":[{"taxonomy":"category","embeddable":true,"href":"https:\/\/dgospel.com.br\/portal\/index.php\/wp-json\/wp\/v2\/categories?post=21896"},{"taxonomy":"post_tag","embeddable":true,"href":"https:\/\/dgospel.com.br\/portal\/index.php\/wp-json\/wp\/v2\/tags?post=21896"}],"curies":[{"name":"wp","href":"https:\/\/api.w.org\/{rel}","templated":true}]}}