{"id":219,"date":"2018-05-17T16:06:46","date_gmt":"2018-05-17T19:06:46","guid":{"rendered":"http:\/\/dgospel.com.br\/portal\/?p=219"},"modified":"2018-05-17T16:06:46","modified_gmt":"2018-05-17T19:06:46","slug":"projeto-amigos-em-acao-e-criado-para-atender-jovens-da-regiao-norte-de-palmas","status":"publish","type":"post","link":"https:\/\/dgospel.com.br\/portal\/index.php\/2018\/05\/17\/projeto-amigos-em-acao-e-criado-para-atender-jovens-da-regiao-norte-de-palmas\/","title":{"rendered":"Projeto Amigos em A\u00e7\u00e3o \u00e9 criado para atender jovens da regi\u00e3o norte de Palmas"},"content":{"rendered":"<p class=\"yiv9645287876MsoNormal\">Em parceria com a Associa\u00e7\u00e3o Escolinha de Voleibol de Palmas (Assevopa), a Secretaria de Estado da Cidadania e Justi\u00e7a (Seciju), por meio da Diretoria de Prote\u00e7\u00e3o dos Direitos da crian\u00e7a e do Adolescente e sua Ger\u00eancia de Promo\u00e7\u00e3o dos Direitos da Crian\u00e7a e do Adolescente, inaugurou na noite dessa quarta-feira, 16, o projeto\u00a0<i>Amigos em A\u00e7\u00e3o<\/i>. Por meio desse projeto, crian\u00e7as e adolescentes e seus pais atendidos pela associa\u00e7\u00e3o e que residem na regi\u00e3o norte de Palmas, ter\u00e3o a\u00e7\u00f5es, oficinas e palestras com foco em Cuidados com a Sa\u00fade, Conviv\u00eancia Familiar, Conviv\u00eancia Comunit\u00e1ria, Combate \u00e0s Drogas, Viol\u00eancia, entre outras.<\/p>\n<p class=\"yiv9645287876MsoNormal\">A inaugura\u00e7\u00e3o ocorreu na quadra poliesportiva na 303 Norte, onde s\u00e3o realizados os treinos de futsal, com a participa\u00e7\u00e3o de entidades parceiras, como o Centro de Refer\u00eancia Especializado de Assist\u00eancia Social (CREAS), a Pol\u00edcia Militar, o Corpo de Bombeiros e a Secretaria de Estado do Trabalho e Assist\u00eancia Social (Setas). Na ocasi\u00e3o o grupo Sombras do Hip Hop fez uma apresenta\u00e7\u00e3o de dan\u00e7a. J\u00e1 as palestras e oficinas ser\u00e3o realizadas quinzenalmente na discuss\u00e3o de temas transversais, envolvendo turmas de crian\u00e7as e adolescentes, que ser\u00e3o avaliados.<\/p>\n<p class=\"yiv9645287876MsoNormal\">Para o servidor p\u00fablico Demerval Rego Nunes, pai de um adolescente de 12 anos atendido pela associa\u00e7\u00e3o, ocupar espa\u00e7os p\u00fablico com atividades que envolvam os jovens \u00e9 louv\u00e1vel. \u201cS\u00e3o espa\u00e7os que infelizmente costumam ser utilizados para o consumo de drogas. Como positivo, ainda, no projeto Amigos em A\u00e7\u00e3o, vejo a chance de poder preparar os jovens para o esporte, a forma\u00e7\u00e3o profissional de atletas\u201d, apontou.<\/p>\n<p class=\"yiv9645287876MsoNormal\">Criador da Assevopa no ano de 2008, o\u00a0professor Ivancley Ara\u00fajo\u00a0destaca que o projeto tem a capacidade de atender crian\u00e7as e adolescentes em situa\u00e7\u00e3o de vulnerabilidade, dando a eles novas perspectivas de futuro. \u201cNossos garotos est\u00e3o envolvidos de forma saud\u00e1vel no esporte e t\u00eam que apresentar boas notas, ter disciplina, respeito e agir com raz\u00e3o. Fico emocionado ao falar desse trabalho, pois em dez anos j\u00e1 atendemos cerca de mil jovens\u201d, lembra. As aulas na quadra da 303 Norte ocorrem \u00e0s segundas, quartas e sextas-feiras\u00a0das 17 \u00e0s 21 horas com todas as categorias de v\u00f4lei e futsal: sub 7, 9, 11, 13, 15 e 17 anos.\u00a0Cerca de 150 crian\u00e7as e adolescentes integram a Assevopa neste momento, com possibilidade real de aumentar ainda mais o n\u00famero.<\/p>\n<p class=\"yiv9645287876MsoNormal\">De acordo com o gerente de Promo\u00e7\u00e3o dos Direitos da Crian\u00e7a e do Adolescente, Robson ferreira da Silva, todo o trabalho em aten\u00e7\u00e3o a este p\u00fablico visa assegurar por meio de programas, projetos e a\u00e7\u00f5es os direitos fundamentais. \u201cEsperamos alcan\u00e7ar resultados positivos com informa\u00e7\u00f5es de sensibiliza\u00e7\u00e3o, assim como mudan\u00e7as comportamentais na vida dos participantes\u201d, concluiu.<\/p>\n","protected":false},"excerpt":{"rendered":"<p>Em parceria com a Associa\u00e7\u00e3o Escolinha de Voleibol de Palmas (Assevopa), a Secretaria de Estado da Cidadania e Justi\u00e7a (Seciju), por meio da Diretoria de Prote\u00e7\u00e3o dos Direitos da crian\u00e7a e do Adolescente e sua Ger\u00eancia de Promo\u00e7\u00e3o dos Direitos da Crian\u00e7a e do Adolescente, inaugurou na noite dessa quarta-feira, 16, o projeto\u00a0Amigos em A\u00e7\u00e3o. [&hellip;]<\/p>\n","protected":false},"author":2,"featured_media":220,"comment_status":"open","ping_status":"open","sticky":false,"template":"","format":"standard","meta":[],"categories":[2,3],"tags":[],"_links":{"self":[{"href":"https:\/\/dgospel.com.br\/portal\/index.php\/wp-json\/wp\/v2\/posts\/219"}],"collection":[{"href":"https:\/\/dgospel.com.br\/portal\/index.php\/wp-json\/wp\/v2\/posts"}],"about":[{"href":"https:\/\/dgospel.com.br\/portal\/index.php\/wp-json\/wp\/v2\/types\/post"}],"author":[{"embeddable":true,"href":"https:\/\/dgospel.com.br\/portal\/index.php\/wp-json\/wp\/v2\/users\/2"}],"replies":[{"embeddable":true,"href":"https:\/\/dgospel.com.br\/portal\/index.php\/wp-json\/wp\/v2\/comments?post=219"}],"version-history":[{"count":1,"href":"https:\/\/dgospel.com.br\/portal\/index.php\/wp-json\/wp\/v2\/posts\/219\/revisions"}],"predecessor-version":[{"id":221,"href":"https:\/\/dgospel.com.br\/portal\/index.php\/wp-json\/wp\/v2\/posts\/219\/revisions\/221"}],"wp:featuredmedia":[{"embeddable":true,"href":"https:\/\/dgospel.com.br\/portal\/index.php\/wp-json\/wp\/v2\/media\/220"}],"wp:attachment":[{"href":"https:\/\/dgospel.com.br\/portal\/index.php\/wp-json\/wp\/v2\/media?parent=219"}],"wp:term":[{"taxonomy":"category","embeddable":true,"href":"https:\/\/dgospel.com.br\/portal\/index.php\/wp-json\/wp\/v2\/categories?post=219"},{"taxonomy":"post_tag","embeddable":true,"href":"https:\/\/dgospel.com.br\/portal\/index.php\/wp-json\/wp\/v2\/tags?post=219"}],"curies":[{"name":"wp","href":"https:\/\/api.w.org\/{rel}","templated":true}]}}