{"id":2190,"date":"2019-01-04T09:58:31","date_gmt":"2019-01-04T11:58:31","guid":{"rendered":"http:\/\/dgospel.com.br\/portal\/?p=2190"},"modified":"2019-01-04T09:58:31","modified_gmt":"2019-01-04T11:58:31","slug":"apos-tomar-posse-mauro-carlesse-garante-retomada-do-crescimento-do-tocantins-e-atencao-as-pessoas","status":"publish","type":"post","link":"https:\/\/dgospel.com.br\/portal\/index.php\/2019\/01\/04\/apos-tomar-posse-mauro-carlesse-garante-retomada-do-crescimento-do-tocantins-e-atencao-as-pessoas\/","title":{"rendered":"Ap\u00f3s tomar posse, Mauro Carlesse garante retomada do crescimento do Tocantins e aten\u00e7\u00e3o \u00e0s pessoas"},"content":{"rendered":"<p>O governador Mauro Carlesse foi empossado na manh\u00e3 desta ter\u00e7a-feira, 1\u00ba de janeiro, como governador do Tocantins para os pr\u00f3ximos quatro anos. A cerim\u00f4nia de posse de Carlesse e do vice-governador Wanderlei Barbosa teve in\u00edcio \u00e0s 8h30, na Assembleia Legislativa, onde assinou o Termo de Posse e recebeu a faixa da presidente da Casa, deputada Luana Ribeiro. \u201cA nossa responsabilidade \u00e9 grande em administrar esse Estado e vou honrar cada dia desse mandato concedido pelas pessoas que acreditaram em mim\u201d, destacou o governador ao assinar o Termo de Posse.<\/p>\n<p>Luana Ribeiro lembrou que 2018 foi um ano dif\u00edcil, mas acredita na determina\u00e7\u00e3o do governador Mauro Carlesse. \u201cO povo acreditou e confiou em Carlesse os destinos desse Estado e ele tem muita vontade de colocar toda sua experi\u00eancia em benef\u00edcio do Tocantins. \u00c9 um governador de di\u00e1logo com todos os segmentos e capaz de tomar decis\u00f5es\u201d, pontuou.<\/p>\n<p>Ap\u00f3s ser empossado Mauro Carlesse seguiu a p\u00e9 para o Pal\u00e1cio Araguaia, onde aconteceu um momento ecum\u00eanico. Posteriormente, Carlesse falou para os presentes sobre os desafios \u00e0 frente da gest\u00e3o estadual para os pr\u00f3ximos anos. Segundo ele, esse novo momento marca um novo modelo de gest\u00e3o em que s\u00e3o privilegiadas a\u00e7\u00f5es voltadas para a retomada do desenvolvimento e a presta\u00e7\u00e3o de servi\u00e7os de qualidade \u00e0 popula\u00e7\u00e3o. \u201cO nosso desafio ao assumirmos o Governo foi buscar o equil\u00edbrio das contas p\u00fablicas, o que n\u00e3o se faz em um passo de m\u00e1gica. A estabilidade demora, mas j\u00e1 estamos perseguindo essa meta\u201d, ressaltou.<\/p>\n<p>Carlesse tamb\u00e9m destacou\u00a0o car\u00e1ter municipalista da sua gest\u00e3o, que deve ser pautada por a\u00e7\u00f5es para promover o desenvolvimento de forma ordenada em todos os munic\u00edpios tocantinenses e para isso deve procurar dar continuidade a todos os projetos que est\u00e3o paralisados na esfera estadual. \u201cQuero resgatar todos os bons projetos que est\u00e3o parados para promover o desenvolvimento. Vamos dar continuidade \u00e0s obras j\u00e1 iniciadas e o que queremos \u00e9 a uni\u00e3o de todos, N\u00f3s temos o melhor Estado, mas o que precisamos \u00e9 cuidar dele e, para isso, precisamos da uni\u00e3o de todos\u201d, ressaltou destacando ainda que ser\u00e3o adotadas medidas duras, mas necess\u00e1rias para o restabelecimentos do equil\u00edbrio financeiro, que ser\u00e1 realizado com a redu\u00e7\u00e3o das despesas de forma geral na esfera do Governo, inclusive com a redu\u00e7\u00e3o de servidores.<\/p>\n","protected":false},"excerpt":{"rendered":"<p>O governador Mauro Carlesse foi empossado na manh\u00e3 desta ter\u00e7a-feira, 1\u00ba de janeiro, como governador do Tocantins para os pr\u00f3ximos quatro anos. A cerim\u00f4nia de posse de Carlesse e do vice-governador Wanderlei Barbosa teve in\u00edcio \u00e0s 8h30, na Assembleia Legislativa, onde assinou o Termo de Posse e recebeu a faixa da presidente da Casa, deputada [&hellip;]<\/p>\n","protected":false},"author":2,"featured_media":2191,"comment_status":"open","ping_status":"open","sticky":false,"template":"","format":"standard","meta":[],"categories":[2,4],"tags":[],"_links":{"self":[{"href":"https:\/\/dgospel.com.br\/portal\/index.php\/wp-json\/wp\/v2\/posts\/2190"}],"collection":[{"href":"https:\/\/dgospel.com.br\/portal\/index.php\/wp-json\/wp\/v2\/posts"}],"about":[{"href":"https:\/\/dgospel.com.br\/portal\/index.php\/wp-json\/wp\/v2\/types\/post"}],"author":[{"embeddable":true,"href":"https:\/\/dgospel.com.br\/portal\/index.php\/wp-json\/wp\/v2\/users\/2"}],"replies":[{"embeddable":true,"href":"https:\/\/dgospel.com.br\/portal\/index.php\/wp-json\/wp\/v2\/comments?post=2190"}],"version-history":[{"count":1,"href":"https:\/\/dgospel.com.br\/portal\/index.php\/wp-json\/wp\/v2\/posts\/2190\/revisions"}],"predecessor-version":[{"id":2192,"href":"https:\/\/dgospel.com.br\/portal\/index.php\/wp-json\/wp\/v2\/posts\/2190\/revisions\/2192"}],"wp:featuredmedia":[{"embeddable":true,"href":"https:\/\/dgospel.com.br\/portal\/index.php\/wp-json\/wp\/v2\/media\/2191"}],"wp:attachment":[{"href":"https:\/\/dgospel.com.br\/portal\/index.php\/wp-json\/wp\/v2\/media?parent=2190"}],"wp:term":[{"taxonomy":"category","embeddable":true,"href":"https:\/\/dgospel.com.br\/portal\/index.php\/wp-json\/wp\/v2\/categories?post=2190"},{"taxonomy":"post_tag","embeddable":true,"href":"https:\/\/dgospel.com.br\/portal\/index.php\/wp-json\/wp\/v2\/tags?post=2190"}],"curies":[{"name":"wp","href":"https:\/\/api.w.org\/{rel}","templated":true}]}}