{"id":21905,"date":"2025-05-28T09:42:54","date_gmt":"2025-05-28T12:42:54","guid":{"rendered":"https:\/\/dgospel.com.br\/portal\/?p=21905"},"modified":"2025-05-28T09:42:55","modified_gmt":"2025-05-28T12:42:55","slug":"sp-33a-edicao-da-marcha-para-jesus-acontece-no-dia-19-de-junho","status":"publish","type":"post","link":"https:\/\/dgospel.com.br\/portal\/index.php\/2025\/05\/28\/sp-33a-edicao-da-marcha-para-jesus-acontece-no-dia-19-de-junho\/","title":{"rendered":"SP: 33\u00aa edi\u00e7\u00e3o da Marcha Para Jesus acontece no dia 19 de junho"},"content":{"rendered":"\n<p>A Marcha para Jesus chega a sua 33\u00aa edi\u00e7\u00e3o, no pr\u00f3ximo dia 19 de junho. A tradicional caminhada de f\u00e9 tomar\u00e1 mais uma vez as ruas de S\u00e3o Paulo.<\/p>\n\n\n\n<p>O evento ter\u00e1 como tema Jesus, Deus Forte, em refer\u00eancia ao texto b\u00edblico que est\u00e1 em Isa\u00edas 9.6: \u201cPorque um menino nos nasceu, um filho se nos deu, e o principado estar\u00e1 sobre os seus ombros, e se chamar\u00e1 o seu nome: Maravilhoso, Conselheiro, Deus Forte, Pai da Eternidade, Pr\u00edncipe da Paz\u201d.<\/p>\n\n\n\n<p>Cerca de 2 milh\u00f5es de pessoas s\u00e3o esperadas. O trajeto ser\u00e1 pela Zona Norte da cidade saindo do Metr\u00f4 Luz e seguindo em dire\u00e7\u00e3o \u00e0 Pra\u00e7a Her\u00f3is da For\u00e7a Expedicion\u00e1ria Brasileira, pr\u00f3xima ao Campo de Marte.<\/p>\n\n\n\n<p>Mais de 21 mil caravanas j\u00e1 se inscreveram e 7 trios el\u00e9tricos confirmaram participa\u00e7\u00e3o para animar o percurso de tr\u00eas quil\u00f4metros e meio.<\/p>\n\n\n\n<p>O presidente da Marcha no Brasil, ap\u00f3stolo Estevam Hernandes, disse que a cada ano que passa o evento ganha ainda mais for\u00e7a entre os crist\u00e3os, o que demonstra o crescimento do evangelho e do n\u00famero de crist\u00e3os no Brasil.<\/p>\n\n\n\n<p>\u2013 A Marcha para Jesus \u00e9 um evento pac\u00edfico que re\u00fane, sobretudo, igrejas crist\u00e3s e \u00e9 aberto \u00e0 participa\u00e7\u00e3o de todos. Ela representa a uni\u00e3o das pessoas, a comunh\u00e3o de todos que acreditam em Jesus Cristo. Ele \u00e9 o nosso resgatador, pois deu sua vida por n\u00f3s na cruz. Sa\u00edmos \u00e0s ruas para marchar e honrar essa entrega, expressando nossa f\u00e9 \u2013 falou.<\/p>\n","protected":false},"excerpt":{"rendered":"<p>A Marcha para Jesus chega a sua 33\u00aa edi\u00e7\u00e3o, no pr\u00f3ximo dia 19 de junho. A tradicional caminhada de f\u00e9 tomar\u00e1 mais uma vez as ruas de S\u00e3o Paulo. O evento ter\u00e1 como tema Jesus, Deus Forte, em refer\u00eancia ao texto b\u00edblico que est\u00e1 em Isa\u00edas 9.6: \u201cPorque um menino nos nasceu, um filho se [&hellip;]<\/p>\n","protected":false},"author":2,"featured_media":21906,"comment_status":"open","ping_status":"open","sticky":false,"template":"","format":"standard","meta":[],"categories":[12,5],"tags":[],"_links":{"self":[{"href":"https:\/\/dgospel.com.br\/portal\/index.php\/wp-json\/wp\/v2\/posts\/21905"}],"collection":[{"href":"https:\/\/dgospel.com.br\/portal\/index.php\/wp-json\/wp\/v2\/posts"}],"about":[{"href":"https:\/\/dgospel.com.br\/portal\/index.php\/wp-json\/wp\/v2\/types\/post"}],"author":[{"embeddable":true,"href":"https:\/\/dgospel.com.br\/portal\/index.php\/wp-json\/wp\/v2\/users\/2"}],"replies":[{"embeddable":true,"href":"https:\/\/dgospel.com.br\/portal\/index.php\/wp-json\/wp\/v2\/comments?post=21905"}],"version-history":[{"count":1,"href":"https:\/\/dgospel.com.br\/portal\/index.php\/wp-json\/wp\/v2\/posts\/21905\/revisions"}],"predecessor-version":[{"id":21907,"href":"https:\/\/dgospel.com.br\/portal\/index.php\/wp-json\/wp\/v2\/posts\/21905\/revisions\/21907"}],"wp:featuredmedia":[{"embeddable":true,"href":"https:\/\/dgospel.com.br\/portal\/index.php\/wp-json\/wp\/v2\/media\/21906"}],"wp:attachment":[{"href":"https:\/\/dgospel.com.br\/portal\/index.php\/wp-json\/wp\/v2\/media?parent=21905"}],"wp:term":[{"taxonomy":"category","embeddable":true,"href":"https:\/\/dgospel.com.br\/portal\/index.php\/wp-json\/wp\/v2\/categories?post=21905"},{"taxonomy":"post_tag","embeddable":true,"href":"https:\/\/dgospel.com.br\/portal\/index.php\/wp-json\/wp\/v2\/tags?post=21905"}],"curies":[{"name":"wp","href":"https:\/\/api.w.org\/{rel}","templated":true}]}}