{"id":21916,"date":"2025-05-29T12:28:28","date_gmt":"2025-05-29T15:28:28","guid":{"rendered":"https:\/\/dgospel.com.br\/portal\/?p=21916"},"modified":"2025-05-29T12:28:29","modified_gmt":"2025-05-29T15:28:29","slug":"pr-claudionor-de-andrade-faleceu-nesta-quinta-feira-29-de-maio-aos-69-anos-de-idade","status":"publish","type":"post","link":"https:\/\/dgospel.com.br\/portal\/index.php\/2025\/05\/29\/pr-claudionor-de-andrade-faleceu-nesta-quinta-feira-29-de-maio-aos-69-anos-de-idade\/","title":{"rendered":"Pr Claudionor de Andrade faleceu nesta quinta-feira 29 de maio, aos 69 anos de idade"},"content":{"rendered":"\n<p>Faleceu na madrugada desta quinta-feira (29), \u00e0s 2h30, aos 69 anos, o pastor e te\u00f3logo pentecostal Claudionor Corr\u00eaa de Andrade. Desde o princ\u00edpio deste ano, o pastor Claudionor estava internado em raz\u00e3o de uma forte infec\u00e7\u00e3o abdominal, localizada especialmente no f\u00edgado.<\/p>\n\n\n\n<p>Durante 36 anos, o pastor Claudionor trabalhou na Casa Publicadora das Assembleias de Deus (CPAD), onde se destacou nos setores de Jornalismo e Educa\u00e7\u00e3o Crist\u00e3, tendo sido depois gerente do Departamento de Publica\u00e7\u00f5es e consultor doutrin\u00e1rio e teol\u00f3gico da CPAD. Ele foi o primeiro funcion\u00e1rio da Editorial Patmos, bra\u00e7o da CPAD para o mercado latino-americano. Foi ainda comentarista de diversas revistas Li\u00e7\u00f5es B\u00edblicas Adultos da CPAD e comentarista de livros de apoio aos professores de Escola Dominical.<\/p>\n\n\n\n<p>Pastor Claudionor se notabilizou tamb\u00e9m como conferencista e autor prof\u00edcuo de obras nas \u00e1reas de teologia e doutrinas b\u00edblicas, com quase 30 obras de sua lavra, quase a totalidade publicada pela CPAD, dentre elas \u201cDicion\u00e1rio Teol\u00f3gico\u201d e \u201cGeografia B\u00edblica\u201d. Membro da Academia Evang\u00e9lica de Letras do Brasil, ele \u00e9 tamb\u00e9m um dos membros fundadores da Casa de Letras Em\u00edlio Conde.<\/p>\n\n\n\n<p>Desde 2019, o pastor Claudionor atuou como conselheiro b\u00edblico \u2013 como ele preferia ser chamado \u2013 da Escola de Teologia das Assembleias de Deus (EETAD), com sede em Campinas (SP). Durante esses cinco anos, ele publicou tr\u00eas obras pelo selo editorial desta institui\u00e7\u00e3o. O pastor Claudionor deixou ainda outras tr\u00eas obras in\u00e9ditas, que, segundo a EETAD, ser\u00e3o lan\u00e7adas mais \u00e0 frente.<\/p>\n\n\n\n<p>O pastor Jos\u00e9 Wellington Costa Junior, presidente da Conven\u00e7\u00e3o Geral dos Ministros das Igrejas Evang\u00e9licas Assembleia de Deus do Brasil (CGADB), que o tinha em grande estima, juntamente com sua esposa, irm\u00e3 L\u00eddia Dantas Costa, presidente da Uni\u00e3o Nacional das Esposas de Ministros das Assembleias de Deus (UNEMAD), juntamente com as Diretorias, publicaram nas redes sociais nota oficial de condol\u00eancias \u00e0 esposa, irm\u00e3 Marta Doreto de Andrade, ao filho pastor Gunnar Berg e a toda fam\u00edlia, externando \u201csentimentos de pesar pelo falecimento do ilustre e querido pastor Claudionor Corr\u00eaa de Andrade\u201d, destacando que ele \u201cfoi um homem de Deus, dedicado ao ensino, que por 36 anos colaborou com a Assembleia de Deus do Brasil trabalhando na CPAD, como escritor e comentarista de Li\u00e7\u00f5es B\u00edblicas, sendo usado assim para o crescimento intelectual dos membros e obreiros de nossa Igreja em todo o Brasil. Contem com a nossa ora\u00e7\u00e3o neste momento de dor e separa\u00e7\u00e3o. \u2018<em>Preciosa \u00e9 \u00e0 vista do Senhor a morte dos seus santos<\/em>\u2019 (Salmos 116.15)\u201d.<\/p>\n\n\n\n<p>O pastor Claudionor nasceu em 18 de novembro de 1955, na cidade de S\u00e3o Paulo. Sua inf\u00e2ncia, juventude e in\u00edcio da vida adulta transcorreram em S\u00e3o Bernardo do Campo, onde, naquela cidade, ele teve um encontro pessoal com Cristo. Aos 15 anos, passou a se dedicar ao estudo piedoso da B\u00edblia Sagrada. Aos 21 anos, ele conheceu a jovem Marta e, ap\u00f3s um per\u00edodo de ora\u00e7\u00e3o e confirma\u00e7\u00e3o de Deus, iniciaram um namoro, noivado e, desde o \u00faltimo dia 1\u00ba de maio, completaram 46 anos de feliz matrim\u00f4nio. Desta uni\u00e3o nasceram os filhos Gunnar Berg e Karen.<\/p>\n\n\n\n<p>O pastor Claudionor deixa a esposa Marta, os filhos, o genro Marcos, a nora Ana e os netos Filipe, Karina, Est\u00eav\u00e3o e Amy.<\/p>\n\n\n\n<p>O vel\u00f3rio ocorrer\u00e1 na sexta-feira (30) das 8h \u00e0s 9h45 no Cemit\u00e9rio Jardim da Saudade de Paci\u00eancia. A fam\u00edlia do saudoso pastor Claudionor convida aos queridos irm\u00e3os a participarem do Culto de Louvor das 9h45 \u00e0s 10h45, e o sepultamento ocorrer\u00e1 \u00e0s 11h. O cemit\u00e9rio est\u00e1 localizado na Estrada Visconde de Sinimb\u00fa, 1.600 Paci\u00eancia (RJ).<\/p>\n\n\n\n<p>\u201c<em>Combati o bom combate, acabei a carreira, guardei a f\u00e9. Desde agora, a coroa da justi\u00e7a me est\u00e1 guardada, a qual o Senhor, justo juiz, me dar\u00e1 naquele dia; e n\u00e3o somente a mim, mas tamb\u00e9m a todos os que amarem a sua vinda.<\/em>\u201d (2 Tim\u00f3teo 4:7-8)<\/p>\n","protected":false},"excerpt":{"rendered":"<p>Faleceu na madrugada desta quinta-feira (29), \u00e0s 2h30, aos 69 anos, o pastor e te\u00f3logo pentecostal Claudionor Corr\u00eaa de Andrade. Desde o princ\u00edpio deste ano, o pastor Claudionor estava internado em raz\u00e3o de uma forte infec\u00e7\u00e3o abdominal, localizada especialmente no f\u00edgado. Durante 36 anos, o pastor Claudionor trabalhou na Casa Publicadora das Assembleias de Deus [&hellip;]<\/p>\n","protected":false},"author":2,"featured_media":21917,"comment_status":"open","ping_status":"open","sticky":false,"template":"","format":"standard","meta":[],"categories":[5],"tags":[13],"_links":{"self":[{"href":"https:\/\/dgospel.com.br\/portal\/index.php\/wp-json\/wp\/v2\/posts\/21916"}],"collection":[{"href":"https:\/\/dgospel.com.br\/portal\/index.php\/wp-json\/wp\/v2\/posts"}],"about":[{"href":"https:\/\/dgospel.com.br\/portal\/index.php\/wp-json\/wp\/v2\/types\/post"}],"author":[{"embeddable":true,"href":"https:\/\/dgospel.com.br\/portal\/index.php\/wp-json\/wp\/v2\/users\/2"}],"replies":[{"embeddable":true,"href":"https:\/\/dgospel.com.br\/portal\/index.php\/wp-json\/wp\/v2\/comments?post=21916"}],"version-history":[{"count":1,"href":"https:\/\/dgospel.com.br\/portal\/index.php\/wp-json\/wp\/v2\/posts\/21916\/revisions"}],"predecessor-version":[{"id":21918,"href":"https:\/\/dgospel.com.br\/portal\/index.php\/wp-json\/wp\/v2\/posts\/21916\/revisions\/21918"}],"wp:featuredmedia":[{"embeddable":true,"href":"https:\/\/dgospel.com.br\/portal\/index.php\/wp-json\/wp\/v2\/media\/21917"}],"wp:attachment":[{"href":"https:\/\/dgospel.com.br\/portal\/index.php\/wp-json\/wp\/v2\/media?parent=21916"}],"wp:term":[{"taxonomy":"category","embeddable":true,"href":"https:\/\/dgospel.com.br\/portal\/index.php\/wp-json\/wp\/v2\/categories?post=21916"},{"taxonomy":"post_tag","embeddable":true,"href":"https:\/\/dgospel.com.br\/portal\/index.php\/wp-json\/wp\/v2\/tags?post=21916"}],"curies":[{"name":"wp","href":"https:\/\/api.w.org\/{rel}","templated":true}]}}