{"id":21919,"date":"2025-05-30T12:38:27","date_gmt":"2025-05-30T15:38:27","guid":{"rendered":"https:\/\/dgospel.com.br\/portal\/?p=21919"},"modified":"2025-05-30T12:38:28","modified_gmt":"2025-05-30T15:38:28","slug":"deputado-gipao-destaca-importancia-do-turismo-na-baertura-da-temporada-de-praia-2025","status":"publish","type":"post","link":"https:\/\/dgospel.com.br\/portal\/index.php\/2025\/05\/30\/deputado-gipao-destaca-importancia-do-turismo-na-baertura-da-temporada-de-praia-2025\/","title":{"rendered":"Deputado Gip\u00e3o destaca import\u00e2ncia do turismo na baertura da Temporada de Praia 2025"},"content":{"rendered":"\n<p>O deputado estadual Gip\u00e3o marcou presen\u00e7a, nesta segunda-feira (26), na abertura oficial da Temporada de Praia 2025, realizada no p\u00eder da Praia da Agrotins, no Parque Agrotecnol\u00f3gico Engenheiro Agr\u00f4nomo Mauro Mendanha, em Palmas. O evento, promovido pelo Governo do Tocantins, por meio da Secretaria de Estado do Turismo (Setur), contou com a presen\u00e7a do governador Wanderlei Barbosa, autoridades, prefeitos, lideran\u00e7as locais e representantes do trade tur\u00edstico.<\/p>\n\n\n\n<p>Para o parlamentar, a temporada de praia representa muito mais do que lazer. \u201cEstamos falando de gera\u00e7\u00e3o de empregos, movimenta\u00e7\u00e3o da economia e valoriza\u00e7\u00e3o das nossas belezas naturais. O turismo tem sido um grande vetor de desenvolvimento para o Tocantins, e parabenizo o Governo do Estado por essa iniciativa que une sustentabilidade, organiza\u00e7\u00e3o e fomento ao setor\u201d, afirmou o Gip\u00e3o.<\/p>\n\n\n\n<p>Durante a cerim\u00f4nia, foi entregue o pr\u00eamio de R$ 100 mil ao munic\u00edpio de Pedro Afonso, vencedor do Selo Praia Respons\u00e1vel 2024, uma iniciativa do governo estadual que certifica praias que adotam pr\u00e1ticas sustent\u00e1veis, com infraestrutura adequada, seguran\u00e7a e compromisso ambiental.<\/p>\n\n\n\n<p>O deputado tamb\u00e9m destacou o trabalho realizado pelo secret\u00e1rio de Estado do Turismo, Hercy Ayres, no incentivo ao fortalecimento do turismo regional. \u201c\u00c9 fundamental reconhecer o empenho da equipe da Setur na estrutura\u00e7\u00e3o das praias e no apoio aos munic\u00edpios. O Selo Praia Respons\u00e1vel \u00e9 um exemplo de pol\u00edtica p\u00fablica que gera resultados concretos para a popula\u00e7\u00e3o\u201d, completou.<\/p>\n\n\n\n<p>Em 2024, a Temporada de Praia atraiu mais de 1,2 milh\u00e3o de visitantes \u00e0s 47 praias oficiais do estado, com movimenta\u00e7\u00e3o econ\u00f4mica de aproximadamente R$ 723 milh\u00f5es e investimentos superiores a R$ 36 milh\u00f5es em infraestrutura, seguran\u00e7a e qualifica\u00e7\u00e3o.<\/p>\n\n\n\n<p>Para 2025, a expectativa \u00e9 ainda maior, com foco na promo\u00e7\u00e3o de um turismo seguro, acess\u00edvel e sustent\u00e1vel. Munic\u00edpios interessados em concorrer ao selo poder\u00e3o inscrever apenas uma praia, que ser\u00e1 avaliada com base em quatro eixos: acessibilidade, meio ambiente, seguran\u00e7a e ordenamento.<\/p>\n","protected":false},"excerpt":{"rendered":"<p>O deputado estadual Gip\u00e3o marcou presen\u00e7a, nesta segunda-feira (26), na abertura oficial da Temporada de Praia 2025, realizada no p\u00eder da Praia da Agrotins, no Parque Agrotecnol\u00f3gico Engenheiro Agr\u00f4nomo Mauro Mendanha, em Palmas. O evento, promovido pelo Governo do Tocantins, por meio da Secretaria de Estado do Turismo (Setur), contou com a presen\u00e7a do governador [&hellip;]<\/p>\n","protected":false},"author":2,"featured_media":21920,"comment_status":"open","ping_status":"open","sticky":false,"template":"","format":"standard","meta":[],"categories":[8],"tags":[],"_links":{"self":[{"href":"https:\/\/dgospel.com.br\/portal\/index.php\/wp-json\/wp\/v2\/posts\/21919"}],"collection":[{"href":"https:\/\/dgospel.com.br\/portal\/index.php\/wp-json\/wp\/v2\/posts"}],"about":[{"href":"https:\/\/dgospel.com.br\/portal\/index.php\/wp-json\/wp\/v2\/types\/post"}],"author":[{"embeddable":true,"href":"https:\/\/dgospel.com.br\/portal\/index.php\/wp-json\/wp\/v2\/users\/2"}],"replies":[{"embeddable":true,"href":"https:\/\/dgospel.com.br\/portal\/index.php\/wp-json\/wp\/v2\/comments?post=21919"}],"version-history":[{"count":1,"href":"https:\/\/dgospel.com.br\/portal\/index.php\/wp-json\/wp\/v2\/posts\/21919\/revisions"}],"predecessor-version":[{"id":21921,"href":"https:\/\/dgospel.com.br\/portal\/index.php\/wp-json\/wp\/v2\/posts\/21919\/revisions\/21921"}],"wp:featuredmedia":[{"embeddable":true,"href":"https:\/\/dgospel.com.br\/portal\/index.php\/wp-json\/wp\/v2\/media\/21920"}],"wp:attachment":[{"href":"https:\/\/dgospel.com.br\/portal\/index.php\/wp-json\/wp\/v2\/media?parent=21919"}],"wp:term":[{"taxonomy":"category","embeddable":true,"href":"https:\/\/dgospel.com.br\/portal\/index.php\/wp-json\/wp\/v2\/categories?post=21919"},{"taxonomy":"post_tag","embeddable":true,"href":"https:\/\/dgospel.com.br\/portal\/index.php\/wp-json\/wp\/v2\/tags?post=21919"}],"curies":[{"name":"wp","href":"https:\/\/api.w.org\/{rel}","templated":true}]}}