{"id":21922,"date":"2025-05-30T18:35:12","date_gmt":"2025-05-30T21:35:12","guid":{"rendered":"https:\/\/dgospel.com.br\/portal\/?p=21922"},"modified":"2025-05-30T18:35:13","modified_gmt":"2025-05-30T21:35:13","slug":"gipao-exalta-concessao-do-titulo-de-cidadao-araguainense-a-amelio-cayres-e-papel-dos-vereadores","status":"publish","type":"post","link":"https:\/\/dgospel.com.br\/portal\/index.php\/2025\/05\/30\/gipao-exalta-concessao-do-titulo-de-cidadao-araguainense-a-amelio-cayres-e-papel-dos-vereadores\/","title":{"rendered":"Gip\u00e3o exalta concess\u00e3o do T\u00edtulo de Cidad\u00e3o Araguainense a Am\u00e9lio Cayres e papel dos vereadores"},"content":{"rendered":"\n<p>Na \u00faltima quinta-feira, 29 de maio, o Espa\u00e7o Cultural de Aragua\u00edna foi palco do 4\u00ba Encontro Regional de Vereadores, promovido pela Uni\u00e3o de Vereadores do Tocantins (UVET).<\/p>\n\n\n\n<p>Durante o evento, a C\u00e2mara Municipal de Aragua\u00edna concedeu o T\u00edtulo de Cidad\u00e3o Araguainense ao deputado estadual Am\u00e9lio Cayres, presidente da Assembleia Legislativa do Tocantins (Aleto), em reconhecimento ao seu relevante trabalho prestado \u00e0 popula\u00e7\u00e3o tocantinense.<\/p>\n\n\n\n<p>O deputado estadual Gip\u00e3o marcou presen\u00e7a no encontro para prestigiar Am\u00e9lio Cayres, destacando sua relev\u00e2ncia no cen\u00e1rio pol\u00edtico estadual. Al\u00e9m disso, Gip\u00e3o refor\u00e7ou a import\u00e2ncia do papel dos vereadores na pol\u00edtica local e regional, enaltecendo o trabalho desempenhado por esses representantes em prol das comunidades.<\/p>\n\n\n\n<p>\u201cO Am\u00e9lio est\u00e1 de parab\u00e9ns e merece essa honraria, pois tem feito uma excelente gest\u00e3o \u00e0 frente da Assembleia Legislativa do Tocantins, um trabalho reconhecido por todos n\u00f3s deputados e pelo povo tocantinense. Quanto aos vereadores, sou suspeito para falar, j\u00e1 que eu vim pra assembleia com 5 mandatos na casa de leis de Aragua\u00edna. Esses parlamentares s\u00e3o pe\u00e7a-chave no desenvolvimento dos munic\u00edpios. A UVET t\u00e1 de parab\u00e9ns por esse lindo evento\u201d declarou o parlamentar.<\/p>\n\n\n\n<p>O evento reuniu autoridades e lideran\u00e7as pol\u00edticas, promovendo debates e reflex\u00f5es sobre o fortalecimento do legislativo municipal e sua influ\u00eancia no desenvolvimento do Tocantins.<\/p>\n\n\n\n<p>Ainda na mesma data, as autoridades inauguraram um grande painel eletr\u00f4nico de vota\u00e7\u00e3o, no plen\u00e1rio da c\u00e2mara, em sess\u00e3o conduzida pelo presidente Max Freury. O dispositivo foi presenteado pela Aleto.<\/p>\n","protected":false},"excerpt":{"rendered":"<p>Na \u00faltima quinta-feira, 29 de maio, o Espa\u00e7o Cultural de Aragua\u00edna foi palco do 4\u00ba Encontro Regional de Vereadores, promovido pela Uni\u00e3o de Vereadores do Tocantins (UVET). Durante o evento, a C\u00e2mara Municipal de Aragua\u00edna concedeu o T\u00edtulo de Cidad\u00e3o Araguainense ao deputado estadual Am\u00e9lio Cayres, presidente da Assembleia Legislativa do Tocantins (Aleto), em reconhecimento [&hellip;]<\/p>\n","protected":false},"author":2,"featured_media":21923,"comment_status":"open","ping_status":"open","sticky":false,"template":"","format":"standard","meta":[],"categories":[4],"tags":[13],"_links":{"self":[{"href":"https:\/\/dgospel.com.br\/portal\/index.php\/wp-json\/wp\/v2\/posts\/21922"}],"collection":[{"href":"https:\/\/dgospel.com.br\/portal\/index.php\/wp-json\/wp\/v2\/posts"}],"about":[{"href":"https:\/\/dgospel.com.br\/portal\/index.php\/wp-json\/wp\/v2\/types\/post"}],"author":[{"embeddable":true,"href":"https:\/\/dgospel.com.br\/portal\/index.php\/wp-json\/wp\/v2\/users\/2"}],"replies":[{"embeddable":true,"href":"https:\/\/dgospel.com.br\/portal\/index.php\/wp-json\/wp\/v2\/comments?post=21922"}],"version-history":[{"count":1,"href":"https:\/\/dgospel.com.br\/portal\/index.php\/wp-json\/wp\/v2\/posts\/21922\/revisions"}],"predecessor-version":[{"id":21924,"href":"https:\/\/dgospel.com.br\/portal\/index.php\/wp-json\/wp\/v2\/posts\/21922\/revisions\/21924"}],"wp:featuredmedia":[{"embeddable":true,"href":"https:\/\/dgospel.com.br\/portal\/index.php\/wp-json\/wp\/v2\/media\/21923"}],"wp:attachment":[{"href":"https:\/\/dgospel.com.br\/portal\/index.php\/wp-json\/wp\/v2\/media?parent=21922"}],"wp:term":[{"taxonomy":"category","embeddable":true,"href":"https:\/\/dgospel.com.br\/portal\/index.php\/wp-json\/wp\/v2\/categories?post=21922"},{"taxonomy":"post_tag","embeddable":true,"href":"https:\/\/dgospel.com.br\/portal\/index.php\/wp-json\/wp\/v2\/tags?post=21922"}],"curies":[{"name":"wp","href":"https:\/\/api.w.org\/{rel}","templated":true}]}}