{"id":21925,"date":"2025-06-02T22:54:14","date_gmt":"2025-06-03T01:54:14","guid":{"rendered":"https:\/\/dgospel.com.br\/portal\/?p=21925"},"modified":"2025-06-02T22:54:15","modified_gmt":"2025-06-03T01:54:15","slug":"deputado-gipao-celebra-os-36-anos-de-buriti-do-tocantins-ao-lado-da-populacao-e-liderancas","status":"publish","type":"post","link":"https:\/\/dgospel.com.br\/portal\/index.php\/2025\/06\/02\/deputado-gipao-celebra-os-36-anos-de-buriti-do-tocantins-ao-lado-da-populacao-e-liderancas\/","title":{"rendered":"Deputado Gip\u00e3o celebra os 36 anos de Buriti do Tocantins ao lado da popula\u00e7\u00e3o e lideran\u00e7as"},"content":{"rendered":"\n<p>Parlamentar participou de shows, apoiou a cultura e prestigiou a tradicional Cavalgada<\/p>\n\n\n\n<p>O deputado estadual Gip\u00e3o participou, no \u00faltimo fim de semana, das comemora\u00e7\u00f5es pelos 36 anos de emancipa\u00e7\u00e3o pol\u00edtica de Buriti do Tocantins. Com uma agenda movimentada, o parlamentar esteve presente em eventos culturais e religiosos, refor\u00e7ando seu compromisso com as tradi\u00e7\u00f5es e a f\u00e9 da popula\u00e7\u00e3o tocantinense.<\/p>\n\n\n\n<p><strong>Apoio \u00e0 m\u00fasica gospel e \u00e0 cultura crist\u00e3<\/strong><\/p>\n\n\n\n<p>No s\u00e1bado (1\u00ba), Gip\u00e3o prestigiou o show da cantora gospel Kailane Frauche, realizado na pra\u00e7a da cidade. O evento tamb\u00e9m contou com apresenta\u00e7\u00f5es de artistas regionais que animaram o p\u00fablico com louvores e mensagens de f\u00e9.<\/p>\n\n\n\n<p>\u2014 &#8220;\u00c9 uma alegria estar presente em momentos t\u00e3o significativos como este. Apoiar a cultura e a f\u00e9 do nosso povo \u00e9 uma miss\u00e3o que cumpro com muita satisfa\u00e7\u00e3o&#8221;, declarou o deputado.<\/p>\n\n\n\n<p>Durante o evento, a prefeita Lucilene Brito agradeceu publicamente o apoio do parlamentar na realiza\u00e7\u00e3o da programa\u00e7\u00e3o evang\u00e9lica.<\/p>\n\n\n\n<p>\u00a0&#8220;Quero agradecer esse deputado arrojado, deputado Gip\u00e3o, que eu tive o prazer e a honra de conhecer. Quando ele me viu l\u00e1 em Palmas, preocupado, buscando recursos para realizar esse show evang\u00e9lico, ele n\u00e3o mediu palavras: \u2018Prefeita, eu estou aqui para ajudar voc\u00ea e vou colocar recursos para voc\u00ea realizar esse show\u2019. Muito obrigada, em nome de toda essa popula\u00e7\u00e3o aqui presente&#8221;, afirmou a gestora.<\/p>\n\n\n\n<p><strong>Tradi\u00e7\u00e3o e identidade na Cavalgada<\/strong><\/p>\n\n\n\n<p><\/p>\n\n\n\n<figure class=\"wp-block-image size-large\"><img loading=\"lazy\" width=\"768\" height=\"1024\" src=\"https:\/\/dgospel.com.br\/portal\/wp-content\/uploads\/2025\/06\/00-768x1024.jpeg\" alt=\"\" class=\"wp-image-21927\" srcset=\"https:\/\/dgospel.com.br\/portal\/wp-content\/uploads\/2025\/06\/00-768x1024.jpeg 768w, https:\/\/dgospel.com.br\/portal\/wp-content\/uploads\/2025\/06\/00-225x300.jpeg 225w, https:\/\/dgospel.com.br\/portal\/wp-content\/uploads\/2025\/06\/00-1152x1536.jpeg 1152w, https:\/\/dgospel.com.br\/portal\/wp-content\/uploads\/2025\/06\/00-1536x2048.jpeg 1536w, https:\/\/dgospel.com.br\/portal\/wp-content\/uploads\/2025\/06\/00-scaled.jpeg 1920w\" sizes=\"(max-width: 768px) 100vw, 768px\" \/><\/figure>\n\n\n\n<p>J\u00e1 no domingo (2), Gip\u00e3o participou da tradicional Cavalgada de Buriti do Tocantins, desfilando em trio el\u00e9trico e interagindo com cavaleiros, fam\u00edlias e lideran\u00e7as locais. O evento \u00e9 considerado um dos principais s\u00edmbolos culturais do munic\u00edpio.<\/p>\n\n\n\n<p>&nbsp;&#8220;Buriti do Tocantins celebrou mais que um anivers\u00e1rio, celebrou sua identidade, sua hist\u00f3ria e a for\u00e7a da sua gente. Estou aqui para incentivar o que fortalece a f\u00e9, a cultura e o povo tocantinense. Buriti est\u00e1 de parab\u00e9ns por essa linda festa!&#8221;, concluiu o deputado.<\/p>\n\n\n\n<p><strong>Compromisso com o Tocantins<\/strong><\/p>\n\n\n\n<p>Gip\u00e3o reiterou que seu mandato continuar\u00e1 atuando como elo entre o poder p\u00fablico e a comunidade evang\u00e9lica e cultural do estado, promovendo a\u00e7\u00f5es que valorizem a identidade tocantinense.<\/p>\n","protected":false},"excerpt":{"rendered":"<p>Parlamentar participou de shows, apoiou a cultura e prestigiou a tradicional Cavalgada O deputado estadual Gip\u00e3o participou, no \u00faltimo fim de semana, das comemora\u00e7\u00f5es pelos 36 anos de emancipa\u00e7\u00e3o pol\u00edtica de Buriti do Tocantins. Com uma agenda movimentada, o parlamentar esteve presente em eventos culturais e religiosos, refor\u00e7ando seu compromisso com as tradi\u00e7\u00f5es e a [&hellip;]<\/p>\n","protected":false},"author":2,"featured_media":21926,"comment_status":"open","ping_status":"open","sticky":false,"template":"","format":"standard","meta":[],"categories":[8],"tags":[],"_links":{"self":[{"href":"https:\/\/dgospel.com.br\/portal\/index.php\/wp-json\/wp\/v2\/posts\/21925"}],"collection":[{"href":"https:\/\/dgospel.com.br\/portal\/index.php\/wp-json\/wp\/v2\/posts"}],"about":[{"href":"https:\/\/dgospel.com.br\/portal\/index.php\/wp-json\/wp\/v2\/types\/post"}],"author":[{"embeddable":true,"href":"https:\/\/dgospel.com.br\/portal\/index.php\/wp-json\/wp\/v2\/users\/2"}],"replies":[{"embeddable":true,"href":"https:\/\/dgospel.com.br\/portal\/index.php\/wp-json\/wp\/v2\/comments?post=21925"}],"version-history":[{"count":1,"href":"https:\/\/dgospel.com.br\/portal\/index.php\/wp-json\/wp\/v2\/posts\/21925\/revisions"}],"predecessor-version":[{"id":21928,"href":"https:\/\/dgospel.com.br\/portal\/index.php\/wp-json\/wp\/v2\/posts\/21925\/revisions\/21928"}],"wp:featuredmedia":[{"embeddable":true,"href":"https:\/\/dgospel.com.br\/portal\/index.php\/wp-json\/wp\/v2\/media\/21926"}],"wp:attachment":[{"href":"https:\/\/dgospel.com.br\/portal\/index.php\/wp-json\/wp\/v2\/media?parent=21925"}],"wp:term":[{"taxonomy":"category","embeddable":true,"href":"https:\/\/dgospel.com.br\/portal\/index.php\/wp-json\/wp\/v2\/categories?post=21925"},{"taxonomy":"post_tag","embeddable":true,"href":"https:\/\/dgospel.com.br\/portal\/index.php\/wp-json\/wp\/v2\/tags?post=21925"}],"curies":[{"name":"wp","href":"https:\/\/api.w.org\/{rel}","templated":true}]}}