{"id":2193,"date":"2019-01-04T10:00:36","date_gmt":"2019-01-04T12:00:36","guid":{"rendered":"http:\/\/dgospel.com.br\/portal\/?p=2193"},"modified":"2019-01-04T10:00:36","modified_gmt":"2019-01-04T12:00:36","slug":"cinthia-ribeiro-ve-momento-propicio-para-a-renovacao-de-parcerias-entre-governos-estadual-e-municipal","status":"publish","type":"post","link":"https:\/\/dgospel.com.br\/portal\/index.php\/2019\/01\/04\/cinthia-ribeiro-ve-momento-propicio-para-a-renovacao-de-parcerias-entre-governos-estadual-e-municipal\/","title":{"rendered":"Cinthia Ribeiro v\u00ea momento prop\u00edcio para a renova\u00e7\u00e3o de parcerias entre governos estadual e municipal"},"content":{"rendered":"<p>A prefeita Cinthia Ribeiro prestigiou a cerim\u00f4nia de posse do governador e vice-governador eleitos no Tocantins, Mauro Carlesse e Wanderlei Barbosa, ambos do PHS, na manh\u00e3 desta ter\u00e7a-feira, 1\u00ba, na Assembleia Legislativa, em Palmas. Carlesse j\u00e1 exercia o cargo de governador em decorr\u00eancia de sua condu\u00e7\u00e3o para mandato tamp\u00e3o e, posteriormente, em elei\u00e7\u00e3o em pleito suplementar. A cerim\u00f4nia foi acompanhada por autoridades de diferentes autarquias, lideran\u00e7as pol\u00edticas e populares.<\/p>\n<p><span style=\"font-size: medium;\">A prefeita v\u00ea grande abertura para o in\u00edcio de rela\u00e7\u00f5es mais pr\u00f3ximas entre o governo Carlesse e sua gest\u00e3o \u00e0 frente da Capital. &#8220;O governador Carlesse foi eleito pela maioria do voto popular, tem nosso respeito pelo seu trabalho e pela perspectiva de uma marca que ele empreenda por todo o Estado. Desfeitos todos os palanques obviamente vamos governar para todos e o estreitamento de rela\u00e7\u00f5es entre o Estado e a Capital pode marcar um momento novo. Vejo que a forma simples do governador de conduzir com muita boa vontade de fazer alian\u00e7as com os munic\u00edpios e por que n\u00e3o come\u00e7ar com Palmas? Nossa Capital, nesse sentido, espera um bom relacionamento institucional&#8221;, afirmou Cinthia, na ocasi\u00e3o.\u00a0\u00a0<\/span><\/p>\n<p>No mesmo sentido, o governador Carlesse manifestou seu apre\u00e7o e aten\u00e7\u00e3o \u00e0 Capital como uma das locomotivas do desenvolvimento do Tocantins. &#8220;A presen\u00e7a da prefeita Cinthia Ribeiro na cerim\u00f4nia de posse \u00e9 um novo marco para a parceria que pretendemos desenvolver com a Capital e com todos os munic\u00edpios do Estado. Nossa gest\u00e3o ser\u00e1 municipalista. Nosso objetivo \u00e9 desenvolver todos os munic\u00edpios, valorizando e fortalecendo a voca\u00e7\u00e3o de cada regi\u00e3o e a nossa Capital tem papel fundamental nesse novo momento do Estado que come\u00e7a hoje&#8221;, disse o governador.<\/p>\n","protected":false},"excerpt":{"rendered":"<p>A prefeita Cinthia Ribeiro prestigiou a cerim\u00f4nia de posse do governador e vice-governador eleitos no Tocantins, Mauro Carlesse e Wanderlei Barbosa, ambos do PHS, na manh\u00e3 desta ter\u00e7a-feira, 1\u00ba, na Assembleia Legislativa, em Palmas. Carlesse j\u00e1 exercia o cargo de governador em decorr\u00eancia de sua condu\u00e7\u00e3o para mandato tamp\u00e3o e, posteriormente, em elei\u00e7\u00e3o em pleito [&hellip;]<\/p>\n","protected":false},"author":2,"featured_media":2194,"comment_status":"open","ping_status":"open","sticky":false,"template":"","format":"standard","meta":[],"categories":[2,4],"tags":[],"_links":{"self":[{"href":"https:\/\/dgospel.com.br\/portal\/index.php\/wp-json\/wp\/v2\/posts\/2193"}],"collection":[{"href":"https:\/\/dgospel.com.br\/portal\/index.php\/wp-json\/wp\/v2\/posts"}],"about":[{"href":"https:\/\/dgospel.com.br\/portal\/index.php\/wp-json\/wp\/v2\/types\/post"}],"author":[{"embeddable":true,"href":"https:\/\/dgospel.com.br\/portal\/index.php\/wp-json\/wp\/v2\/users\/2"}],"replies":[{"embeddable":true,"href":"https:\/\/dgospel.com.br\/portal\/index.php\/wp-json\/wp\/v2\/comments?post=2193"}],"version-history":[{"count":1,"href":"https:\/\/dgospel.com.br\/portal\/index.php\/wp-json\/wp\/v2\/posts\/2193\/revisions"}],"predecessor-version":[{"id":2195,"href":"https:\/\/dgospel.com.br\/portal\/index.php\/wp-json\/wp\/v2\/posts\/2193\/revisions\/2195"}],"wp:featuredmedia":[{"embeddable":true,"href":"https:\/\/dgospel.com.br\/portal\/index.php\/wp-json\/wp\/v2\/media\/2194"}],"wp:attachment":[{"href":"https:\/\/dgospel.com.br\/portal\/index.php\/wp-json\/wp\/v2\/media?parent=2193"}],"wp:term":[{"taxonomy":"category","embeddable":true,"href":"https:\/\/dgospel.com.br\/portal\/index.php\/wp-json\/wp\/v2\/categories?post=2193"},{"taxonomy":"post_tag","embeddable":true,"href":"https:\/\/dgospel.com.br\/portal\/index.php\/wp-json\/wp\/v2\/tags?post=2193"}],"curies":[{"name":"wp","href":"https:\/\/api.w.org\/{rel}","templated":true}]}}