{"id":21941,"date":"2025-06-04T11:31:29","date_gmt":"2025-06-04T14:31:29","guid":{"rendered":"https:\/\/dgospel.com.br\/portal\/?p=21941"},"modified":"2025-06-04T11:31:30","modified_gmt":"2025-06-04T14:31:30","slug":"governo-lula-amarga-rejeicao-recorde-de-57-segundo-pesquisa-quaest","status":"publish","type":"post","link":"https:\/\/dgospel.com.br\/portal\/index.php\/2025\/06\/04\/governo-lula-amarga-rejeicao-recorde-de-57-segundo-pesquisa-quaest\/","title":{"rendered":"Governo Lula amarga rejei\u00e7\u00e3o recorde de 57%, segundo pesquisa Quaest"},"content":{"rendered":"\n<p>A nova pesquisa Genial\/Quaest n\u00e3o apenas confirma uma tend\u00eancia \u2014 ela escancara uma ruptura. A desaprova\u00e7\u00e3o do presidente Lula chegou a 57%, o pior \u00edndice do terceiro mandato. E o dado mais brutal nem \u00e9 o n\u00famero em si, mas sua teimosia: a reprova\u00e7\u00e3o sobe enquanto os indicadores econ\u00f4micos supostamente \u2018melhoram\u2019. Isso n\u00e3o \u00e9 mais crise de imagem. \u00c9 crise de autoridade.<\/p>\n\n\n\n<p>Lula n\u00e3o est\u00e1 apenas sendo mal avaliado; ele est\u00e1 sendo dispensado como figura simb\u00f3lica por parcelas do eleitorado que o sustentaram por duas d\u00e9cadas. Pela primeira vez, os cat\u00f3licos, maioria religiosa do pa\u00eds, o desaprovam (53%). As mulheres \u2014 outro pilar tradicional do lulismo \u2014 tamb\u00e9m: 54% se dizem decepcionadas. E o mesmo vale para os mais pobres, que sentem no osso o fracasso de um governo que prometia picanha com cervejinha.<\/p>\n\n\n\n<p>Nem mesmo a resili\u00eancia nordestina salva a narrativa. Ainda \u00e9 a \u00fanica regi\u00e3o onde a aprova\u00e7\u00e3o vence (54%), mas a margem \u00e9 bem estreita. Enquanto isso, no Sudeste, 64% rejeitam o presidente, batendo recorde. Lula se transforma, diante dos olhos do pa\u00eds, num l\u00edder regionalizado \u2014 um feito tr\u00e1gico para algu\u00e9m que se projetou como s\u00edntese nacional.<\/p>\n\n\n\n<p>A sensa\u00e7\u00e3o de frustra\u00e7\u00e3o \u00e9 generalizada. Para 45%, o governo \u00e9 pior do que o esperado. E 61% acham que o Brasil est\u00e1 na dire\u00e7\u00e3o errada. A explica\u00e7\u00e3o f\u00e1cil \u2014 a de que o notici\u00e1rio negativo contamina o debate \u2014 n\u00e3o se sustenta sozinha. A verdade desconfort\u00e1vel \u00e9 que o governo n\u00e3o entrega, n\u00e3o convence e, pior, n\u00e3o aprende.<\/p>\n\n\n\n<p>O esc\u00e2ndalo do INSS, que j\u00e1 era t\u00f3xico, virou combust\u00edvel de desconfian\u00e7a. Mais de 80% dos brasileiros conhecem o caso, e um ter\u00e7o culpa diretamente o governo Lula. A demiss\u00e3o do presidente do INSS e do ministro da Previd\u00eancia veio tarde, sem impacto pol\u00edtico real. Era o m\u00ednimo \u2014 e o m\u00ednimo, em 2025, j\u00e1 n\u00e3o \u00e9 suficiente.<\/p>\n\n\n\n<p>A desaprova\u00e7\u00e3o crescente n\u00e3o \u00e9 s\u00f3 um problema de marketing nem de comunica\u00e7\u00e3o institucional. \u00c9 um aviso. E um presidente que ignora avisos transforma desaprova\u00e7\u00e3o em deslegitima\u00e7\u00e3o. Lula pode continuar falando de legado, mas cada nova rodada da Quaest mostra que, por enquanto, o legado \u00e9 outro: um governo que prometeu esperan\u00e7a e entregou desgaste precoce.<\/p>\n\n\n\n<p>Fonte: horabrasilia<\/p>\n","protected":false},"excerpt":{"rendered":"<p>A nova pesquisa Genial\/Quaest n\u00e3o apenas confirma uma tend\u00eancia \u2014 ela escancara uma ruptura. A desaprova\u00e7\u00e3o do presidente Lula chegou a 57%, o pior \u00edndice do terceiro mandato. E o dado mais brutal nem \u00e9 o n\u00famero em si, mas sua teimosia: a reprova\u00e7\u00e3o sobe enquanto os indicadores econ\u00f4micos supostamente \u2018melhoram\u2019. Isso n\u00e3o \u00e9 mais [&hellip;]<\/p>\n","protected":false},"author":2,"featured_media":21942,"comment_status":"open","ping_status":"open","sticky":false,"template":"","format":"standard","meta":[],"categories":[4],"tags":[],"_links":{"self":[{"href":"https:\/\/dgospel.com.br\/portal\/index.php\/wp-json\/wp\/v2\/posts\/21941"}],"collection":[{"href":"https:\/\/dgospel.com.br\/portal\/index.php\/wp-json\/wp\/v2\/posts"}],"about":[{"href":"https:\/\/dgospel.com.br\/portal\/index.php\/wp-json\/wp\/v2\/types\/post"}],"author":[{"embeddable":true,"href":"https:\/\/dgospel.com.br\/portal\/index.php\/wp-json\/wp\/v2\/users\/2"}],"replies":[{"embeddable":true,"href":"https:\/\/dgospel.com.br\/portal\/index.php\/wp-json\/wp\/v2\/comments?post=21941"}],"version-history":[{"count":1,"href":"https:\/\/dgospel.com.br\/portal\/index.php\/wp-json\/wp\/v2\/posts\/21941\/revisions"}],"predecessor-version":[{"id":21943,"href":"https:\/\/dgospel.com.br\/portal\/index.php\/wp-json\/wp\/v2\/posts\/21941\/revisions\/21943"}],"wp:featuredmedia":[{"embeddable":true,"href":"https:\/\/dgospel.com.br\/portal\/index.php\/wp-json\/wp\/v2\/media\/21942"}],"wp:attachment":[{"href":"https:\/\/dgospel.com.br\/portal\/index.php\/wp-json\/wp\/v2\/media?parent=21941"}],"wp:term":[{"taxonomy":"category","embeddable":true,"href":"https:\/\/dgospel.com.br\/portal\/index.php\/wp-json\/wp\/v2\/categories?post=21941"},{"taxonomy":"post_tag","embeddable":true,"href":"https:\/\/dgospel.com.br\/portal\/index.php\/wp-json\/wp\/v2\/tags?post=21941"}],"curies":[{"name":"wp","href":"https:\/\/api.w.org\/{rel}","templated":true}]}}