{"id":21944,"date":"2025-06-04T11:35:07","date_gmt":"2025-06-04T14:35:07","guid":{"rendered":"https:\/\/dgospel.com.br\/portal\/?p=21944"},"modified":"2025-06-04T11:35:09","modified_gmt":"2025-06-04T14:35:09","slug":"pela-1a-vez-reprovacao-de-lula-entre-catolicos-supera-aprovacao","status":"publish","type":"post","link":"https:\/\/dgospel.com.br\/portal\/index.php\/2025\/06\/04\/pela-1a-vez-reprovacao-de-lula-entre-catolicos-supera-aprovacao\/","title":{"rendered":"Pela 1\u00aa vez, reprova\u00e7\u00e3o de Lula entre cat\u00f3licos supera aprova\u00e7\u00e3o"},"content":{"rendered":"\n<p>Pela primeira vez, desde o in\u00edcio do atual mandato do presidente&nbsp;<a href=\"http:\/\/pleno.news\/tag\/lula\" target=\"_blank\" rel=\"noreferrer noopener\">Luiz In\u00e1cio Lula da Silva<\/a>&nbsp;(PT), a maioria dos cat\u00f3licos desaprova o governo federal. De acordo com a pesquisa divulgada nesta quarta-feira (4) pelo instituto&nbsp;<a href=\"http:\/\/pleno.news\/tag\/quaest\" target=\"_blank\" rel=\"noreferrer noopener\">Quaest<\/a>, 53% dos cat\u00f3licos reprovam a gest\u00e3o petista, ante 49% registrados em abril, m\u00eas do levantamento anterior. Por outro lado, 45% aprovam o atual governo, contra 49% da pesquisa anterior.<\/p>\n\n\n\n<p>De acordo com a s\u00e9rie hist\u00f3rica de pesquisas do instituto Quaest, o maior \u00edndice de aprova\u00e7\u00e3o de Lula entre os cat\u00f3licos foi registrado em julho do ano passado, quando o atual governo alcan\u00e7ou 60% de aprova\u00e7\u00e3o entre essa parcela da popula\u00e7\u00e3o. Ou seja, houve uma perda de um quarto do contingente de apoiadores cat\u00f3licos pela gest\u00e3o petista no intervalo de um ano.<\/p>\n\n\n\n<p>Entre os evang\u00e9licos, a desaprova\u00e7\u00e3o permanece majorit\u00e1ria: 66% dizem reprovar o governo. O \u00edndice de reprova\u00e7\u00e3o atual, por sinal, \u00e9 o segundo maior da s\u00e9rie hist\u00f3rica, ficando atr\u00e1s apenas do \u00faltimo levantamento, de abril, quando a desaprova\u00e7\u00e3o do governo chegou a 67%. No caso da popula\u00e7\u00e3o evang\u00e9lica, a diferen\u00e7a entre a reprova\u00e7\u00e3o e a aprova\u00e7\u00e3o nunca ficou abaixo dos dez pontos percentuais contra o governo.<\/p>\n\n\n\n<p><strong>SOBRE A PESQUISA<br><\/strong>Encomendada pela Genial Investimentos, a pesquisa ouviu 2.004 pessoas com 16 anos ou mais em todo o pa\u00eds, entre os dias 29 de maio e 1\u00b0 de junho. O n\u00edvel de confian\u00e7a foi de 95%, com uma margem de erro geral de dois pontos percentuais para mais ou para menos. No entanto, a margem de erro espec\u00edfica do recorte sobre os cat\u00f3licos foi de tr\u00eas pontos percentuais, enquanto a dos evang\u00e9licos foi de quatro pontos.<\/p>\n","protected":false},"excerpt":{"rendered":"<p>Pela primeira vez, desde o in\u00edcio do atual mandato do presidente&nbsp;Luiz In\u00e1cio Lula da Silva&nbsp;(PT), a maioria dos cat\u00f3licos desaprova o governo federal. De acordo com a pesquisa divulgada nesta quarta-feira (4) pelo instituto&nbsp;Quaest, 53% dos cat\u00f3licos reprovam a gest\u00e3o petista, ante 49% registrados em abril, m\u00eas do levantamento anterior. Por outro lado, 45% aprovam [&hellip;]<\/p>\n","protected":false},"author":2,"featured_media":21945,"comment_status":"open","ping_status":"open","sticky":false,"template":"","format":"standard","meta":[],"categories":[4],"tags":[],"_links":{"self":[{"href":"https:\/\/dgospel.com.br\/portal\/index.php\/wp-json\/wp\/v2\/posts\/21944"}],"collection":[{"href":"https:\/\/dgospel.com.br\/portal\/index.php\/wp-json\/wp\/v2\/posts"}],"about":[{"href":"https:\/\/dgospel.com.br\/portal\/index.php\/wp-json\/wp\/v2\/types\/post"}],"author":[{"embeddable":true,"href":"https:\/\/dgospel.com.br\/portal\/index.php\/wp-json\/wp\/v2\/users\/2"}],"replies":[{"embeddable":true,"href":"https:\/\/dgospel.com.br\/portal\/index.php\/wp-json\/wp\/v2\/comments?post=21944"}],"version-history":[{"count":1,"href":"https:\/\/dgospel.com.br\/portal\/index.php\/wp-json\/wp\/v2\/posts\/21944\/revisions"}],"predecessor-version":[{"id":21946,"href":"https:\/\/dgospel.com.br\/portal\/index.php\/wp-json\/wp\/v2\/posts\/21944\/revisions\/21946"}],"wp:featuredmedia":[{"embeddable":true,"href":"https:\/\/dgospel.com.br\/portal\/index.php\/wp-json\/wp\/v2\/media\/21945"}],"wp:attachment":[{"href":"https:\/\/dgospel.com.br\/portal\/index.php\/wp-json\/wp\/v2\/media?parent=21944"}],"wp:term":[{"taxonomy":"category","embeddable":true,"href":"https:\/\/dgospel.com.br\/portal\/index.php\/wp-json\/wp\/v2\/categories?post=21944"},{"taxonomy":"post_tag","embeddable":true,"href":"https:\/\/dgospel.com.br\/portal\/index.php\/wp-json\/wp\/v2\/tags?post=21944"}],"curies":[{"name":"wp","href":"https:\/\/api.w.org\/{rel}","templated":true}]}}