{"id":21953,"date":"2025-06-04T12:12:37","date_gmt":"2025-06-04T15:12:37","guid":{"rendered":"https:\/\/dgospel.com.br\/portal\/?p=21953"},"modified":"2025-06-04T12:12:38","modified_gmt":"2025-06-04T15:12:38","slug":"governo-do-estado-inicia-entrega-de-140-toneladas-de-alimentos-arrecadados-com-o-projeto-tocantins-alimenta-quem-precisa-na-agrotins","status":"publish","type":"post","link":"https:\/\/dgospel.com.br\/portal\/index.php\/2025\/06\/04\/governo-do-estado-inicia-entrega-de-140-toneladas-de-alimentos-arrecadados-com-o-projeto-tocantins-alimenta-quem-precisa-na-agrotins\/","title":{"rendered":"Governo do Estado inicia entrega de 140 toneladas de alimentos arrecadados com o projeto Tocantins Alimenta Quem Precisa na Agrotins"},"content":{"rendered":"\n<p>Ap\u00f3s somar mais de 140 toneladas de alimentos arrecadados com o projeto&nbsp;<em>Tocantins Alimenta Quem Precisa&nbsp;<\/em>na Feira de Tecnologia Agropecu\u00e1ria do Tocantins (Agrotins 25 anos), o Governo do Tocantins, por meio da Secretaria Extraordin\u00e1ria de Participa\u00e7\u00f5es Sociais (Seps), iniciou, nessa segunda, 2, e ter\u00e7a-feira, 3,&nbsp; a entrega das doa\u00e7\u00f5es a projetos, institui\u00e7\u00f5es sociais e comunidades em situa\u00e7\u00e3o de vulnerabilidade. A a\u00e7\u00e3o vai beneficiar mais de 600 fam\u00edlias por meio de institui\u00e7\u00f5es e projetos sociais de Palmas.<\/p>\n\n\n\n<p>&#8220;N\u00f3s falamos muito em solidariedade durante a Agrotins e agora \u00e9 hora de transformar cada doa\u00e7\u00e3o em acolhimento e esperan\u00e7a. Esses alimentos est\u00e3o chegando \u00e0s m\u00e3os de quem mais precisa, gra\u00e7as ao esfor\u00e7o conjunto do Governo do Tocantins e da generosidade dos tocantinenses\u201d, destacou a primeira-dama e secret\u00e1ria extraordin\u00e1ria de Participa\u00e7\u00f5es Sociais, Karynne Sotero.<\/p>\n\n\n\n<p>Os alimentos foram arrecadados com ampla ades\u00e3o dos expositores e do p\u00fablico, incluindo o show de abertura da Agrotins 25 anos, realizado no dia 15 de maio, quando a popula\u00e7\u00e3o foi convidada a contribuir&nbsp;com a doa\u00e7\u00e3o de 1 kg de alimento n\u00e3o perec\u00edvel.<\/p>\n\n\n\n<p>Nessa segunda-feira, 2, mais de 400 cestas com alimentos arrecadados foram entregues em Palmas, seguindo o cronograma elaborado pela Seps. A primeira parada foi no Hospital Geral de Palmas (HGP), onde foram encaminhadas doa\u00e7\u00f5es direcionadas aos pacientes atendidos pela Equipe Multiprofissional de Aten\u00e7\u00e3o Domiciliar (Emad), do HGP, e pela Funda\u00e7\u00e3o Pr\u00f3-Rim.<\/p>\n\n\n\n<p>A presidente da Associa\u00e7\u00e3o Amigos do HGP, Sandra Leit\u00e3o, ressaltou que as doa\u00e7\u00f5es recebidas ser\u00e3o destinadas a mais de 50 fam\u00edlias em situa\u00e7\u00e3o de vulnerabilidade, acompanhadas pela Emad, que presta atendimento a pacientes acamados em seus pr\u00f3prios lares. \u201cAs fam\u00edlias beneficiadas est\u00e3o em situa\u00e7\u00e3o delicada, muitas vezes com apenas um dos membros sustentando o lar, enquanto o outro deixa o trabalho para cuidar de quem est\u00e1 doente. Essa cesta chega como um al\u00edvio importante, contribuindo diretamente para o bem-estar do paciente e de toda a fam\u00edlia. \u00c9 uma a\u00e7\u00e3o que tem um valor humanit\u00e1rio imenso, porque fortalece quem mais precisa\u201d, enfatizou a presidente.&nbsp;<\/p>\n\n\n\n<p>Respons\u00e1vel pela gest\u00e3o regional da Funda\u00e7\u00e3o Pr\u00f3-Rim no Tocantins, Jonas Jos\u00e9 Correia, acompanhou a entrega no HGP e salientou o impacto direto da a\u00e7\u00e3o para as fam\u00edlias atendidas pela institui\u00e7\u00e3o, que recebeu 206 cestas b\u00e1sicas. A Funda\u00e7\u00e3o atende pacientes adultos oriundos de cerca de 55 munic\u00edpios tocantinenses, acompanhando uma m\u00e9dia mensal de 315 pessoas nas tr\u00eas modalidades: hemodi\u00e1lise, di\u00e1lise peritoneal e acompanhamento p\u00f3s-transplante.<\/p>\n\n\n\n<p>&#8220;Mais de 80% dos nossos pacientes vivem em situa\u00e7\u00e3o de vulnerabilidade social. Por isso, nos unimos de cora\u00e7\u00e3o ao&nbsp;<em>Tocantins Alimenta Quem Precisa<\/em>, que t\u00eam praticado a solidariedade de forma concreta. N\u00e3o existem palavras suficientes para agradecer. S\u00f3 podemos dizer: obrigado e que venham muitas outras a\u00e7\u00f5es como esta\u201d, declarou o respons\u00e1vel pela Funda\u00e7\u00e3o Pr\u00f3-Rim no Tocantins.&nbsp;<\/p>\n\n\n\n<p>Outras doa\u00e7\u00f5es foram encaminhadas aos assistidos pela Casa de Apoio Vera L\u00facia Pagani, vinculada \u00e0 Secretaria de Estado do Trabalho e Desenvolvimento Social (Setas). O espa\u00e7o atende pacientes em tratamento de sa\u00fade em Palmas e seus acompanhantes, oferecendo acolhimento gratuito e cont\u00ednuo, inclusive para pessoas vindas de outros estados. Atualmente, a entidade abriga 42 pessoas, mas tem capacidade para at\u00e9 128 leitos, para usu\u00e1rios dos 139 munic\u00edpios tocantinenses.<\/p>\n\n\n\n<p>A titular da Setas, Cleizenir dos Santos, acompanhou a entrega na institui\u00e7\u00e3o e refor\u00e7ou a import\u00e2ncia da iniciativa no cuidado com os pacientes e suas fam\u00edlias. \u201cEssas pessoas est\u00e3o longe de casa, passando por um momento dif\u00edcil, muitas vezes com um familiar doente, em tratamento e sem condi\u00e7\u00f5es de manter o sustento b\u00e1sico. A entrega dessas cestas representa mais que um apoio material: \u00e9 um gesto de acolhimento, que refor\u00e7a o compromisso do Governo do Tocantins com quem mais precisa\u201d, evidenciou a secret\u00e1ria.&nbsp;<\/p>\n\n\n\n<p><strong>Acolhimento e enfrentamento ao estigma<\/strong><\/p>\n\n\n\n<p>A Casa A+ tamb\u00e9m recebeu as doa\u00e7\u00f5es do projeto, durante visita institucional que integrou a programa\u00e7\u00e3o das entregas em Palmas. Fundada em 2011, a organiza\u00e7\u00e3o da sociedade civil atua no acolhimento e orienta\u00e7\u00e3o de pessoas que vivem com HIV e Aids, promovendo cuidado, informa\u00e7\u00e3o e enfrentamento ao estigma. Com sede na capital e atua\u00e7\u00e3o em munic\u00edpios como Aragua\u00edna, Araguatins, Porto Nacional, Alian\u00e7a e Colinas, a institui\u00e7\u00e3o oferece, de forma volunt\u00e1ria, atendimentos em psicologia, assist\u00eancia social, terapia ocupacional, sa\u00fade bucal, assist\u00eancia jur\u00eddica e oficinas de gera\u00e7\u00e3o de renda.<\/p>\n\n\n\n<p>\u201cA Casa A+ tem uma miss\u00e3o muito importante na preven\u00e7\u00e3o e no cuidado com pessoas que vivem com HIV e Aids. Fazemos rodas de conversa, levamos autotestes e preservativos para quem mais precisa, especialmente nas ruas. Quando a pessoa j\u00e1 est\u00e1 em situa\u00e7\u00e3o mais agravada, oferecemos suporte jur\u00eddico, inclusive com advogados volunt\u00e1rios, para garantir direitos como o acesso \u00e0 aposentadoria. \u00c9 um trabalho feito com dignidade, para devolver a essas pessoas o direito de viver bem e com respeito\u201d, pontuou a coordenadora da pauta de pessoas trans da Casa A+, J\u00e9ssica Lorrany.&nbsp;<\/p>\n\n\n\n<p><strong>Mais doa\u00e7\u00f5es<\/strong><\/p>\n\n\n\n<p>Nessa ter\u00e7a-feira, 3, mais institui\u00e7\u00f5es receberam doa\u00e7\u00f5es do projeto&nbsp;<em>Tocantins Alimenta Quem Precisa<\/em>. Situada na regi\u00e3o sul de Palmas, a Associa\u00e7\u00e3o Terap\u00eautica Rhema atende cerca de 50 acolhidos entre pessoas em tratamento contra depend\u00eancia qu\u00edmica, al\u00e9m de Pessoas com Defici\u00eancia (PcD) e idosos que vivem no local. No local, foram entregues 50 cestas com alimentos, al\u00e9m de kits de higiene.<\/p>\n\n\n\n<p>\u201cEssa doa\u00e7\u00e3o \u00e9 muito bem-vinda, porque a maioria das pessoas que acolhemos n\u00e3o tem condi\u00e7\u00e3o de custear nada. Aqui atendemos tanto idosos quanto dependentes qu\u00edmicos em recupera\u00e7\u00e3o, e muitos deles chegam sem qualquer recurso. Sem apoio como esse, seria imposs\u00edvel continuar. Essas cestas s\u00e3o essenciais para que possamos seguir ajudando quem mais precisa\u201d, refor\u00e7ou o presidente da Associa\u00e7\u00e3o Terap\u00eautica Rhema, pastor Domingos Ferreira de Souza.<\/p>\n\n\n\n<p>Ainda no bairro do Taquari, em Palmas, outros beneficiados foram as fam\u00edlias em situa\u00e7\u00e3o de vulnerabilidade social que residem na regi\u00e3o conhecida como Capad\u00f3cia, amparadas pela Associa\u00e7\u00e3o Sempre Viva, que receberam 50 cestas com alimentos.<\/p>\n\n\n\n<p>A solidariedade tamb\u00e9m chegou \u00e0 Liga Feminina de Preven\u00e7\u00e3o e Combate ao C\u00e2ncer de Palmas, entidade que oferece assist\u00eancia a pacientes de todas as idades e tipos de c\u00e2ncer, com foco especial em pessoas de baixa renda. Entre os servi\u00e7os prestados est\u00e3o atendimentos psicol\u00f3gicos, fisioterapia, al\u00e9m da realiza\u00e7\u00e3o de exames preventivos para detec\u00e7\u00e3o precoce de c\u00e2ncer de mama e do colo do \u00fatero. Por meio do projeto&nbsp;<em>Tocantins Alimenta Quem Precisa<\/em>, a institui\u00e7\u00e3o poder\u00e1 ajudar 30 fam\u00edlias com os alimentos recebidos nesta ter\u00e7a-feira.<\/p>\n\n\n\n<p><strong>Tocantins Alimenta Quem Precisa&nbsp;<\/strong><\/p>\n\n\n\n<p>Criado em 2024, o projeto\u00a0<em>Tocantins Alimenta Quem Precisa<\/em>\u00a0nasceu durante a Agrotins com o prop\u00f3sito de transformar a solidariedade da popula\u00e7\u00e3o em a\u00e7\u00e3o concreta. A iniciativa, coordenada pela Seps, permite que, em eventos p\u00fablicos como feiras, shows e competi\u00e7\u00f5es, a sociedade doe alimentos n\u00e3o perec\u00edveis, que s\u00e3o destinados a institui\u00e7\u00f5es sociais e comunidades em situa\u00e7\u00e3o de vulnerabilidade. O projeto j\u00e1 alcan\u00e7ou diversas regi\u00f5es do estado e se consolida como uma pol\u00edtica p\u00fablica permanente de combate \u00e0 fome e fortalecimento da cidadania.<\/p>\n\n\n\n<p><img src=\"https:\/\/central.to.gov.br\/image\/428243?w=670&amp;h=414\"><\/p>\n\n\n\n<p>A presidente da Associa\u00e7\u00e3o Amigos do HGP, Sandra Leit\u00e3o, destacou que as doa\u00e7\u00f5es recebidas ser\u00e3o destinadas a fam\u00edlias em situa\u00e7\u00e3o de vulnerabilidade &#8211; Loise Maria\/Governo do Tocantins&nbsp;<a href=\"https:\/\/central.to.gov.br\/image\/428243?f=1\" target=\"_blank\" rel=\"noreferrer noopener\"><em>file_download<\/em><\/a><\/p>\n\n\n\n<p><img src=\"https:\/\/central.to.gov.br\/image\/428240?w=670&amp;h=414\"><\/p>\n\n\n\n<p>A primeira-dama e secret\u00e1ria extraordin\u00e1ria de Participa\u00e7\u00f5es Sociais (ao centro), Karynne Sotero, e a titular da Setas (\u00e0 direita), Cleizenir dos Santos, acompanharam a entrega dos alimentos na Casa de Apoio Vera L\u00facia Pagani &#8211; Loise Maria\/Governo do Tocantins&nbsp;<a href=\"https:\/\/central.to.gov.br\/image\/428240?f=1\" target=\"_blank\" rel=\"noreferrer noopener\"><em>file_download<\/em><\/a><\/p>\n\n\n\n<p><img src=\"https:\/\/central.to.gov.br\/image\/428241?w=670&amp;h=414\"><\/p>\n\n\n\n<p>Alimentos arrecadados refor\u00e7am o acolhimento oferecido a pacientes e acompanhantes vindos de 139 munic\u00edpios tocantinenses &#8211; Loise Maria\/Governo do Tocantins&nbsp;<a href=\"https:\/\/central.to.gov.br\/image\/428241?f=1\" target=\"_blank\" rel=\"noreferrer noopener\"><em>file_download<\/em><\/a><\/p>\n\n\n\n<p><img src=\"https:\/\/central.to.gov.br\/image\/428242?w=670&amp;h=414\"><\/p>\n\n\n\n<p>A coordenadora da pauta de pessoas trans da Casa A+, J\u00e9ssica Lorrany, atua na linha de frente do acolhimento, preven\u00e7\u00e3o e na garantia de direitos para pessoas que vivem com HIV e Aids &#8211; Loise Maria\/Governo do Tocantins&nbsp;<a href=\"https:\/\/central.to.gov.br\/image\/428242?f=1\" target=\"_blank\" rel=\"noreferrer noopener\"><em>file_download<\/em><\/a><\/p>\n\n\n\n<p><img src=\"https:\/\/central.to.gov.br\/image\/428238?w=670&amp;h=414\"><\/p>\n\n\n\n<p>Associa\u00e7\u00e3o Terap\u00eautica Rhema cerca de 50 acolhidos recebem quatro refei\u00e7\u00f5es por dia e participam de atividades terap\u00eauticas e produtivas &#8211; Loise Maria\/Governo do Tocantins&nbsp;<a href=\"https:\/\/central.to.gov.br\/image\/428238?f=1\" target=\"_blank\" rel=\"noreferrer noopener\"><em>file_download<\/em><\/a><\/p>\n\n\n\n<p><img src=\"https:\/\/central.to.gov.br\/image\/428237?w=670&amp;h=414\"><\/p>\n\n\n\n<p>O presidente da Associa\u00e7\u00e3o Terap\u00eautica Rhema, Pastor Domingos Ferreira de Souza, enfatizou a import\u00e2ncia das doa\u00e7\u00f5es para a manuten\u00e7\u00e3o do acolhimento de dependentes qu\u00edmicos, idosos e pessoas com defici\u00eancia &#8211; Loise Maria\/Governo do Tocantins&nbsp;<a href=\"https:\/\/central.to.gov.br\/image\/428237?f=1\" target=\"_blank\" rel=\"noreferrer noopener\"><em>file_download<\/em><\/a><\/p>\n\n\n\n<p><img src=\"https:\/\/central.to.gov.br\/image\/428236?w=670&amp;h=414\"><\/p>\n\n\n\n<p>Fam\u00edlias da regi\u00e3o conhecida como Capad\u00f3cia, no Taquari, tamb\u00e9m foram alcan\u00e7adas pelas a\u00e7\u00f5es do projeto &#8211; Loise Maria\/Governo do Tocantins&nbsp;<a href=\"https:\/\/central.to.gov.br\/image\/428236?f=1\" target=\"_blank\" rel=\"noreferrer noopener\"><em>file_download<\/em><\/a><\/p>\n\n\n\n<p><img src=\"https:\/\/central.to.gov.br\/image\/428235?w=670&amp;h=414\"><\/p>\n\n\n\n<p>Com foco no cuidado das pessoas em situa\u00e7\u00e3o de vulnerabilidade em tratamento oncol\u00f3gico, Liga Feminina recebeu doa\u00e7\u00f5es para 30 fam\u00edlias &#8211; Loise Maria\/Governo do Tocantins&nbsp;<a href=\"https:\/\/central.to.gov.br\/image\/428235?f=1\" target=\"_blank\" rel=\"noreferrer noopener\"><em>file_download<\/em><\/a><\/p>\n","protected":false},"excerpt":{"rendered":"<p>Ap\u00f3s somar mais de 140 toneladas de alimentos arrecadados com o projeto&nbsp;Tocantins Alimenta Quem Precisa&nbsp;na Feira de Tecnologia Agropecu\u00e1ria do Tocantins (Agrotins 25 anos), o Governo do Tocantins, por meio da Secretaria Extraordin\u00e1ria de Participa\u00e7\u00f5es Sociais (Seps), iniciou, nessa segunda, 2, e ter\u00e7a-feira, 3,&nbsp; a entrega das doa\u00e7\u00f5es a projetos, institui\u00e7\u00f5es sociais e comunidades em [&hellip;]<\/p>\n","protected":false},"author":2,"featured_media":21954,"comment_status":"open","ping_status":"open","sticky":false,"template":"","format":"standard","meta":[],"categories":[3],"tags":[13],"_links":{"self":[{"href":"https:\/\/dgospel.com.br\/portal\/index.php\/wp-json\/wp\/v2\/posts\/21953"}],"collection":[{"href":"https:\/\/dgospel.com.br\/portal\/index.php\/wp-json\/wp\/v2\/posts"}],"about":[{"href":"https:\/\/dgospel.com.br\/portal\/index.php\/wp-json\/wp\/v2\/types\/post"}],"author":[{"embeddable":true,"href":"https:\/\/dgospel.com.br\/portal\/index.php\/wp-json\/wp\/v2\/users\/2"}],"replies":[{"embeddable":true,"href":"https:\/\/dgospel.com.br\/portal\/index.php\/wp-json\/wp\/v2\/comments?post=21953"}],"version-history":[{"count":1,"href":"https:\/\/dgospel.com.br\/portal\/index.php\/wp-json\/wp\/v2\/posts\/21953\/revisions"}],"predecessor-version":[{"id":21955,"href":"https:\/\/dgospel.com.br\/portal\/index.php\/wp-json\/wp\/v2\/posts\/21953\/revisions\/21955"}],"wp:featuredmedia":[{"embeddable":true,"href":"https:\/\/dgospel.com.br\/portal\/index.php\/wp-json\/wp\/v2\/media\/21954"}],"wp:attachment":[{"href":"https:\/\/dgospel.com.br\/portal\/index.php\/wp-json\/wp\/v2\/media?parent=21953"}],"wp:term":[{"taxonomy":"category","embeddable":true,"href":"https:\/\/dgospel.com.br\/portal\/index.php\/wp-json\/wp\/v2\/categories?post=21953"},{"taxonomy":"post_tag","embeddable":true,"href":"https:\/\/dgospel.com.br\/portal\/index.php\/wp-json\/wp\/v2\/tags?post=21953"}],"curies":[{"name":"wp","href":"https:\/\/api.w.org\/{rel}","templated":true}]}}