{"id":21956,"date":"2025-06-04T12:21:49","date_gmt":"2025-06-04T15:21:49","guid":{"rendered":"https:\/\/dgospel.com.br\/portal\/?p=21956"},"modified":"2025-06-04T12:21:50","modified_gmt":"2025-06-04T15:21:50","slug":"palmas-firma-parceria-para-implantar-primeiro-nucleo-de-tratamento-da-obesidade-do-brasil","status":"publish","type":"post","link":"https:\/\/dgospel.com.br\/portal\/index.php\/2025\/06\/04\/palmas-firma-parceria-para-implantar-primeiro-nucleo-de-tratamento-da-obesidade-do-brasil\/","title":{"rendered":"Palmas firma parceria para implantar primeiro N\u00facleo de Tratamento da Obesidade do Brasil"},"content":{"rendered":"\n<h4>Proposta \u00e9 oferecer, a partir de agosto, acompanhamento cont\u00ednuo com profissionais da sa\u00fade, al\u00e9m de contar com infraestrutura para acolher e acompanhar esses pacientes<\/h4>\n\n\n\n<p>A Prefeitura de Palmas deu um passo pioneiro no enfrentamento da obesidade no Brasil. Nesta ter\u00e7a-feira, 3, por meio da Secretaria Municipal da Sa\u00fade (Semus) oficializou a cria\u00e7\u00e3o do N\u00facleo de Tratamento da Obesidade de Palmas (Nutop), o primeiro servi\u00e7o p\u00fablico do pa\u00eds voltado exclusivamente ao cuidado integral de pessoas com obesidade. A iniciativa foi formalizada por meio de um termo de coopera\u00e7\u00e3o t\u00e9cnica firmado com a Associa\u00e7\u00e3o Brasileira para o Estudo da Obesidade e da S\u00edndrome Metab\u00f3lica (Abeso) e a Funda\u00e7\u00e3o Escola de Sa\u00fade P\u00fablica de Palmas (Fesp).<\/p>\n\n\n\n<p>Conforme a secret\u00e1ria municipal de Sa\u00fade, Dhieine Caminski, a estrutura\u00e7\u00e3o do Nutop est\u00e1 em andamento e a previs\u00e3o de in\u00edcio \u00e9 para agosto deste ano. \u201cA cria\u00e7\u00e3o do n\u00facleo mostra o compromisso de Palmas com uma sa\u00fade p\u00fablica mais inclusiva e sens\u00edvel \u00e0s necessidades da popula\u00e7\u00e3o. A constru\u00e7\u00e3o de uma sa\u00fade humanizada precisa englobar todos os pacientes. Fazer o primeiro N\u00facleo de Tratamento da Obesidade do Brasil \u00e9 mostrar que a gest\u00e3o municipal est\u00e1 comprometida com um cuidado que vai al\u00e9m do b\u00e1sico, que se preocupa com cada pessoa, com sua realidade e sua trajet\u00f3ria de sa\u00fade\u201d, afirmou.<\/p>\n\n\n\n<p>Dhieine complementa que a parceria com a Abeso defende que o servi\u00e7o siga protocolos atualizados, baseados na melhor evid\u00eancia cient\u00edfica, evidenciando o combate ao preconceito, \u00e0 desinforma\u00e7\u00e3o e ao estigma que ainda cercam a obesidade.<\/p>\n\n\n\n<p><strong>N\u00facleo<\/strong><\/p>\n\n\n\n<p>O Nutop funcionar\u00e1 como um servi\u00e7o de refer\u00eancia, pensado para atender de forma integral quem convive com a obesidade, condi\u00e7\u00e3o que cresce em todo o pa\u00eds e exige aten\u00e7\u00e3o espec\u00edfica dos sistemas p\u00fablicos de sa\u00fade. A proposta \u00e9 oferecer acompanhamento cont\u00ednuo, com uma equipe formada por endocrinologista, nutricionista, psic\u00f3logo, enfermeiro, al\u00e9m de contar com uma infraestrutura preparada para acolher e acompanhar esses pacientes ao longo do tratamento.<\/p>\n","protected":false},"excerpt":{"rendered":"<p>Proposta \u00e9 oferecer, a partir de agosto, acompanhamento cont\u00ednuo com profissionais da sa\u00fade, al\u00e9m de contar com infraestrutura para acolher e acompanhar esses pacientes A Prefeitura de Palmas deu um passo pioneiro no enfrentamento da obesidade no Brasil. Nesta ter\u00e7a-feira, 3, por meio da Secretaria Municipal da Sa\u00fade (Semus) oficializou a cria\u00e7\u00e3o do N\u00facleo de [&hellip;]<\/p>\n","protected":false},"author":2,"featured_media":21957,"comment_status":"open","ping_status":"open","sticky":false,"template":"","format":"standard","meta":[],"categories":[3],"tags":[13],"_links":{"self":[{"href":"https:\/\/dgospel.com.br\/portal\/index.php\/wp-json\/wp\/v2\/posts\/21956"}],"collection":[{"href":"https:\/\/dgospel.com.br\/portal\/index.php\/wp-json\/wp\/v2\/posts"}],"about":[{"href":"https:\/\/dgospel.com.br\/portal\/index.php\/wp-json\/wp\/v2\/types\/post"}],"author":[{"embeddable":true,"href":"https:\/\/dgospel.com.br\/portal\/index.php\/wp-json\/wp\/v2\/users\/2"}],"replies":[{"embeddable":true,"href":"https:\/\/dgospel.com.br\/portal\/index.php\/wp-json\/wp\/v2\/comments?post=21956"}],"version-history":[{"count":1,"href":"https:\/\/dgospel.com.br\/portal\/index.php\/wp-json\/wp\/v2\/posts\/21956\/revisions"}],"predecessor-version":[{"id":21958,"href":"https:\/\/dgospel.com.br\/portal\/index.php\/wp-json\/wp\/v2\/posts\/21956\/revisions\/21958"}],"wp:featuredmedia":[{"embeddable":true,"href":"https:\/\/dgospel.com.br\/portal\/index.php\/wp-json\/wp\/v2\/media\/21957"}],"wp:attachment":[{"href":"https:\/\/dgospel.com.br\/portal\/index.php\/wp-json\/wp\/v2\/media?parent=21956"}],"wp:term":[{"taxonomy":"category","embeddable":true,"href":"https:\/\/dgospel.com.br\/portal\/index.php\/wp-json\/wp\/v2\/categories?post=21956"},{"taxonomy":"post_tag","embeddable":true,"href":"https:\/\/dgospel.com.br\/portal\/index.php\/wp-json\/wp\/v2\/tags?post=21956"}],"curies":[{"name":"wp","href":"https:\/\/api.w.org\/{rel}","templated":true}]}}