{"id":2196,"date":"2019-01-04T10:06:43","date_gmt":"2019-01-04T12:06:43","guid":{"rendered":"http:\/\/dgospel.com.br\/portal\/?p=2196"},"modified":"2019-01-04T10:06:43","modified_gmt":"2019-01-04T12:06:43","slug":"valores-do-iptu-2019-de-palmas-poderao-ser-consultados-a-partir-do-fim-de-janeiro","status":"publish","type":"post","link":"https:\/\/dgospel.com.br\/portal\/index.php\/2019\/01\/04\/valores-do-iptu-2019-de-palmas-poderao-ser-consultados-a-partir-do-fim-de-janeiro\/","title":{"rendered":"Valores do IPTU 2019 de Palmas poder\u00e3o ser consultados a partir do fim de janeiro"},"content":{"rendered":"<p class=\"yiv4970360055MsoNormal\">Os valores do Imposto Predial e Territorial Urbano (IPTU) 2019 em Palmas ser\u00e3o disponibilizados para consulta dos contribuintes at\u00e9 o final deste m\u00eas de janeiro. O prazo \u00e9 necess\u00e1rio para garantir a atualiza\u00e7\u00e3o dos par\u00e2metros usados no sistema da Secretaria Municipal de Finan\u00e7as (Sefin) de acordo com as modifica\u00e7\u00f5es previstas na nova Planta de Valores Gen\u00e9ricos da Capital, em vig\u00eancia a partir de 1\u00ba de janeiro deste ano.<\/p>\n<p class=\"yiv4970360055MsoNormal\">O contribuinte que quer se planejar deve ter em mente que, ap\u00f3s a emiss\u00e3o dos boletos, o vencimento para pagamento em parcela \u00fanica do IPTU 2019 com direito a desconto de 10% est\u00e1 programado para 15 de mar\u00e7o de 2019. A data tamb\u00e9m ser\u00e1 considerada como o vencimento da primeira parcela dos boletos gerados para pagamento parcelado do imposto.<\/p>\n<p class=\"yiv4970360055MsoNormal\">Conforme adiantou o secret\u00e1rio executivo de Finan\u00e7as, Rog\u00e9rio Ramos, a parametriza\u00e7\u00e3o (atualiza\u00e7\u00e3o do sistema) considera tanto o valor venal, usado como base de c\u00e1lculo do imposto, como redutores e al\u00edquotas aplic\u00e1veis a cada caso. \u201cEst\u00e3o sendo retirados do IPTU progressivo todos os im\u00f3veis vagos com at\u00e9 5 mil metros quadrados. Tamb\u00e9m est\u00e3o sendo aplicados os descontos de at\u00e9 10% resultantes de convers\u00e3o de cr\u00e9ditos do Programa Nota Quente Palmense, de 10% por adimpl\u00eancia de impostos municipais no ano anterior e at\u00e9 80% pela\u00a0 ades\u00e3o ao programa Palmas Solar\u201d, detalha Ramos.<\/p>\n<p class=\"yiv4970360055MsoNormal\">A atualiza\u00e7\u00e3o considera ainda casos espec\u00edficos, como os cerca de 20 mil lotes que deixaram de ser classificados como glebas, ap\u00f3s abertura de loteamentos, e que passar\u00e3o a ter cobran\u00e7a individualizada do imposto. \u00c1reas rurais que passaram a ser classificadas como urbanas pela Lei Municipal n\u00ba 400\/2018, que garantiu a amplia\u00e7\u00e3o da \u00e1rea de urbaniza\u00e7\u00e3o da Capital, tamb\u00e9m est\u00e3o sendo inclu\u00eddas no sistema. \u201c\u00c9 um trabalho extenso e que tem toda nossa equipe empenhada em colaborar para garantir a conclus\u00e3o precisa em tempo h\u00e1bil\u201d, frisa Ramos.<\/p>\n","protected":false},"excerpt":{"rendered":"<p>Os valores do Imposto Predial e Territorial Urbano (IPTU) 2019 em Palmas ser\u00e3o disponibilizados para consulta dos contribuintes at\u00e9 o final deste m\u00eas de janeiro. O prazo \u00e9 necess\u00e1rio para garantir a atualiza\u00e7\u00e3o dos par\u00e2metros usados no sistema da Secretaria Municipal de Finan\u00e7as (Sefin) de acordo com as modifica\u00e7\u00f5es previstas na nova Planta de Valores [&hellip;]<\/p>\n","protected":false},"author":2,"featured_media":2197,"comment_status":"open","ping_status":"open","sticky":false,"template":"","format":"standard","meta":[],"categories":[2,3],"tags":[],"_links":{"self":[{"href":"https:\/\/dgospel.com.br\/portal\/index.php\/wp-json\/wp\/v2\/posts\/2196"}],"collection":[{"href":"https:\/\/dgospel.com.br\/portal\/index.php\/wp-json\/wp\/v2\/posts"}],"about":[{"href":"https:\/\/dgospel.com.br\/portal\/index.php\/wp-json\/wp\/v2\/types\/post"}],"author":[{"embeddable":true,"href":"https:\/\/dgospel.com.br\/portal\/index.php\/wp-json\/wp\/v2\/users\/2"}],"replies":[{"embeddable":true,"href":"https:\/\/dgospel.com.br\/portal\/index.php\/wp-json\/wp\/v2\/comments?post=2196"}],"version-history":[{"count":1,"href":"https:\/\/dgospel.com.br\/portal\/index.php\/wp-json\/wp\/v2\/posts\/2196\/revisions"}],"predecessor-version":[{"id":2198,"href":"https:\/\/dgospel.com.br\/portal\/index.php\/wp-json\/wp\/v2\/posts\/2196\/revisions\/2198"}],"wp:featuredmedia":[{"embeddable":true,"href":"https:\/\/dgospel.com.br\/portal\/index.php\/wp-json\/wp\/v2\/media\/2197"}],"wp:attachment":[{"href":"https:\/\/dgospel.com.br\/portal\/index.php\/wp-json\/wp\/v2\/media?parent=2196"}],"wp:term":[{"taxonomy":"category","embeddable":true,"href":"https:\/\/dgospel.com.br\/portal\/index.php\/wp-json\/wp\/v2\/categories?post=2196"},{"taxonomy":"post_tag","embeddable":true,"href":"https:\/\/dgospel.com.br\/portal\/index.php\/wp-json\/wp\/v2\/tags?post=2196"}],"curies":[{"name":"wp","href":"https:\/\/api.w.org\/{rel}","templated":true}]}}