{"id":21962,"date":"2025-06-04T12:29:29","date_gmt":"2025-06-04T15:29:29","guid":{"rendered":"https:\/\/dgospel.com.br\/portal\/?p=21962"},"modified":"2025-06-04T12:29:30","modified_gmt":"2025-06-04T15:29:30","slug":"capacitacao-em-seguranca-e-protecao-de-autoridades-reforca-formacao-tecnica-e-estrategica-da-casa-militar-do-tocantins","status":"publish","type":"post","link":"https:\/\/dgospel.com.br\/portal\/index.php\/2025\/06\/04\/capacitacao-em-seguranca-e-protecao-de-autoridades-reforca-formacao-tecnica-e-estrategica-da-casa-militar-do-tocantins\/","title":{"rendered":"Capacita\u00e7\u00e3o em seguran\u00e7a e prote\u00e7\u00e3o de autoridades refor\u00e7a forma\u00e7\u00e3o t\u00e9cnica e estrat\u00e9gica da Casa Militar do Tocantins"},"content":{"rendered":"\n<p>Seis integrantes da Casa Militar do Tocantins participaram, entre os dias 23 de abril e 3 de junho, em Bras\u00edlia\/DF, da 7\u00aa edi\u00e7\u00e3o do Curso de Seguran\u00e7a e Prote\u00e7\u00e3o de Autoridades (CSPA), promovido pela For\u00e7a Nacional.&nbsp;<\/p>\n\n\n\n<p>Com carga hor\u00e1ria de 325 horas-aula, o curso abordou disciplinas fundamentais para a atua\u00e7\u00e3o na seguran\u00e7a de autoridades, como: planejamento estrat\u00e9gico, salvamento aqu\u00e1tico, Atendimento Pr\u00e9-Hospitalar (APH) t\u00e1tico, t\u00e9cnicas e t\u00e1ticas de prote\u00e7\u00e3o de autoridades, dire\u00e7\u00e3o veicular, detec\u00e7\u00e3o de amea\u00e7as, varredura, defesa pessoal e educa\u00e7\u00e3o f\u00edsica.<\/p>\n\n\n\n<p>A cerim\u00f4nia de encerramento ocorreu nessa ter\u00e7a-feira, 3, e contou com a presen\u00e7a do secret\u00e1rio-chefe da Casa Militar do Tocantins, coronel PM Wander Araujo Vieira, que destacou a import\u00e2ncia do investimento na capacita\u00e7\u00e3o dos militares. \u201cA qualifica\u00e7\u00e3o continuada \u00e9 fundamental para garantir um servi\u00e7o p\u00fablico de excel\u00eancia, com mais preparo t\u00e9cnico e estrat\u00e9gico\u201d, enfatizou.&nbsp;<\/p>\n\n\n\n<p>O tenente PM Elson Nunes, um dos militares do Tocantins que participou do curso,&nbsp;ressaltou o alto n\u00edvel da forma\u00e7\u00e3o. \u201cEsta experi\u00eancia elevou nosso preparo a outro patamar. Cada m\u00f3dulo exigiu o m\u00e1ximo das nossas capacidades f\u00edsica, t\u00e9cnica e emocional, refletindo o grau de comprometimento necess\u00e1rio para atuar na seguran\u00e7a de autoridades em qualquer cen\u00e1rio\u201d, salientou.&nbsp;<\/p>\n\n\n\n<p>O CSPA reuniu 23 alunos de diversos estados brasileiros como o Tocantins, Maranh\u00e3o, Goi\u00e1s, Bahia, Amazonas, Cear\u00e1, Para\u00edba, Mato Grosso do Sul, Mato Grosso, Sergipe, Paran\u00e1, Rio Grande do Sul, Alagoas e Rio de Janeiro. Essa diversidade regional proporcionou um rico interc\u00e2mbio de experi\u00eancias, ampliando a vis\u00e3o sobre as diferentes realidades do pa\u00eds.<\/p>\n\n\n\n<p><img src=\"https:\/\/central.to.gov.br\/image\/428297?w=670&amp;h=414\"><\/p>\n\n\n\n<p>Curso abordou disciplinas fundamentais para a atua\u00e7\u00e3o na seguran\u00e7a de autoridades, como a de defesa pessoal &#8211; Casa Militar\/Governo do Tocantins&nbsp;<a href=\"https:\/\/central.to.gov.br\/image\/428297?f=1\" target=\"_blank\" rel=\"noreferrer noopener\"><em>file_download<\/em><\/a><\/p>\n\n\n\n<p><img src=\"https:\/\/central.to.gov.br\/image\/428295?w=670&amp;h=414\"><\/p>\n\n\n\n<p>Simula\u00e7\u00f5es de pr\u00e1tica de dire\u00e7\u00e3o segura para a prote\u00e7\u00e3o de autoridades em situa\u00e7\u00f5es de risco &#8211; Casa Militar\/Governo do Tocantins&nbsp;<a href=\"https:\/\/central.to.gov.br\/image\/428295?f=1\" target=\"_blank\" rel=\"noreferrer noopener\"><em>file_download<\/em><\/a><\/p>\n\n\n\n<p><img src=\"https:\/\/central.to.gov.br\/image\/428296?w=670&amp;h=414\"><\/p>\n\n\n\n<p>A cerim\u00f4nia de encerramento do curso ocorreu nessa ter\u00e7a-feira, 3, e contou com a presen\u00e7a do secret\u00e1rio-chefe da Casa Militar do Tocantins (ao centro), coronel PM Wander Araujo Vieira &#8211; Casa Militar\/Governo do Tocantins&nbsp;<a href=\"https:\/\/central.to.gov.br\/image\/428296?f=1\" target=\"_blank\" rel=\"noreferrer noopener\"><em>file_download<\/em><\/a><a href=\"javascript:\"><em>keyboard_arrow_up<\/em><\/a><\/p>\n","protected":false},"excerpt":{"rendered":"<p>Seis integrantes da Casa Militar do Tocantins participaram, entre os dias 23 de abril e 3 de junho, em Bras\u00edlia\/DF, da 7\u00aa edi\u00e7\u00e3o do Curso de Seguran\u00e7a e Prote\u00e7\u00e3o de Autoridades (CSPA), promovido pela For\u00e7a Nacional.&nbsp; Com carga hor\u00e1ria de 325 horas-aula, o curso abordou disciplinas fundamentais para a atua\u00e7\u00e3o na seguran\u00e7a de autoridades, como: [&hellip;]<\/p>\n","protected":false},"author":2,"featured_media":21963,"comment_status":"open","ping_status":"open","sticky":false,"template":"","format":"standard","meta":[],"categories":[3],"tags":[13],"_links":{"self":[{"href":"https:\/\/dgospel.com.br\/portal\/index.php\/wp-json\/wp\/v2\/posts\/21962"}],"collection":[{"href":"https:\/\/dgospel.com.br\/portal\/index.php\/wp-json\/wp\/v2\/posts"}],"about":[{"href":"https:\/\/dgospel.com.br\/portal\/index.php\/wp-json\/wp\/v2\/types\/post"}],"author":[{"embeddable":true,"href":"https:\/\/dgospel.com.br\/portal\/index.php\/wp-json\/wp\/v2\/users\/2"}],"replies":[{"embeddable":true,"href":"https:\/\/dgospel.com.br\/portal\/index.php\/wp-json\/wp\/v2\/comments?post=21962"}],"version-history":[{"count":1,"href":"https:\/\/dgospel.com.br\/portal\/index.php\/wp-json\/wp\/v2\/posts\/21962\/revisions"}],"predecessor-version":[{"id":21964,"href":"https:\/\/dgospel.com.br\/portal\/index.php\/wp-json\/wp\/v2\/posts\/21962\/revisions\/21964"}],"wp:featuredmedia":[{"embeddable":true,"href":"https:\/\/dgospel.com.br\/portal\/index.php\/wp-json\/wp\/v2\/media\/21963"}],"wp:attachment":[{"href":"https:\/\/dgospel.com.br\/portal\/index.php\/wp-json\/wp\/v2\/media?parent=21962"}],"wp:term":[{"taxonomy":"category","embeddable":true,"href":"https:\/\/dgospel.com.br\/portal\/index.php\/wp-json\/wp\/v2\/categories?post=21962"},{"taxonomy":"post_tag","embeddable":true,"href":"https:\/\/dgospel.com.br\/portal\/index.php\/wp-json\/wp\/v2\/tags?post=21962"}],"curies":[{"name":"wp","href":"https:\/\/api.w.org\/{rel}","templated":true}]}}