{"id":21965,"date":"2025-06-07T09:34:38","date_gmt":"2025-06-07T12:34:38","guid":{"rendered":"https:\/\/dgospel.com.br\/portal\/?p=21965"},"modified":"2025-06-07T10:03:38","modified_gmt":"2025-06-07T13:03:38","slug":"evangelicos-triplicam-presenca-em-30-anos-aponta-censo","status":"publish","type":"post","link":"https:\/\/dgospel.com.br\/portal\/index.php\/2025\/06\/07\/evangelicos-triplicam-presenca-em-30-anos-aponta-censo\/","title":{"rendered":"Crescimento dos evang\u00e9licos triplicam em 30 anos, aponta Censo"},"content":{"rendered":"\n<p>O grupo evang\u00e9lico chegou a 26,9% da popula\u00e7\u00e3o brasileira com 10 anos ou mais em 2022, segundo o Censo Demogr\u00e1fico do IBGE divulgados nesta sexta-feira (6). O dado representa um salto expressivo em rela\u00e7\u00e3o aos 9% registrados em 1991.<\/p>\n\n\n\n<p>O avan\u00e7o dos evang\u00e9licos tem sido cont\u00ednuo ao longo das \u00faltimas d\u00e9cadas. Em 2000, j\u00e1 representavam 15,1% da popula\u00e7\u00e3o. Em 2010, subiram para 21,6%. Agora, ultrapassam um quarto do pa\u00eds.<\/p>\n\n\n\n<p>Desta forma, o evangelicalismo \u00e9 a \u00fanica religi\u00e3o que cresce de forma constante desde a d\u00e9cada de 1940, quando tinham apenas 2,7% dos fi\u00e9is.<\/p>\n\n\n\n<p>Esse crescimento ocorre de forma inversamente proporcional \u00e0 queda do catolicismo, que historicamente era dominante. Em 1872, os cat\u00f3licos representavam 99,7% dos brasileiros. Em 2022, esse n\u00famero caiu para 56,7%. A maior queda foi registrada entre 2010 e 2022, quando perderam quase 9 pontos percentuais.<\/p>\n\n\n\n<p>Outros grupos religiosos aparecem com percentuais menores. Os esp\u00edritas representam 1,8% da popula\u00e7\u00e3o, as religi\u00f5es afro-brasileiras (como umbanda e candombl\u00e9) 1%, e os que se declaram sem religi\u00e3o somam 9,3%, mais do que o dobro do que era em 2000 (3,6%).<\/p>\n\n\n\n<p><strong>Confira:<\/strong><\/p>\n\n\n\n<figure class=\"wp-block-image\"><img src=\"https:\/\/static.cdn.pleno.news\/2025\/06\/censo22-religiao-DISTRIBUICAO-733x1024.png\" alt=\"\" class=\"wp-image-1516090\"\/><figcaption>Fonte: IBGE<\/figcaption><\/figure>\n","protected":false},"excerpt":{"rendered":"<p>O grupo evang\u00e9lico chegou a 26,9% da popula\u00e7\u00e3o brasileira com 10 anos ou mais em 2022, segundo o Censo Demogr\u00e1fico do IBGE divulgados nesta sexta-feira (6). O dado representa um salto expressivo em rela\u00e7\u00e3o aos 9% registrados em 1991. O avan\u00e7o dos evang\u00e9licos tem sido cont\u00ednuo ao longo das \u00faltimas d\u00e9cadas. Em 2000, j\u00e1 representavam [&hellip;]<\/p>\n","protected":false},"author":2,"featured_media":21966,"comment_status":"open","ping_status":"open","sticky":false,"template":"","format":"standard","meta":[],"categories":[12,5],"tags":[],"_links":{"self":[{"href":"https:\/\/dgospel.com.br\/portal\/index.php\/wp-json\/wp\/v2\/posts\/21965"}],"collection":[{"href":"https:\/\/dgospel.com.br\/portal\/index.php\/wp-json\/wp\/v2\/posts"}],"about":[{"href":"https:\/\/dgospel.com.br\/portal\/index.php\/wp-json\/wp\/v2\/types\/post"}],"author":[{"embeddable":true,"href":"https:\/\/dgospel.com.br\/portal\/index.php\/wp-json\/wp\/v2\/users\/2"}],"replies":[{"embeddable":true,"href":"https:\/\/dgospel.com.br\/portal\/index.php\/wp-json\/wp\/v2\/comments?post=21965"}],"version-history":[{"count":2,"href":"https:\/\/dgospel.com.br\/portal\/index.php\/wp-json\/wp\/v2\/posts\/21965\/revisions"}],"predecessor-version":[{"id":21974,"href":"https:\/\/dgospel.com.br\/portal\/index.php\/wp-json\/wp\/v2\/posts\/21965\/revisions\/21974"}],"wp:featuredmedia":[{"embeddable":true,"href":"https:\/\/dgospel.com.br\/portal\/index.php\/wp-json\/wp\/v2\/media\/21966"}],"wp:attachment":[{"href":"https:\/\/dgospel.com.br\/portal\/index.php\/wp-json\/wp\/v2\/media?parent=21965"}],"wp:term":[{"taxonomy":"category","embeddable":true,"href":"https:\/\/dgospel.com.br\/portal\/index.php\/wp-json\/wp\/v2\/categories?post=21965"},{"taxonomy":"post_tag","embeddable":true,"href":"https:\/\/dgospel.com.br\/portal\/index.php\/wp-json\/wp\/v2\/tags?post=21965"}],"curies":[{"name":"wp","href":"https:\/\/api.w.org\/{rel}","templated":true}]}}